{"id":16533,"date":"2024-06-28T11:53:34","date_gmt":"2024-06-28T11:53:34","guid":{"rendered":"https:\/\/www.lifescienceart.com\/?p=16533"},"modified":"2024-06-28T11:53:34","modified_gmt":"2024-06-28T11:53:34","slug":"nazi-rally-at-madison-square-garden-in-1939-a-troubling-reminder-of-the-past","status":"publish","type":"post","link":"https:\/\/www.lifescienceart.com\/pl\/uncategorized\/nazi-rally-at-madison-square-garden-in-1939-a-troubling-reminder-of-the-past\/","title":{"rendered":"Nazistowska manifestacja w Madison Square Garden \u2013 niepokoj\u0105ce przypomnienie przesz\u0142o\u015bci"},"content":{"rendered":"<h2 class=\"wp-block-heading\">Nazistowska manifestacja w Madison Square Garden w 1939 roku: niepokoj\u0105cy przypominacz przesz\u0142o\u015bci<\/h2>\n\n<p>W urodziny George&#8217;a Washingtona w 1939 roku w Madison Square Garden w Nowym Jorku odby\u0142 si\u0119 wielki wiec nazistowski. Manifestacj\u0119, zorganizowan\u0105 przez prohitlerowsk\u0105 organizacj\u0119 German-American Bund, zgromadzi\u0142a t\u0142um 20 000 ludzi.<\/p>\n\n<p>Podczas wiecu wyg\u0142aszali przem\u00f3wienia przyw\u00f3dcy nazistowscy, w tym Fritz Kuhn, kt\u00f3ry w\u015bciekle atakowa\u0142 \u201ekontrolowane przez \u017cyd\u00f3w media\u201d i wezwa\u0142 do zwr\u00f3cenia Stan\u00f3w Zjednoczonych bia\u0142ym chrze\u015bcijanom, kt\u00f3rzy za\u0142o\u017cyli nar\u00f3d. Na wiecu wykonano r\u00f3wnie\u017c nazistowskie pozdrowienia i od\u015bpiewano hymn narodowy.<\/p>\n\n<p>Jeden z uczestnik\u00f3w, 26-letni pomocnik hydraulika o nazwisku Isadore Greenbaum, wbieg\u0142 na scen\u0119 i krzykn\u0105\u0142 \u201ePrecz z Hitlerem!\u201d. Zosta\u0142 pobity przez stra\u017cnik\u00f3w Buntu i aresztowany za zak\u0142\u00f3canie porz\u0105dku publicznego.<\/p>\n\n<p>Manifestacja spotka\u0142a si\u0119 z powszechnym pot\u0119pieniem, w tym z kontrmanifestacj\u0105 w Carnegie Hall, kt\u00f3ra zgromadzi\u0142a 3500 os\u00f3b. Burmistrz Nowego Jorku Fiorello La Guardia nazwa\u0142 wiec Buntu \u201ewystaw\u0105 mi\u0119dzynarodowych wszy\u201d.<\/p>\n\n<p>Liga Germano-Ameryka\u0144ska zosta\u0142a za\u0142o\u017cona w 1936 roku przez zwolennik\u00f3w nazizmu, etnicznych Niemc\u00f3w mieszkaj\u0105cych w Stanach Zjednoczonych. Organizacja liczy\u0142a oko\u0142o 25 000 cz\u0142onk\u00f3w p\u0142ac\u0105cych sk\u0142adki, w tym oko\u0142o 8000 umundurowanych \u017co\u0142nierzy szturmowych.<\/p>\n\n<p>W 1939 roku Kuhn zosta\u0142 oskar\u017cony o malwersacje, uwi\u0119ziony i pozbawiony obywatelstwa. Skonfiskowano wiele aktyw\u00f3w Buntu. Bez przyw\u00f3dztwa Bund si\u0119 rozpad\u0142.<\/p>\n\n<p>Manifestacja w Madison Square Garden jest przypomnieniem niebezpiecze\u0144stw zwi\u0105zanych z demagogi\u0105 i znaczenia sprzeciwu wobec nienawi\u015bci i nietolerancji. Taktyki stosowane przez nazist\u00f3w w latach 30. XX wieku to te same taktyki, kt\u00f3re s\u0105 dzi\u015b stosowane przez zwolennik\u00f3w bia\u0142ej supremacji i inne grupy nienawi\u015bci.<\/p>\n\n<h2 class=\"wp-block-heading\">Znaczenie manifestacji w Madison Square Garden<\/h2>\n\n<p>Manifestacja w Madison Square Garden by\u0142a wa\u017cnym wydarzeniem z kilku powod\u00f3w.<\/p>\n\n<p>Po pierwsze, pokaza\u0142o, \u017ce nazistowska ideologia zakorzeni\u0142a si\u0119 w Stanach Zjednoczonych. Na wiecu pojawi\u0142 si\u0119 t\u0142um zwolennik\u00f3w i by\u0142o jasne, \u017ce wielu Amerykan\u00f3w sympatyzuje z nazistowsk\u0105 mow\u0105 nienawi\u015bci i nietolerancji.<\/p>\n\n<p>Po drugie, manifestacja pokaza\u0142a, w jaki spos\u00f3b nazi\u015bci u\u017cywali ameryka\u0144skich symboli do sprzeda\u017cy swojej ideologii. Na wiecu pojawi\u0142y si\u0119 wizerunki George\u2019a Washingtona i ameryka\u0144skiej flagi, a nazi\u015bci twierdzili, \u017ce s\u0105 prawdziwymi patriotami, kt\u00f3rzy walcz\u0105 o ochron\u0119 Stan\u00f3w Zjednoczonych przed ich wrogami.<\/p>\n\n<p>Po trzecie, manifestacja pokaza\u0142a niebezpiecze\u0144stwa zwi\u0105zane z samozadowoleniem. Wielu Amerykan\u00f3w by\u0142o \u015bwiadomych nazistowskiego zagro\u017cenia, ale nie traktowa\u0142o go wystarczaj\u0105co powa\u017cnie. Wierzyli, \u017ce nazi\u015bci nigdy nie przejm\u0105 w\u0142adzy w Stanach Zjednoczonych.<\/p>\n\n<p>Manifestacja w Madison Square Garden by\u0142a dla Amerykan\u00f3w sygna\u0142em ostrzegawczym. Pokaza\u0142o, \u017ce zagro\u017cenie nazistowskie jest realne i nie mo\u017cna go ignorowa\u0107.<\/p>\n\n<h2 class=\"wp-block-heading\">Dziedzictwo manifestacji w Madison Square Garden<\/h2>\n\n<p>Manifestacja w Madison Square Garden mia\u0142a trwa\u0142y wp\u0142yw na histori\u0119 Ameryki. Przyczyni\u0142o si\u0119 to do zwi\u0119kszenia \u015bwiadomo\u015bci na temat zagro\u017cenia nazistowskiego i doprowadzi\u0142o do wzrostu poparcia dla sprawy alianckiej w II wojnie \u015bwiatowej.<\/p>\n\n<p>Jednak manifestacja pokaza\u0142a r\u00f3wnie\u017c, \u017ce rasizm i nietolerancja by\u0142y g\u0142\u0119boko zakorzenione w ameryka\u0144skim spo\u0142ecze\u0144stwie. Dziedzictwo manifestacji mo\u017cna dostrzec we wzro\u015bcie bia\u0142ej supremacji i innych grup nienawi\u015bci w dzisiejszych Stanach Zjednoczonych.<\/p>\n\n<p>Manifestacja w Madison Square Garden jest przypomnieniem, \u017ce walka z nienawi\u015bci\u0105 i nietolerancj\u0105 nigdy si\u0119 nie ko\u0144czy. Musimy by\u0107 zawsze czujni wobec tych, kt\u00f3rzy pr\u00f3buj\u0105 nas podzieli\u0107 i zniszczy\u0107 nasz\u0105 demokracj\u0119.<\/p>","protected":false},"excerpt":{"rendered":"<p>Nazistowska manifestacja w Madison Square Garden w 1939 roku: niepokoj\u0105cy przypominacz przesz\u0142o\u015bci W urodziny George&#8217;a Washingtona w 1939 roku w Madison Square Garden w Nowym Jorku odby\u0142 si\u0119 wielki wiec&hellip;<\/p>\n","protected":false},"author":1,"featured_media":23764,"comment_status":"closed","ping_status":"closed","sticky":false,"template":"","format":"standard","meta":{"footnotes":""},"categories":[1],"tags":[21893,1996,21894,27,21895,21892,21891],"class_list":["post-16533","post","type-post","status-publish","format-standard","has-post-thumbnail","hentry","category-uncategorized","tag-21893","tag-white-supremacy","tag-hate","tag-history","tag-intolerance","tag-madison-square-garden","tag-nazi-rally"],"_links":{"self":[{"href":"https:\/\/www.lifescienceart.com\/pl\/wp-json\/wp\/v2\/posts\/16533","targetHints":{"allow":["GET"]}}],"collection":[{"href":"https:\/\/www.lifescienceart.com\/pl\/wp-json\/wp\/v2\/posts"}],"about":[{"href":"https:\/\/www.lifescienceart.com\/pl\/wp-json\/wp\/v2\/types\/post"}],"author":[{"embeddable":true,"href":"https:\/\/www.lifescienceart.com\/pl\/wp-json\/wp\/v2\/users\/1"}],"replies":[{"embeddable":true,"href":"https:\/\/www.lifescienceart.com\/pl\/wp-json\/wp\/v2\/comments?post=16533"}],"version-history":[{"count":1,"href":"https:\/\/www.lifescienceart.com\/pl\/wp-json\/wp\/v2\/posts\/16533\/revisions"}],"predecessor-version":[{"id":16534,"href":"https:\/\/www.lifescienceart.com\/pl\/wp-json\/wp\/v2\/posts\/16533\/revisions\/16534"}],"wp:featuredmedia":[{"embeddable":true,"href":"https:\/\/www.lifescienceart.com\/pl\/wp-json\/wp\/v2\/media\/23764"}],"wp:attachment":[{"href":"https:\/\/www.lifescienceart.com\/pl\/wp-json\/wp\/v2\/media?parent=16533"}],"wp:term":[{"taxonomy":"category","embeddable":true,"href":"https:\/\/www.lifescienceart.com\/pl\/wp-json\/wp\/v2\/categories?post=16533"},{"taxonomy":"post_tag","embeddable":true,"href":"https:\/\/www.lifescienceart.com\/pl\/wp-json\/wp\/v2\/tags?post=16533"}],"curies":[{"name":"wp","href":"https:\/\/api.w.org\/{rel}","templated":true}]}}