{"id":17050,"date":"2024-09-13T03:33:28","date_gmt":"2024-09-13T03:33:28","guid":{"rendered":"https:\/\/www.lifescienceart.com\/?p=17050"},"modified":"2024-09-13T03:33:28","modified_gmt":"2024-09-13T03:33:28","slug":"the-architecture-of-memory","status":"publish","type":"post","link":"https:\/\/www.lifescienceart.com\/pl\/science\/cognitive-science\/the-architecture-of-memory\/","title":{"rendered":"Architektura pami\u0119ci: zaskakuj\u0105ca zale\u017cno\u015b\u0107 mi\u0119dzy cia\u0142em, budynkami a wspomnieniami"},"content":{"rendered":"<h2 class=\"wp-block-heading\">Architektura pami\u0119ci<\/h2>\n\n<h2 class=\"wp-block-heading\">Zwi\u0105zek umys\u0142u i cia\u0142a w pami\u0119ci<\/h2>\n\n<p>Tradycyjnie pami\u0119\u0107 by\u0142a postrzegana jako czysto umys\u0142owy proces. Jednak najnowsze badania sugeruj\u0105, \u017ce nasze cia\u0142a i otoczenie odgrywaj\u0105 znacz\u0105c\u0105 rol\u0119 w naszej zdolno\u015bci do zapami\u0119tywania.<\/p>\n\n<h2 class=\"wp-block-heading\">Pa\u0142ac pami\u0119ci: przestrzenne narz\u0119dzie mnemotechniczne<\/h2>\n\n<p>Pa\u0142ac pami\u0119ci, znany r\u00f3wnie\u017c jako pa\u0142ac pami\u0119ci lub metoda loci, to narz\u0119dzie mnemotechniczne, kt\u00f3re wykorzystuje moc pami\u0119ci przestrzennej. Kojarz\u0105c elementy do zapami\u0119tania z okre\u015blonymi lokalizacjami w znanym miejscu, jednostki mog\u0105 stworzy\u0107 \u017cyw\u0105 i zapadaj\u0105c\u0105 w pami\u0119\u0107 reprezentacj\u0119 mentaln\u0105 informacji.<\/p>\n\n<h2 class=\"wp-block-heading\">Znaczenie miejsca w pami\u0119ci<\/h2>\n\n<p>Filozof Edward S. Casey definiuje \u201emiejsce\u201d jako lokalizacj\u0119 fizyczn\u0105, kt\u00f3ra zawiera i przechowuje wspomnienia. W przeciwie\u0144stwie do og\u00f3lnego \u201emiejsca\u201d, miejsce posiada unikalne cechy i wyra\u017ane granice, kt\u00f3re pozwalaj\u0105 nam wi\u0105za\u0107 z nim wspomnienia.<\/p>\n\n<h2 class=\"wp-block-heading\">Rola budynk\u00f3w w tworzeniu miejsc<\/h2>\n\n<p>Z architektonicznego punktu widzenia przekszta\u0142cenie przestrzeni w miejsce jest procesem dwukierunkowym. Wzniesienie struktury zapewnia fizyczn\u0105 ram\u0119 dla wspomnie\u0144, kt\u00f3re maj\u0105 by\u0107 przechowywane, podczas gdy gromadzenie wspomnie\u0144 nadaje strukturze poczucie miejsca.<\/p>\n\n<h2 class=\"wp-block-heading\">Uciele\u015bniona pami\u0119\u0107<\/h2>\n\n<p>Fi\u0144ski profesor architektury Juhani Pallasmaa twierdzi, \u017ce ludzka pami\u0119\u0107 nie jest wy\u0142\u0105cznie m\u00f3zgowa, ale r\u00f3wnie\u017c uciele\u015bniona w naszych cia\u0142ach. Nasze fizyczne do\u015bwiadczenia, emocje i reakcje przyczyniaj\u0105 si\u0119 do powstawania i odzyskiwania wspomnie\u0144.<\/p>\n\n<h2 class=\"wp-block-heading\">Architektoniczne zasady pami\u0119ci<\/h2>\n\n<p>Dobre miejsca s\u0105 zaprojektowane tak, aby przyci\u0105ga\u0107 i przechowywa\u0107 wspomnienia. Cz\u0119sto charakteryzuj\u0105 si\u0119:<\/p>\n\n<ul class=\"wp-block-list\">\n<li>Wyr\u00f3\u017cniaj\u0105cymi cechami, kt\u00f3re czyni\u0105 je zapadaj\u0105cymi w pami\u0119\u0107<\/li>\n<li>Sp\u00f3jn\u0105 struktur\u0105, kt\u00f3ra u\u0142atwia nawigacj\u0119<\/li>\n<li>Poczuciem zamkni\u0119cia i przynale\u017cno\u015bci<\/li>\n<\/ul>\n\n<h2 class=\"wp-block-heading\">Zastosowanie zasad w konstrukcji pa\u0142acu pami\u0119ci<\/h2>\n\n<p>Tworz\u0105c pa\u0142ac pami\u0119ci, wa\u017cne jest, aby przesadzi\u0107 i zniekszta\u0142ci\u0107 cechy znanego miejsca, aby uczyni\u0107 je bardziej zapadaj\u0105cym w pami\u0119\u0107. Ten proces anga\u017cuje nasze emocje i reakcje, co dodatkowo wzmacnia skojarzenia pami\u0119ciowe.<\/p>\n\n<h2 class=\"wp-block-heading\">Korzy\u015bci z rozumienia architektury pami\u0119ci<\/h2>\n\n<p>Zrozumienie roli cia\u0142a i otoczenia w pami\u0119ci mo\u017ce nam pom\u00f3c:<\/p>\n\n<ul class=\"wp-block-list\">\n<li>Udoskonali\u0107 nasze techniki zapami\u0119tywania<\/li>\n<li>Projektowa\u0107 przestrzenie, kt\u00f3re sprzyjaj\u0105 pami\u0119ci i dobremu samopoczuciu<\/li>\n<li>Zdoby\u0107 wgl\u0105d w natur\u0119 samej pami\u0119ci<\/li>\n<\/ul>\n\n<h2 class=\"wp-block-heading\">Studia przypadk\u00f3w: Sherlock Holmes i Joshua Foer<\/h2>\n\n<ul class=\"wp-block-list\">\n<li><strong>Sherlock Holmes:<\/strong> Przestronna pami\u0119\u0107 s\u0142ynnego detektywa by\u0142a przypisywana jego stosowaniu techniki pa\u0142acu pami\u0119ci. Poprzez mentaln\u0105 rekonstrukcj\u0119 scen zbrodni by\u0142 w stanie rozwi\u0105zywa\u0107 zagadki z niezwyk\u0142\u0105 dok\u0142adno\u015bci\u0105.<\/li>\n<li><strong>Joshua Foer:<\/strong> Foer trenowa\u0142 i wygra\u0142 mistrzostwa USA w pami\u0119ci, u\u017cywaj\u0105c techniki pa\u0142acu pami\u0119ci. Zapami\u0119tywa\u0142 d\u0142ugie listy s\u0142\u00f3w i obiekt\u00f3w, kojarz\u0105c je z \u017cywymi i przesadzonymi cechami swojego domu z dzieci\u0144stwa.<\/li>\n<\/ul>\n\n<h2 class=\"wp-block-heading\">Wniosek<\/h2>\n\n<p>Architektura pami\u0119ci to fascynuj\u0105ce i z\u0142o\u017cone pole bada\u0144. Zrozumienie wzajemnego oddzia\u0142ywania mi\u0119dzy naszymi cia\u0142ami, naszymi budynkami i naszymi wspomnieniami mo\u017ce otworzy\u0107 nowe mo\u017cliwo\u015bci zwi\u0119kszania naszych zdolno\u015bci poznawczych i tworzenia przestrzeni, kt\u00f3re wspieraj\u0105 nasze dobre samopoczucie.<\/p>","protected":false},"excerpt":{"rendered":"<p>Architektura pami\u0119ci Zwi\u0105zek umys\u0142u i cia\u0142a w pami\u0119ci Tradycyjnie pami\u0119\u0107 by\u0142a postrzegana jako czysto umys\u0142owy proces. Jednak najnowsze badania sugeruj\u0105, \u017ce nasze cia\u0142a i otoczenie odgrywaj\u0105 znacz\u0105c\u0105 rol\u0119 w naszej&hellip;<\/p>\n","protected":false},"author":2,"featured_media":24323,"comment_status":"closed","ping_status":"closed","sticky":false,"template":"","format":"standard","meta":{"footnotes":""},"categories":[1222],"tags":[297,2971,2307,22502,22503,2508,1579,539,22504],"class_list":["post-17050","post","type-post","status-publish","format-standard","has-post-thumbnail","hentry","category-cognitive-science","tag-architecture","tag-built-environment","tag-human-body","tag-embodiment","tag-mind-palace","tag-cognitive-science","tag-neuroscience","tag-memory","tag-spatial-recall"],"_links":{"self":[{"href":"https:\/\/www.lifescienceart.com\/pl\/wp-json\/wp\/v2\/posts\/17050","targetHints":{"allow":["GET"]}}],"collection":[{"href":"https:\/\/www.lifescienceart.com\/pl\/wp-json\/wp\/v2\/posts"}],"about":[{"href":"https:\/\/www.lifescienceart.com\/pl\/wp-json\/wp\/v2\/types\/post"}],"author":[{"embeddable":true,"href":"https:\/\/www.lifescienceart.com\/pl\/wp-json\/wp\/v2\/users\/2"}],"replies":[{"embeddable":true,"href":"https:\/\/www.lifescienceart.com\/pl\/wp-json\/wp\/v2\/comments?post=17050"}],"version-history":[{"count":2,"href":"https:\/\/www.lifescienceart.com\/pl\/wp-json\/wp\/v2\/posts\/17050\/revisions"}],"predecessor-version":[{"id":24324,"href":"https:\/\/www.lifescienceart.com\/pl\/wp-json\/wp\/v2\/posts\/17050\/revisions\/24324"}],"wp:featuredmedia":[{"embeddable":true,"href":"https:\/\/www.lifescienceart.com\/pl\/wp-json\/wp\/v2\/media\/24323"}],"wp:attachment":[{"href":"https:\/\/www.lifescienceart.com\/pl\/wp-json\/wp\/v2\/media?parent=17050"}],"wp:term":[{"taxonomy":"category","embeddable":true,"href":"https:\/\/www.lifescienceart.com\/pl\/wp-json\/wp\/v2\/categories?post=17050"},{"taxonomy":"post_tag","embeddable":true,"href":"https:\/\/www.lifescienceart.com\/pl\/wp-json\/wp\/v2\/tags?post=17050"}],"curies":[{"name":"wp","href":"https:\/\/api.w.org\/{rel}","templated":true}]}}