{"id":550,"date":"2023-04-18T00:06:05","date_gmt":"2023-04-18T00:06:05","guid":{"rendered":"https:\/\/www.lifescienceart.com\/?p=550"},"modified":"2023-04-18T00:06:05","modified_gmt":"2023-04-18T00:06:05","slug":"mayda-del-valle-spoken-word-force","status":"publish","type":"post","link":"https:\/\/www.lifescienceart.com\/pl\/art\/spoken-word\/mayda-del-valle-spoken-word-force\/","title":{"rendered":"Mayda del Valle: Si\u0142a s\u0142owa m\u00f3wionego"},"content":{"rendered":"<h2 class=\"wp-block-heading\">Mayda del Valle: Si\u0142a s\u0142owa m\u00f3wionego<\/h2>\n\n<h2 class=\"wp-block-heading\">Wczesne \u017cycie i aktywizm<\/h2>\n\n<p>Mayda del Valle, filigranowa si\u0142aczka o dono\u015bnym g\u0142osie, zas\u0142yn\u0119\u0142a jako jedna z najbardziej wp\u0142ywowych poetek spoken word swojego pokolenia. Dorastaj\u0105c, z trudem znajdowa\u0142a wzory do na\u015bladowania, kt\u00f3re odzwierciedla\u0142yby jej w\u0142asne do\u015bwiadczenia jako Portorykanki. W wieku 15 lat zaanga\u017cowa\u0142a si\u0119 w aktywizm, ucz\u0105c m\u0142odzie\u017c o ich prawach i interakcjach z policj\u0105.<\/p>\n\n<h2 class=\"wp-block-heading\">Moc s\u0142owa m\u00f3wionego<\/h2>\n\n<p>\u201eS\u0142owo m\u00f3wione jest nasz\u0105 demokracj\u0105\u201d \u2014 m\u00f3wi Norman Lear, tw\u00f3rca \u201eDef Poetry\u201d, programu HBO, kt\u00f3ry zapocz\u0105tkowa\u0142 karier\u0119 Del Valle. Del Valle uwa\u017ca, \u017ce poezja spoken word ma moc jednoczenia ludzi r\u00f3\u017cnych narodowo\u015bci, religii i pokole\u0144. Inspiruje si\u0119 tradycyjnymi griotami zachodnioafryka\u0144skimi, kt\u00f3rzy nie tylko utrwalali histori\u0119, ale tak\u017ce kszta\u0142towali wizj\u0119 spo\u0142ecze\u0144stwa.<\/p>\n\n<h2 class=\"wp-block-heading\">Def Poetry i nie tylko<\/h2>\n\n<p>Del Valle do\u0142\u0105czy\u0142a do obsady \u201eDef Poetry\u201d w 2002 roku, a program zdoby\u0142 nagrod\u0119 Tony. Jej wyst\u0119py w programie zachwyci\u0142y publiczno\u015b\u0107 jej umiej\u0119tno\u015bci\u0105 \u0142\u0105czenia spanglishu i tworzenia nowych j\u0119zyk\u00f3w za pomoc\u0105 poezji. Wyst\u0119powa\u0142a tak\u017ce w ca\u0142ym kraju z oryginaln\u0105 kopi\u0105 Deklaracji Niepodleg\u0142o\u015bci w ramach akcji zach\u0119caj\u0105cej do g\u0142osowania.<\/p>\n\n<h2 class=\"wp-block-heading\">To\u017csamo\u015b\u0107 i wzmocnienie pozycji<\/h2>\n\n<p>Poezja Del Valle bada tematy to\u017csamo\u015bci, kultury i wzmocnienia pozycji. Wykorzystuje sw\u00f3j g\u0142os, aby kwestionowa\u0107 stereotypy i wspiera\u0107 zmarginalizowane spo\u0142eczno\u015bci. Jej wyst\u0119py s\u0105 nie tylko zabawne, ale tak\u017ce sk\u0142aniaj\u0105 do refleksji, zach\u0119caj\u0105c publiczno\u015b\u0107 do zastanowienia si\u0119 nad w\u0142asnymi do\u015bwiadczeniami i otaczaj\u0105cym j\u0105 \u015bwiatem.<\/p>\n\n<h2 class=\"wp-block-heading\">Edukacja i przywileje<\/h2>\n\n<p>Droga Del Valle do zostania znan\u0105 poetk\u0105 nie by\u0142a pozbawiona przeszk\u00f3d. Jako pierwsza dziewczyna po ojcu, kt\u00f3ra posz\u0142a na studia, zetkn\u0119\u0142a si\u0119 z atmosfer\u0105 przywilej\u00f3w w Williams College. Na w\u0142asne oczy przekona\u0142a si\u0119 o nier\u00f3wno\u015bciach w bogactwie i szansach, kt\u00f3re istniej\u0105 w spo\u0142ecze\u0144stwie.<\/p>\n\n<h2 class=\"wp-block-heading\">Wyst\u0119p i pasja<\/h2>\n\n<p>Na scenie Del Valle przeobra\u017ca si\u0119 w si\u0142\u0119, z kt\u00f3r\u0105 trzeba si\u0119 liczy\u0107. Jej wyst\u0119py charakteryzuj\u0105 si\u0119 pasj\u0105, energi\u0105 i umiej\u0119tno\u015bci\u0105 nawi\u0105zywania kontaktu z publiczno\u015bci\u0105 na g\u0142\u0119boko emocjonalnym poziomie. Wykorzystuje sw\u00f3j g\u0142os, aby wyrazi\u0107 swoje najskrytsze my\u015bli i do\u015bwiadczenia, a jej s\u0142owa rezonuj\u0105 si\u0142\u0105 i wra\u017cliwo\u015bci\u0105.<\/p>\n\n<h2 class=\"wp-block-heading\">Wp\u0142yw i dziedzictwo<\/h2>\n\n<p>Wp\u0142yw Maydy del Valle na \u015bwiat poezji spoken word jest niezaprzeczalny. Jej umiej\u0119tno\u015b\u0107 \u0142\u0105czenia aktywizmu, to\u017csamo\u015bci i wyst\u0119pu zainspirowa\u0142a nowe pokolenie poet\u00f3w i artyst\u00f3w. Nadal wykorzystuje swoj\u0105 platform\u0119, aby m\u00f3wi\u0107 o sprawiedliwo\u015bci spo\u0142ecznej i wzmacnia\u0107 innych za pomoc\u0105 swoich pot\u0119\u017cnych s\u0142\u00f3w.<\/p>","protected":false},"excerpt":{"rendered":"<p>Mayda del Valle: Si\u0142a s\u0142owa m\u00f3wionego Wczesne \u017cycie i aktywizm Mayda del Valle, filigranowa si\u0142aczka o dono\u015bnym g\u0142osie, zas\u0142yn\u0119\u0142a jako jedna z najbardziej wp\u0142ywowych poetek spoken word swojego pokolenia. Dorastaj\u0105c,&hellip;<\/p>\n","protected":false},"author":2,"featured_media":0,"comment_status":"closed","ping_status":"closed","sticky":false,"template":"","format":"standard","meta":{"footnotes":""},"categories":[1370],"tags":[1368,116,1367,540,1369],"class_list":["post-550","post","type-post","status-publish","format-standard","hentry","category-spoken-word","tag-activism","tag-diversity","tag-spoken-word-poetry","tag-identity","tag-empowerment"],"_links":{"self":[{"href":"https:\/\/www.lifescienceart.com\/pl\/wp-json\/wp\/v2\/posts\/550","targetHints":{"allow":["GET"]}}],"collection":[{"href":"https:\/\/www.lifescienceart.com\/pl\/wp-json\/wp\/v2\/posts"}],"about":[{"href":"https:\/\/www.lifescienceart.com\/pl\/wp-json\/wp\/v2\/types\/post"}],"author":[{"embeddable":true,"href":"https:\/\/www.lifescienceart.com\/pl\/wp-json\/wp\/v2\/users\/2"}],"replies":[{"embeddable":true,"href":"https:\/\/www.lifescienceart.com\/pl\/wp-json\/wp\/v2\/comments?post=550"}],"version-history":[{"count":1,"href":"https:\/\/www.lifescienceart.com\/pl\/wp-json\/wp\/v2\/posts\/550\/revisions"}],"predecessor-version":[{"id":551,"href":"https:\/\/www.lifescienceart.com\/pl\/wp-json\/wp\/v2\/posts\/550\/revisions\/551"}],"wp:attachment":[{"href":"https:\/\/www.lifescienceart.com\/pl\/wp-json\/wp\/v2\/media?parent=550"}],"wp:term":[{"taxonomy":"category","embeddable":true,"href":"https:\/\/www.lifescienceart.com\/pl\/wp-json\/wp\/v2\/categories?post=550"},{"taxonomy":"post_tag","embeddable":true,"href":"https:\/\/www.lifescienceart.com\/pl\/wp-json\/wp\/v2\/tags?post=550"}],"curies":[{"name":"wp","href":"https:\/\/api.w.org\/{rel}","templated":true}]}}