{"id":7403,"date":"2024-07-03T14:52:51","date_gmt":"2024-07-03T14:52:51","guid":{"rendered":"https:\/\/www.lifescienceart.com\/?p=7403"},"modified":"2024-07-03T14:52:51","modified_gmt":"2024-07-03T14:52:51","slug":"growing-and-caring-for-common-juniper-a-comprehensive-guide","status":"publish","type":"post","link":"https:\/\/www.lifescienceart.com\/pl\/life\/gardening\/growing-and-caring-for-common-juniper-a-comprehensive-guide\/","title":{"rendered":"Ja\u0142owiec pospolity: kompleksowy przewodnik uprawy i piel\u0119gnacji"},"content":{"rendered":"<h2 class=\"wp-block-heading\">Uprawa i piel\u0119gnacja ja\u0142owca pospolitego: kompleksowy przewodnik<\/h2>\n\n<h2 class=\"wp-block-heading\">Przegl\u0105d ro\u015blin<\/h2>\n\n<p>Ja\u0142owiec pospolity (Juniperus communis) to wszechstronny, wiecznie zielony iglak pochodz\u0105cy z p\u00f3\u0142kuli p\u00f3\u0142nocnej. Znany ze swojej adaptacyjno\u015bci i wytrzyma\u0142o\u015bci, sta\u0142 si\u0119 popularnym wyborem do kszta\u0142towania krajobrazu i ogrodnictwa.<\/p>\n\n<h2 class=\"wp-block-heading\">Typy i odmiany<\/h2>\n\n<p>Cho\u0107 mniej powszechny w uprawie ni\u017c jego odpowiednik, ja\u0142owiec chi\u0144ski, nadal istnieje szeroka gama odmian ja\u0142owca pospolitego. Nale\u017c\u0105 do nich:<\/p>\n\n<ul class=\"wp-block-list\">\n<li>Juniperis communis &#8216;Gold Cone&#8217;: Forma kolumnowa o jasnozielonych li\u015bciach<\/li>\n<li>Juniperis communis &#8216;Repanda&#8217;: Forma p\u0142o\u017c\u0105ca si\u0119, okrywowa<\/li>\n<li>Juniperis communis &#8216;Compressa&#8217;: Zwarty, sto\u017ckowy krzew<\/li>\n<li>Juniperis communis &#8216;Hibernica&#8217;: Krzew o kolumnowym pokroju<\/li>\n<li>Juniperis communis &#8216;Blue Stripe&#8217;: Forma p\u0142o\u017c\u0105ca si\u0119 o niebiesko-pr\u0105\u017ckowanych li\u015bciach<\/li>\n<\/ul>\n\n<h2 class=\"wp-block-heading\">Sadzenie i piel\u0119gnacja<\/h2>\n\n<h3 class=\"wp-block-heading\">Sadzenie:<\/h3>\n\n<ul class=\"wp-block-list\">\n<li>Sadzi\u0107 w dobrze przepuszczalnej glebie o pH od 4,0 do 8,0.<\/li>\n<li>Wykopa\u0107 do\u0142ek dwa razy szerszy ni\u017c bry\u0142a korzeniowa i wzbogaci\u0107 gleb\u0119 materi\u0105 organiczn\u0105.<\/li>\n<li>Umie\u015bci\u0107 krzew na tej samej wysoko\u015bci, na jakiej znajdowa\u0142 si\u0119 w pojemniku.<\/li>\n<\/ul>\n\n<h3 class=\"wp-block-heading\">Podlewanie:<\/h3>\n\n<ul class=\"wp-block-list\">\n<li>Ja\u0142owce pospolite s\u0105 tolerancyjne na susz\u0119, ale wol\u0105 wilgotn\u0105 gleb\u0119.<\/li>\n<li>Nie podlewa\u0107 nadmiernie, poniewa\u017c nie toleruj\u0105 warunk\u00f3w podmok\u0142ych.<\/li>\n<\/ul>\n\n<h3 class=\"wp-block-heading\">\u015awiat\u0142o s\u0142oneczne:<\/h3>\n\n<ul class=\"wp-block-list\">\n<li>Te ro\u015bliny kochaj\u0105ce s\u0142o\u0144ce wymagaj\u0105 pe\u0142nego s\u0142o\u0144ca dla optymalnego wzrostu.<\/li>\n<\/ul>\n\n<h3 class=\"wp-block-heading\">Temperatura:<\/h3>\n\n<ul class=\"wp-block-list\">\n<li>Mrozoodporne w strefach USDA od 2 do 7, wi\u0119kszo\u015b\u0107 odmian ja\u0142owca pospolitego mo\u017ce wytrzyma\u0107 temperatury do -49 stopni Fahrenheita.<\/li>\n<\/ul>\n\n<h3 class=\"wp-block-heading\">Nawo\u017cenie:<\/h3>\n\n<ul class=\"wp-block-list\">\n<li>Ja\u0142owce pospolite s\u0105 ma\u0142o wymagaj\u0105ce i nie wymagaj\u0105 regularnego nawo\u017cenia. Roczna aplikacja wolno uwalniaj\u0105cego si\u0119 nawozu do krzew\u00f3w i drzew p\u00f3\u017an\u0105 zim\u0105 lub wczesn\u0105 wiosn\u0105 mo\u017ce by\u0107 korzystna.<\/li>\n<\/ul>\n\n<h3 class=\"wp-block-heading\">Przycinanie:<\/h3>\n\n<ul class=\"wp-block-list\">\n<li>Przycinanie zasadniczo nie jest konieczne, ale mo\u017cna je wykona\u0107 p\u00f3\u017an\u0105 zim\u0105 w celu usuni\u0119cia chorych lub z\u0142amanych ga\u0142\u0119zi.<\/li>\n<li>Przycinaj\u0105c w celu nadania kszta\u0142tu, przycinaj poszczeg\u00f3lne ga\u0142\u0119zie do rosn\u0105cej ku g\u00f3rze bocznej ga\u0142\u0119zi.<\/li>\n<\/ul>\n\n<h2 class=\"wp-block-heading\">Rozmna\u017canie<\/h2>\n\n<h3 class=\"wp-block-heading\">Ukorzenianie sadzonek:<\/h3>\n\n<ul class=\"wp-block-list\">\n<li>Pod koniec lata pobiera\u0107 4-6-calowe sadzonki z ko\u0144c\u00f3wek ga\u0142\u0119zi.<\/li>\n<li>Zanurzy\u0107 odci\u0119te ko\u0144ce w hormonie ukorzeniaj\u0105cym i zasadzi\u0107 w porowatym pod\u0142o\u017cu doniczkowym.<\/li>\n<li>Utrzymywa\u0107 sadzonki w wilgoci i w os\u0142oni\u0119tym miejscu do czasu wytworzenia korzeni (6-12 tygodni).<\/li>\n<\/ul>\n\n<h3 class=\"wp-block-heading\">Uprawa z nasion:<\/h3>\n\n<ul class=\"wp-block-list\">\n<li>Ja\u0142owce pospolite s\u0105 dwupienne, co oznacza, \u017ce wyst\u0119puj\u0105 ro\u015bliny m\u0119skie i \u017ce\u0144skie. Konieczna jest obecno\u015b\u0107 obu p\u0142ci do zapylenia krzy\u017cowego i produkcji owoc\u00f3w.<\/li>\n<li>Zebrane dojrza\u0142e jagody (przebarwione na fioletowo\/czarno) i wysiewa\u0107 nasiona bezpo\u015brednio do ogrodu lub stratyfikowa\u0107 je do 120 dni przed sadzeniem.<\/li>\n<li>Wska\u017aniki kie\u0142kowania s\u0105 niskie, wi\u0119c wysiewa\u0107 kilka nasion jednocze\u015bnie.<\/li>\n<li>Siewki b\u0119d\u0105 ros\u0142y powoli i mog\u0105 potrzebowa\u0107 nawet dw\u00f3ch lat, aby osi\u0105gn\u0105\u0107 odpowiedni rozmiar do przesadzenia.<\/li>\n<\/ul>\n\n<h2 class=\"wp-block-heading\">Uprawa w doniczkach i przezimowanie<\/h2>\n\n<h3 class=\"wp-block-heading\">Uprawa w doniczkach:<\/h3>\n\n<ul class=\"wp-block-list\">\n<li>Ma\u0142e, wyprostowane odmiany ja\u0142owca pospolitego mo\u017cna uprawia\u0107 w pojemnikach.<\/li>\n<li>U\u017cywa\u0107 dobrze przepuszczalnej mieszanki do doniczek z dodatkiem piasku lub perlitu.<\/li>\n<\/ul>\n\n<h3 class=\"wp-block-heading\">Przechowywanie w okresie zimowym:<\/h3>\n\n<ul class=\"wp-block-list\">\n<li>W ch\u0142odniejszym klimacie doniczkowe ja\u0142owce mog\u0105 wymaga\u0107 przeniesienia do pomieszczenia lub przykrycia \u015bci\u00f3\u0142k\u0105 na zim\u0119.<\/li>\n<li>Unika\u0107 trzymania ich w pomieszczeniu przez d\u0142u\u017cszy czas, poniewa\u017c potrzebuj\u0105 zimowego okresu spoczynku.<\/li>\n<\/ul>\n\n<h2 class=\"wp-block-heading\">Szkodniki i choroby<\/h2>\n\n<h3 class=\"wp-block-heading\">Typowe szkodniki:<\/h3>\n\n<ul class=\"wp-block-list\">\n<li>Prz\u0119dziorek sosnowiec<\/li>\n<li>Misecznik ja\u0142owcowy<\/li>\n<li>Mszyce<\/li>\n<\/ul>\n\n<h3 class=\"wp-block-heading\">Typowe choroby:<\/h3>\n\n<ul class=\"wp-block-list\">\n<li>Rdza ja\u0142owca<\/li>\n<li>Zamieranie p\u0119d\u00f3w<\/li>\n<li>Rdza gruszy ja\u0142owcowej<\/li>\n<\/ul>\n\n<h2 class=\"wp-block-heading\">Rozwi\u0105zywanie problem\u00f3w<\/h2>\n\n<h3 class=\"wp-block-heading\">Ko\u0144c\u00f3wki ga\u0142\u0119zi zamieraj\u0105:<\/h3>\n\n<ul class=\"wp-block-list\">\n<li>Sprawdzi\u0107, czy nie ma chor\u00f3b grzybiczych (rdza) i przyci\u0105\u0107 zainfekowane ga\u0142\u0119zie.<\/li>\n<\/ul>\n\n<h3 class=\"wp-block-heading\">Li\u015bcie zamieraj\u0105 po jednej stronie:<\/h3>\n\n<ul class=\"wp-block-list\">\n<li>Oznacza to zimowe oparzenia spowodowane wysuszeniem. Je\u015bli jest powa\u017cne, krzew mo\u017ce obumrze\u0107.<\/li>\n<\/ul>\n\n<h3 class=\"wp-block-heading\">Ga\u0142\u0119zie zamieraj\u0105 pojedynczo:<\/h3>\n\n<ul class=\"wp-block-list\">\n<li>Przyczyn\u0105 mo\u017ce by\u0107 zgnilizna korzeni Phytophthora. Przyci\u0105\u0107 uszkodzone ga\u0142\u0119zie i poprawi\u0107 drena\u017c gleby.<\/li>\n<\/ul>\n\n<h3 class=\"wp-block-heading\">Ig\u0142y br\u0105zowiej\u0105 i opadaj\u0105:<\/h3>\n\n<ul class=\"wp-block-list\">\n<li>Mo\u017ce by\u0107 spowodowane nadmiernym podlewaniem, niedostatecznym podlewaniem lub moczem zwierz\u0105t domowych.<\/li>\n<\/ul>\n\n<h2 class=\"wp-block-heading\">Dodatkowe zastosowania i uwagi<\/h2>\n\n<h3 class=\"wp-block-heading\">Praktyczne zastosowania:<\/h3>\n\n<ul class=\"wp-block-list\">\n<li>Jagody ja\u0142owca s\u0105 wykorzystywane do aromatyzowania ginu, herbaty i potraw kulinarnych.<\/li>\n<li>Ro\u015blina ta zapewnia po\u017cywienie i schronienie dla dzikich zwierz\u0105t.<\/li>\n<\/ul>\n\n<h3 class=\"wp-block-heading\">Por\u00f3wnanie z ja\u0142owcem chi\u0144skim:<\/h3>\n\n<ul class=\"wp-block-list\">\n<li>Ja\u0142owiec pospolity ma bardziej ig\u0142owate li\u015bcie i niebieskawe jagody.<\/li>\n<li>Jest lepiej przystosowany do ch\u0142odniejszego klimatu ni\u017c ja\u0142owiec chi\u0144ski.<\/li>\n<\/ul>\n\n<h3 class=\"wp-block-heading\">Zastosowania w kszta\u0142towaniu krajobrazu:<\/h3>\n\n<ul class=\"wp-block-list\">\n<li>Ja\u0142owce pospolite to wszechstronne krzewy do nasadze\u0144 masowych, ro\u015blin okrywowych, ogrod\u00f3w skalnych i og\u00f3lnego zastosowania w ogrodzie.<\/li>\n<li>R\u00f3\u017cne odmiany oferuj\u0105 r\u00f3\u017cnorodne formy i rozmiary, aby spe\u0142ni\u0107 okre\u015blone potrzeby zwi\u0105zane z kszta\u0142towaniem krajobrazu.<\/li>\n<\/ul>\n\n<h3 class=\"wp-block-heading\">Jadalne jagody:<\/h3>\n\n<ul class=\"wp-block-list\">\n<li>Jagody ja\u0142owca s\u0105 jadalne, ale nale\u017cy zachowa\u0107 ostro\u017cno\u015b\u0107, poniewa\u017c niekt\u00f3re gatunki ja\u0142owca maj\u0105 truj\u0105ce jagody.<\/li>\n<li>Dojrzewanie jag\u00f3d trwa 2-3 lata i mog\u0105 by\u0107 rzadkie ze wzgl\u0119du na zjadanie ich przez ptaki.<\/li>\n<\/ul>","protected":false},"excerpt":{"rendered":"<p>Uprawa i piel\u0119gnacja ja\u0142owca pospolitego: kompleksowy przewodnik Przegl\u0105d ro\u015blin Ja\u0142owiec pospolity (Juniperus communis) to wszechstronny, wiecznie zielony iglak pochodz\u0105cy z p\u00f3\u0142kuli p\u00f3\u0142nocnej. Znany ze swojej adaptacyjno\u015bci i wytrzyma\u0142o\u015bci, sta\u0142 si\u0119&hellip;<\/p>\n","protected":false},"author":5,"featured_media":23803,"comment_status":"closed","ping_status":"closed","sticky":false,"template":"","format":"standard","meta":{"footnotes":""},"categories":[8813],"tags":[8819,11893,11892,8848,8849,8984],"class_list":["post-7403","post","type-post","status-publish","format-standard","has-post-thumbnail","hentry","category-gardening","tag-landscaping","tag-conifer","tag-common-juniper","tag-gardening","tag-plant-care","tag-evergreen"],"_links":{"self":[{"href":"https:\/\/www.lifescienceart.com\/pl\/wp-json\/wp\/v2\/posts\/7403","targetHints":{"allow":["GET"]}}],"collection":[{"href":"https:\/\/www.lifescienceart.com\/pl\/wp-json\/wp\/v2\/posts"}],"about":[{"href":"https:\/\/www.lifescienceart.com\/pl\/wp-json\/wp\/v2\/types\/post"}],"author":[{"embeddable":true,"href":"https:\/\/www.lifescienceart.com\/pl\/wp-json\/wp\/v2\/users\/5"}],"replies":[{"embeddable":true,"href":"https:\/\/www.lifescienceart.com\/pl\/wp-json\/wp\/v2\/comments?post=7403"}],"version-history":[{"count":1,"href":"https:\/\/www.lifescienceart.com\/pl\/wp-json\/wp\/v2\/posts\/7403\/revisions"}],"predecessor-version":[{"id":7404,"href":"https:\/\/www.lifescienceart.com\/pl\/wp-json\/wp\/v2\/posts\/7403\/revisions\/7404"}],"wp:featuredmedia":[{"embeddable":true,"href":"https:\/\/www.lifescienceart.com\/pl\/wp-json\/wp\/v2\/media\/23803"}],"wp:attachment":[{"href":"https:\/\/www.lifescienceart.com\/pl\/wp-json\/wp\/v2\/media?parent=7403"}],"wp:term":[{"taxonomy":"category","embeddable":true,"href":"https:\/\/www.lifescienceart.com\/pl\/wp-json\/wp\/v2\/categories?post=7403"},{"taxonomy":"post_tag","embeddable":true,"href":"https:\/\/www.lifescienceart.com\/pl\/wp-json\/wp\/v2\/tags?post=7403"}],"curies":[{"name":"wp","href":"https:\/\/api.w.org\/{rel}","templated":true}]}}