{"id":12932,"date":"2020-03-25T11:12:58","date_gmt":"2020-03-25T11:12:58","guid":{"rendered":"https:\/\/www.lifescienceart.com\/?p=12932"},"modified":"2020-03-25T11:12:58","modified_gmt":"2020-03-25T11:12:58","slug":"the-interplay-of-power-and-protest-in-a-globalized-world","status":"publish","type":"post","link":"https:\/\/www.lifescienceart.com\/pt\/uncategorized\/the-interplay-of-power-and-protest-in-a-globalized-world\/","title":{"rendered":"O jogo de poder e protesto: como a agita\u00e7\u00e3o interna molda a diplomacia global"},"content":{"rendered":"<h2 class=\"wp-block-heading\">Hist\u00f3ria: A intera\u00e7\u00e3o do poder e do protesto<\/h2>\n\n<h2 class=\"wp-block-heading\">Agita\u00e7\u00e3o interna e diplomacia global<\/h2>\n\n<p>As an\u00e1lises tradicionais da d\u00e9tente entre os Estados Unidos e a Uni\u00e3o Sovi\u00e9tica t\u00eam se concentrado nas pol\u00edticas de poder entre as duas superpot\u00eancias. No entanto, o historiador Jeremi Suri argumenta que a diplomacia das superpot\u00eancias tamb\u00e9m foi moldada pela agita\u00e7\u00e3o interna, n\u00e3o apenas em grandes cidades como Berkeley e Praga, mas tamb\u00e9m em Paris, Berlim e Pequim.<\/p>\n\n<p>Suri afirma que a desordem interna torna os l\u00edderes mais inclinados a buscar estabilidade no exterior. Isso ocorre porque eles temem que a agita\u00e7\u00e3o interna possa enfraquecer seu poder e legitimidade. Por outro lado, as for\u00e7as globais tamb\u00e9m podem moldar os movimentos de protesto. Amea\u00e7as nucleares, impasses pol\u00edticos e intensa propaganda ideol\u00f3gica podem criar expectativas crescentes e crescente desilus\u00e3o entre os jovens cidad\u00e3os de todo o mundo.<\/p>\n\n<h2 class=\"wp-block-heading\">A ruptura global de 1968<\/h2>\n\n<p>Suri examina a &#8220;ruptura global de 1968&#8221;, um per\u00edodo marcado por protestos generalizados contra a Guerra do Vietn\u00e3 e motins urbanos nos Estados Unidos, bem como crescentes ondas de descontentamento juvenil em outros pa\u00edses. Este per\u00edodo demonstrou a estreita conex\u00e3o entre eventos locais e globais.<\/p>\n\n<h2 class=\"wp-block-heading\">A import\u00e2ncia da ordem social e do consenso<\/h2>\n\n<p>Suri argumenta que os l\u00edderes pol\u00edticos em todos os n\u00edveis, mesmo em sociedades n\u00e3o democr\u00e1ticas, est\u00e3o profundamente preocupados em manter a ordem social e construir consenso para suas pol\u00edticas. Eles reconhecem que seu poder depende do apoio e coopera\u00e7\u00e3o de seus cidad\u00e3os.<\/p>\n\n<p>Historiadores anteriores muitas vezes ignoraram essa conex\u00e3o, concentrando-se em quest\u00f5es locais ao estudar a hist\u00f3ria local. Suri acredita que esse foco estreito levou a uma compreens\u00e3o distorcida dos eventos hist\u00f3ricos.<\/p>\n\n<h2 class=\"wp-block-heading\">Reconceptualiza\u00e7\u00e3o dos assuntos internacionais<\/h2>\n\n<p>O trabalho de Suri visa reconceptualizar o estudo dos assuntos internacionais na era da globaliza\u00e7\u00e3o. Ele argumenta que as abordagens tradicionais n\u00e3o conseguiram explicar adequadamente a intera\u00e7\u00e3o entre as for\u00e7as internas e globais, bem como a import\u00e2ncia dos fatores sociais e culturais na defini\u00e7\u00e3o da pol\u00edtica externa.<\/p>\n\n<p>A abordagem de Suri \u00e9 altamente original e exigente, mas tem o potencial de transformar nossa compreens\u00e3o das rela\u00e7\u00f5es internacionais. Ele \u00e9 amplamente reconhecido como um dos principais estudiosos neste campo.<\/p>\n\n<h2 class=\"wp-block-heading\">Fatores pol\u00edticos, culturais e institucionais<\/h2>\n\n<p>Suri enfatiza a import\u00e2ncia de compreender os fatores pol\u00edticos, culturais e institucionais que influenciam as a\u00e7\u00f5es de um estado. Ele acredita que l\u00edderes eficazes s\u00e3o capazes de conectar o social com o pol\u00edtico, reduzindo a dist\u00e2ncia entre cidad\u00e3os comuns e formuladores de pol\u00edticas.<\/p>\n\n<p>A flu\u00eancia de Suri em v\u00e1rios idiomas permitiu que ele conduzisse uma extensa pesquisa de arquivo em v\u00e1rios pa\u00edses. Isso lhe deu uma perspectiva \u00fanica sobre a intera\u00e7\u00e3o de for\u00e7as locais e globais em eventos hist\u00f3ricos.<\/p>\n\n<h2 class=\"wp-block-heading\">Multinacionalismo e identidade pessoal<\/h2>\n\n<p>A forma\u00e7\u00e3o multinacional de Suri moldou sua perspectiva como historiador. Seu pai emigrou da \u00cdndia para os Estados Unidos, enquanto sua m\u00e3e, nascida nos Estados Unidos, tem ra\u00edzes judaicas russo-polonesas. Essa heran\u00e7a diversificada deu a ele uma profunda aprecia\u00e7\u00e3o pelas complexidades da identidade e pelos desafios de viver em um mundo globalizado.<\/p>\n\n<h2 class=\"wp-block-heading\">O poder das ideias e das experi\u00eancias pessoais<\/h2>\n\n<p>A pesquisa de Suri \u00e9 impulsionada por tr\u00eas quest\u00f5es principais: Por que as pessoas fazem o que fazem? Como as ideias influenciam o comportamento? E como as consequ\u00eancias n\u00e3o intencionais influenciam os eventos? Ele acredita que ideias e suposi\u00e7\u00f5es podem estar profundamente arraigadas em nossa vis\u00e3o de mundo, \u00e0s vezes sem que percebamos.<\/p>\n\n<p>Suri argumenta que as experi\u00eancias pessoais tamb\u00e9m podem ter um profundo impacto na formula\u00e7\u00e3o de pol\u00edticas. Ele aponta para Henry Kissinger, tema de seu \u00faltimo livro, como exemplo. A experi\u00eancia de Kissinger como refugiado da Alemanha nazista influenciou sua abordagem das rela\u00e7\u00f5es internacionais.<\/p>\n\n<h2 class=\"wp-block-heading\">Unindo a hist\u00f3ria social e pol\u00edtica<\/h2>\n\n<p>Suri se v\u00ea como uma ponte entre os mundos da hist\u00f3ria social e da hist\u00f3ria pol\u00edtica. Ele explora a intera\u00e7\u00e3o de ideias, personalidades e institui\u00e7\u00f5es na defini\u00e7\u00e3o de eventos hist\u00f3ricos. Ele acredita que o poder \u00e9, em \u00faltima an\u00e1lise, a capacidade de conectar as esferas social e pol\u00edtica.<\/p>","protected":false},"excerpt":{"rendered":"<p>Hist\u00f3ria: A intera\u00e7\u00e3o do poder e do protesto Agita\u00e7\u00e3o interna e diplomacia global As an\u00e1lises tradicionais da d\u00e9tente entre os Estados Unidos e a Uni\u00e3o Sovi\u00e9tica t\u00eam se concentrado nas&hellip;<\/p>\n","protected":false},"author":1,"featured_media":0,"comment_status":"closed","ping_status":"","sticky":false,"template":"","format":"standard","meta":{"footnotes":""},"categories":[1],"tags":[17474,17475,1770,3329,17476,1882],"class_list":["post-12932","post","type-post","status-publish","format-standard","hentry","category-uncategorized","tag-global-affairs","tag-power-dynamics","tag-cultural-history","tag-political-history","tag-social-movements","tag-international-relations"],"_links":{"self":[{"href":"https:\/\/www.lifescienceart.com\/pt\/wp-json\/wp\/v2\/posts\/12932","targetHints":{"allow":["GET"]}}],"collection":[{"href":"https:\/\/www.lifescienceart.com\/pt\/wp-json\/wp\/v2\/posts"}],"about":[{"href":"https:\/\/www.lifescienceart.com\/pt\/wp-json\/wp\/v2\/types\/post"}],"author":[{"embeddable":true,"href":"https:\/\/www.lifescienceart.com\/pt\/wp-json\/wp\/v2\/users\/1"}],"replies":[{"embeddable":true,"href":"https:\/\/www.lifescienceart.com\/pt\/wp-json\/wp\/v2\/comments?post=12932"}],"version-history":[{"count":1,"href":"https:\/\/www.lifescienceart.com\/pt\/wp-json\/wp\/v2\/posts\/12932\/revisions"}],"predecessor-version":[{"id":12933,"href":"https:\/\/www.lifescienceart.com\/pt\/wp-json\/wp\/v2\/posts\/12932\/revisions\/12933"}],"wp:attachment":[{"href":"https:\/\/www.lifescienceart.com\/pt\/wp-json\/wp\/v2\/media?parent=12932"}],"wp:term":[{"taxonomy":"category","embeddable":true,"href":"https:\/\/www.lifescienceart.com\/pt\/wp-json\/wp\/v2\/categories?post=12932"},{"taxonomy":"post_tag","embeddable":true,"href":"https:\/\/www.lifescienceart.com\/pt\/wp-json\/wp\/v2\/tags?post=12932"}],"curies":[{"name":"wp","href":"https:\/\/api.w.org\/{rel}","templated":true}]}}