{"id":14584,"date":"2023-05-31T08:11:19","date_gmt":"2023-05-31T08:11:19","guid":{"rendered":"https:\/\/www.lifescienceart.com\/?p=14584"},"modified":"2023-05-31T08:11:19","modified_gmt":"2023-05-31T08:11:19","slug":"anthropocene-defining-new-age-earth-humans","status":"publish","type":"post","link":"https:\/\/www.lifescienceart.com\/pt\/science\/earth-science\/anthropocene-defining-new-age-earth-humans\/","title":{"rendered":"O Antropoceno: definindo uma nova era para a Terra e os humanos"},"content":{"rendered":"<h2 class=\"wp-block-heading\">O Antropoceno: definindo uma nova era para a Terra e os humanos<\/h2>\n\n<h2 class=\"wp-block-heading\">O que \u00e9 o Antropoceno?<\/h2>\n\n<p>O Antropoceno \u00e9 um termo cunhado por cientistas para descrever a \u00e9poca geol\u00f3gica atual, que \u00e9 caracterizada pelo impacto significativo e duradouro das atividades humanas nos sistemas da Terra. Este impacto tornou-se t\u00e3o profundo que est\u00e1 deixando uma marca \u00fanica no registro geol\u00f3gico do planeta.<\/p>\n\n<h2 class=\"wp-block-heading\">As evid\u00eancias do impacto humano<\/h2>\n\n<p>As evid\u00eancias do Antropoceno podem ser encontradas nas rochas sob nossos p\u00e9s e no gelo que cobre os polos. Esses arquivos geol\u00f3gicos contam a hist\u00f3ria de um planeta moldado por uma variedade de eventos naturais, mas agora, pela primeira vez, uma for\u00e7a inteligente est\u00e1 causando mudan\u00e7as r\u00e1pidas e dram\u00e1ticas.<\/p>\n\n<h2 class=\"wp-block-heading\">O podcast Gera\u00e7\u00e3o Antropoceno<\/h2>\n\n<p>Para capturar as conversas sobre esta nova era, uma equipe de pesquisadores e estudantes da Universidade de Stanford criou o podcast Gera\u00e7\u00e3o Antropoceno. Cada um de seus epis\u00f3dios destaca hist\u00f3rias instigantes de todo o mundo que exploram as implica\u00e7\u00f5es cient\u00edficas e culturais do Antropoceno.<\/p>\n\n<h2 class=\"wp-block-heading\">Os cinco melhores epis\u00f3dios da Gera\u00e7\u00e3o Antropoceno<\/h2>\n\n<p>Aqui est\u00e3o cinco dos epis\u00f3dios mais atraentes que foram ao ar at\u00e9 agora:<\/p>\n\n<h2 class=\"wp-block-heading\">1. Pontos de inflex\u00e3o da Terra e mudan\u00e7as clim\u00e1ticas abruptas<\/h2>\n\n<p>Este epis\u00f3dio explora o potencial da Terra para atingir pontos de inflex\u00e3o, al\u00e9m dos quais mudan\u00e7as clim\u00e1ticas abruptas e potencialmente catastr\u00f3ficas podem ocorrer.<\/p>\n\n<h2 class=\"wp-block-heading\">2. Passeando em um jardim turbulento<\/h2>\n\n<p>Este epis\u00f3dio examina a complexa e sempre mutante rela\u00e7\u00e3o entre os seres humanos e o mundo natural.<\/p>\n\n<h2 class=\"wp-block-heading\">3. Um estudo de g\u00eameos c\u00f3smicos<\/h2>\n\n<p>Este epis\u00f3dio compara a Terra com seu g\u00eameo c\u00f3smico, Marte, para obter insights sobre as condi\u00e7\u00f5es ambientais \u00fanicas que permitiram que a vida florescesse em nosso planeta.<\/p>\n\n<h2 class=\"wp-block-heading\">4. Iogurte e o Apocalipse: as narrativas do ambientalismo<\/h2>\n\n<p>Este epis\u00f3dio explora as diferentes maneiras pelas quais os humanos enquadraram e comunicaram as quest\u00f5es ambientais ao longo da hist\u00f3ria.<\/p>\n\n<h2 class=\"wp-block-heading\">5. Rastreamento de redes de doen\u00e7as<\/h2>\n\n<p>Este epis\u00f3dio investiga a interconex\u00e3o entre a sa\u00fade humana e animal e como as atividades humanas podem influenciar a propaga\u00e7\u00e3o de doen\u00e7as.<\/p>\n\n<h2 class=\"wp-block-heading\">A rela\u00e7\u00e3o desordenada entre humanos e geografia<\/h2>\n\n<p>A rela\u00e7\u00e3o entre humanos e geografia tem sido desordenada ao longo da hist\u00f3ria. As atividades humanas moldaram as paisagens, os ecossistemas e o clima do planeta. Por sua vez, o meio ambiente influenciou as sociedades e culturas humanas.<\/p>\n\n<h2 class=\"wp-block-heading\">O futuro do Antropoceno<\/h2>\n\n<p>O Antropoceno \u00e9 um cap\u00edtulo novo e incerto na hist\u00f3ria da Terra. As escolhas que fazemos hoje moldar\u00e3o o futuro do nosso planeta e das gera\u00e7\u00f5es que vir\u00e3o. \u00c9 essencial que compreendamos as implica\u00e7\u00f5es de nossas a\u00e7\u00f5es e trabalhemos juntos para criar um futuro sustent\u00e1vel e justo para todos.<\/p>","protected":false},"excerpt":{"rendered":"<p>O Antropoceno: definindo uma nova era para a Terra e os humanos O que \u00e9 o Antropoceno? O Antropoceno \u00e9 um termo cunhado por cientistas para descrever a \u00e9poca geol\u00f3gica&hellip;<\/p>\n","protected":false},"author":1,"featured_media":0,"comment_status":"closed","ping_status":"closed","sticky":false,"template":"","format":"standard","meta":{"footnotes":""},"categories":[212],"tags":[267,3774,572,207,640,34],"class_list":["post-14584","post","type-post","status-publish","format-standard","hentry","category-earth-science","tag-environmentalism","tag-anthropocene","tag-earth-science","tag-geology","tag-human-impact","tag-climate-change"],"_links":{"self":[{"href":"https:\/\/www.lifescienceart.com\/pt\/wp-json\/wp\/v2\/posts\/14584","targetHints":{"allow":["GET"]}}],"collection":[{"href":"https:\/\/www.lifescienceart.com\/pt\/wp-json\/wp\/v2\/posts"}],"about":[{"href":"https:\/\/www.lifescienceart.com\/pt\/wp-json\/wp\/v2\/types\/post"}],"author":[{"embeddable":true,"href":"https:\/\/www.lifescienceart.com\/pt\/wp-json\/wp\/v2\/users\/1"}],"replies":[{"embeddable":true,"href":"https:\/\/www.lifescienceart.com\/pt\/wp-json\/wp\/v2\/comments?post=14584"}],"version-history":[{"count":1,"href":"https:\/\/www.lifescienceart.com\/pt\/wp-json\/wp\/v2\/posts\/14584\/revisions"}],"predecessor-version":[{"id":14585,"href":"https:\/\/www.lifescienceart.com\/pt\/wp-json\/wp\/v2\/posts\/14584\/revisions\/14585"}],"wp:attachment":[{"href":"https:\/\/www.lifescienceart.com\/pt\/wp-json\/wp\/v2\/media?parent=14584"}],"wp:term":[{"taxonomy":"category","embeddable":true,"href":"https:\/\/www.lifescienceart.com\/pt\/wp-json\/wp\/v2\/categories?post=14584"},{"taxonomy":"post_tag","embeddable":true,"href":"https:\/\/www.lifescienceart.com\/pt\/wp-json\/wp\/v2\/tags?post=14584"}],"curies":[{"name":"wp","href":"https:\/\/api.w.org\/{rel}","templated":true}]}}