{"id":14782,"date":"2025-10-23T07:10:44","date_gmt":"2025-10-23T07:10:44","guid":{"rendered":"https:\/\/www.lifescienceart.com\/?p=14782"},"modified":"2025-10-23T07:10:44","modified_gmt":"2025-10-23T07:10:44","slug":"clan-do-spirit-a-family-s-quest-for-identity","status":"publish","type":"post","link":"https:\/\/www.lifescienceart.com\/pt\/life\/family-history\/clan-do-spirit-a-family-s-quest-for-identity\/","title":{"rendered":"Cl\u00e3 Plitt: Uma Saga de Identidade, Holocausto e Reconcilia\u00e7\u00e3o Atrav\u00e9s do DNA"},"content":{"rendered":"<h2 class=\"wp-block-heading\">O Esp\u00edrito do Cl\u00e3: A Busca de Identidade de uma Fam\u00edlia<\/h2>\n\n<h2 class=\"wp-block-heading\">Descobrindo a Tribo Perdida de Plitt<\/h2>\n\n<p>Em uma reuni\u00e3o de fam\u00edlia em Rockville, Maryland, uma descoberta inesperada surgiu. Entre os Plitt, um cl\u00e3 proeminente com uma longa hist\u00f3ria, havia membros judeus que haviam sido escondidos. Essa revela\u00e7\u00e3o desencadeou uma profunda jornada de explora\u00e7\u00e3o e reconcilia\u00e7\u00e3o.<\/p>\n\n<h2 class=\"wp-block-heading\">Os Plitt Judeus e Gentios: Uma Fam\u00edlia Dividida<\/h2>\n\n<p>A \u00e1rvore geneal\u00f3gica da fam\u00edlia Plitt, meticulosamente documentada por Irmgard Schwarz, tra\u00e7a suas ra\u00edzes at\u00e9 o s\u00e9culo XVI. No entanto, um cap\u00edtulo sombrio da hist\u00f3ria obscureceu a conex\u00e3o entre os ramos judeus e gentios. Durante o Holocausto, os nazistas dizimaram as fam\u00edlias judias, deixando um vazio que assombraria as gera\u00e7\u00f5es futuras.<\/p>\n\n<h2 class=\"wp-block-heading\">Testes de DNA Desvendam o Mist\u00e9rio<\/h2>\n\n<p>Na tentativa de desvendar o mist\u00e9rio de sua heran\u00e7a compartilhada, v\u00e1rios Plitt se submeteram a testes de DNA. Os resultados foram surpreendentes: n\u00e3o havia um ancestral comum nos \u00faltimos 15.000 a 30.000 anos. Isso destruiu a esperan\u00e7a de uma conex\u00e3o de sangue entre os Plitt judeus e gentios.<\/p>\n\n<h2 class=\"wp-block-heading\">De Negadores do Holocausto a Cantores de Hebraico: A Transforma\u00e7\u00e3o da Fam\u00edlia Plitt<\/h2>\n\n<p>Apesar da revela\u00e7\u00e3o do DNA, os Plitt escolheram se abra\u00e7ar como fam\u00edlia. Irmgard Schwarz, uma Plitt gentia que dedicou sua vida a entender o Holocausto, tornou-se um catalisador para a reconcilia\u00e7\u00e3o. Ela liderou a fam\u00edlia cantando can\u00e7\u00f5es em hebraico, demonstrando o poder da cultura compartilhada para superar as divis\u00f5es.<\/p>\n\n<h2 class=\"wp-block-heading\">A Reuni\u00e3o de Fam\u00edlia Plitt: Uma Busca por Identidade e Significado<\/h2>\n\n<p>As reuni\u00f5es de fam\u00edlia Plitt se tornaram um f\u00f3rum para confrontar o passado e forjar um novo v\u00ednculo. Atrav\u00e9s de discuss\u00f5es, narrativas e experi\u00eancias compartilhadas, os membros da fam\u00edlia exploraram suas identidades e o significado de seu sobrenome compartilhado.<\/p>\n\n<h2 class=\"wp-block-heading\">O Teste de DNA Que Destruiu a Ilus\u00e3o da Fam\u00edlia Plitt<\/h2>\n\n<p>A not\u00edcia dos resultados do DNA causou choque na fam\u00edlia. No entanto, em vez de romper sua conex\u00e3o, serviu como um catalisador para o crescimento. Isso os levou a refletir sobre o verdadeiro significado da fam\u00edlia e o poder da escolha para superar o preconceito.<\/p>\n\n<h2 class=\"wp-block-heading\">Conclus\u00e3o<\/h2>\n\n<p>A jornada da fam\u00edlia Plitt \u00e9 um testemunho da resili\u00eancia do esp\u00edrito humano. Apesar dos horrores do passado e dos desafios do presente, eles encontraram uma maneira de reconciliar suas diferen\u00e7as e se abra\u00e7ar como parentes. Sua hist\u00f3ria \u00e9 um lembrete de que os la\u00e7os familiares podem transcender as linhagens sangu\u00edneas e que o perd\u00e3o e a reconcilia\u00e7\u00e3o s\u00e3o poss\u00edveis, mesmo diante da adversidade.<\/p>\n\n<p>A pr\u00f3xima reuni\u00e3o de fam\u00edlia Plitt est\u00e1 programada para 2010 em Berkshires. Irmgard Schwarz e muitos outros j\u00e1 se comprometeram a comparecer, ansiosos para continuar o di\u00e1logo e aprofundar a conex\u00e3o entre os ramos judeus e gentios da fam\u00edlia Plitt.<\/p>","protected":false},"excerpt":{"rendered":"<p>O Esp\u00edrito do Cl\u00e3: A Busca de Identidade de uma Fam\u00edlia Descobrindo a Tribo Perdida de Plitt Em uma reuni\u00e3o de fam\u00edlia em Rockville, Maryland, uma descoberta inesperada surgiu. Entre&hellip;<\/p>\n","protected":false},"author":2,"featured_media":25064,"comment_status":"closed","ping_status":"closed","sticky":false,"template":"","format":"standard","meta":{"footnotes":""},"categories":[19795],"tags":[19790,19471,19794,15593,19793,831,19792,19791,6446],"class_list":["post-14782","post","type-post","status-publish","format-standard","has-post-thumbnail","hentry","category-family-history","tag-clan-do-spirit","tag-dna-testing","tag-family-reunion","tag-forgiveness","tag-gentile-identity","tag-holocaust","tag-jewish-identity","tag-plitt-family","tag-reconciliation"],"_links":{"self":[{"href":"https:\/\/www.lifescienceart.com\/pt\/wp-json\/wp\/v2\/posts\/14782","targetHints":{"allow":["GET"]}}],"collection":[{"href":"https:\/\/www.lifescienceart.com\/pt\/wp-json\/wp\/v2\/posts"}],"about":[{"href":"https:\/\/www.lifescienceart.com\/pt\/wp-json\/wp\/v2\/types\/post"}],"author":[{"embeddable":true,"href":"https:\/\/www.lifescienceart.com\/pt\/wp-json\/wp\/v2\/users\/2"}],"replies":[{"embeddable":true,"href":"https:\/\/www.lifescienceart.com\/pt\/wp-json\/wp\/v2\/comments?post=14782"}],"version-history":[{"count":2,"href":"https:\/\/www.lifescienceart.com\/pt\/wp-json\/wp\/v2\/posts\/14782\/revisions"}],"predecessor-version":[{"id":25065,"href":"https:\/\/www.lifescienceart.com\/pt\/wp-json\/wp\/v2\/posts\/14782\/revisions\/25065"}],"wp:featuredmedia":[{"embeddable":true,"href":"https:\/\/www.lifescienceart.com\/pt\/wp-json\/wp\/v2\/media\/25064"}],"wp:attachment":[{"href":"https:\/\/www.lifescienceart.com\/pt\/wp-json\/wp\/v2\/media?parent=14782"}],"wp:term":[{"taxonomy":"category","embeddable":true,"href":"https:\/\/www.lifescienceart.com\/pt\/wp-json\/wp\/v2\/categories?post=14782"},{"taxonomy":"post_tag","embeddable":true,"href":"https:\/\/www.lifescienceart.com\/pt\/wp-json\/wp\/v2\/tags?post=14782"}],"curies":[{"name":"wp","href":"https:\/\/api.w.org\/{rel}","templated":true}]}}