{"id":14804,"date":"2024-05-04T12:24:13","date_gmt":"2024-05-04T12:24:13","guid":{"rendered":"https:\/\/www.lifescienceart.com\/?p=14804"},"modified":"2024-05-04T12:24:13","modified_gmt":"2024-05-04T12:24:13","slug":"cop27-climate-summit-key-storylines","status":"publish","type":"post","link":"https:\/\/www.lifescienceart.com\/pt\/science\/climate-science\/cop27-climate-summit-key-storylines\/","title":{"rendered":"COP27: Cinco destaques principais"},"content":{"rendered":"<h2 class=\"wp-block-heading\">C\u00fapula do Clima COP27: Cinco Principais Linhas de A\u00e7\u00e3o<\/h2>\n\n<h2 class=\"wp-block-heading\">Fundo de Perdas e Danos<\/h2>\n\n<p>Os delegados da COP27 concordaram em estabelecer um fundo para apoiar pa\u00edses em desenvolvimento que sofreram graves desastres relacionados ao clima. Esses pa\u00edses frequentemente sofrem os maiores impactos das mudan\u00e7as clim\u00e1ticas, apesar de contribu\u00edrem pouco para as emiss\u00f5es globais de gases de efeito estufa.<\/p>\n\n<p>Os detalhes do fundo, como fontes de financiamento e crit\u00e9rios de elegibilidade, ser\u00e3o determinados por um comit\u00ea ao longo do pr\u00f3ximo ano. O Paquist\u00e3o, que sofreu inunda\u00e7\u00f5es catastr\u00f3ficas este ano, desempenhou um papel fundamental na defesa do fundo.<\/p>\n\n<h2 class=\"wp-block-heading\">Combust\u00edveis F\u00f3sseis<\/h2>\n\n<p>Embora o fundo de perdas e danos tenha sido uma conquista significativa, especialistas criticaram a falta de progresso da confer\u00eancia na redu\u00e7\u00e3o do uso de combust\u00edveis f\u00f3sseis. O acordo pedia apenas uma elimina\u00e7\u00e3o gradual de subs\u00eddios ineficientes aos combust\u00edveis f\u00f3sseis e uma redu\u00e7\u00e3o no consumo de carv\u00e3o.<\/p>\n\n<p>Apesar da urg\u00eancia da crise clim\u00e1tica, as pol\u00edticas atuais devem levar ao aquecimento global de 2,1 a 2,9 graus Celsius acima dos n\u00edveis pr\u00e9-industriais at\u00e9 o final do s\u00e9culo, ficando aqu\u00e9m da meta de limitar o aquecimento a 1,5 graus Celsius.<\/p>\n\n<h2 class=\"wp-block-heading\">Ucr\u00e2nia e Mudan\u00e7as Clim\u00e1ticas<\/h2>\n\n<p>Em um discurso virtual para a c\u00fapula, o presidente ucraniano Volodymyr Zelenskyy destacou a liga\u00e7\u00e3o entre a guerra na Ucr\u00e2nia e as mudan\u00e7as clim\u00e1ticas. Ele enfatizou que acabar com a invas\u00e3o russa \u00e9 crucial para enfrentar a crise clim\u00e1tica.<\/p>\n\n<p>A guerra levou ao aumento do uso de combust\u00edveis f\u00f3sseis, principalmente carv\u00e3o, \u00e0 medida que a Europa busca reduzir sua depend\u00eancia do g\u00e1s russo. Al\u00e9m disso, o conflito resultou na destrui\u00e7\u00e3o de milh\u00f5es de acres de florestas ucranianas, que desempenham um papel vital no sequestro de carbono.<\/p>\n\n<h2 class=\"wp-block-heading\">Desmatamento da Amaz\u00f4nia<\/h2>\n\n<p>O presidente eleito do Brasil, Luiz In\u00e1cio Lula da Silva, prometeu acabar com o desmatamento na floresta amaz\u00f4nica at\u00e9 2030. Este compromisso marca uma mudan\u00e7a significativa em rela\u00e7\u00e3o \u00e0s pol\u00edticas do governo atual, que supervisionou um forte aumento nas taxas de desmatamento.<\/p>\n\n<p>Proteger a Amaz\u00f4nia \u00e9 essencial para a estabilidade clim\u00e1tica global, pois a floresta amaz\u00f4nica atua como um grande sumidouro de carbono. No entanto, especialistas observam que implementar a promessa de Lula ser\u00e1 desafiador devido \u00e0 influ\u00eancia de partidos de direita no Congresso brasileiro.<\/p>\n\n<h2 class=\"wp-block-heading\">Restri\u00e7\u00f5es a Protestos<\/h2>\n\n<p>Historicamente, os protestos t\u00eam sido uma caracter\u00edstica proeminente das confer\u00eancias sobre o clima, oferecendo uma plataforma para ativistas expressarem suas preocupa\u00e7\u00f5es. No entanto, na COP27, os protestos foram confinados a uma zona designada longe do centro de confer\u00eancias.<\/p>\n\n<p>Ativistas clim\u00e1ticos criticaram essas restri\u00e7\u00f5es, argumentando que elas sufocaram sua capacidade de responsabilizar os l\u00edderes mundiais. V\u00e1rios ativistas americanos foram at\u00e9 expulsos da confer\u00eancia por protestarem brevemente durante o discurso do presidente Biden.<\/p>\n\n<h2 class=\"wp-block-heading\">Pontos-Chave Adicionais<\/h2>\n\n<ul class=\"wp-block-list\">\n<li><strong>Adapta\u00e7\u00e3o e Mitiga\u00e7\u00e3o:<\/strong> A COP27 tamb\u00e9m discutiu a necessidade de medidas de adapta\u00e7\u00e3o e mitiga\u00e7\u00e3o para enfrentar as mudan\u00e7as clim\u00e1ticas. A adapta\u00e7\u00e3o envolve ajustar-se aos impactos das mudan\u00e7as clim\u00e1ticas, como aumento do n\u00edvel do mar e eventos clim\u00e1ticos extremos. A mitiga\u00e7\u00e3o envolve reduzir as emiss\u00f5es de gases de efeito estufa para diminuir o ritmo das mudan\u00e7as clim\u00e1ticas.<\/li>\n<li><strong>Energias Renov\u00e1veis:<\/strong> A transi\u00e7\u00e3o para fontes de energia renov\u00e1veis, como energia solar e e\u00f3lica, foi enfatizada como uma estrat\u00e9gia-chave para mitigar as mudan\u00e7as clim\u00e1ticas e reduzir a depend\u00eancia de combust\u00edveis f\u00f3sseis.<\/li>\n<li><strong>Justi\u00e7a Clim\u00e1tica:<\/strong> A COP27 destacou a import\u00e2ncia de garantir que a a\u00e7\u00e3o clim\u00e1tica seja equitativa e aborde os impactos desproporcionais das mudan\u00e7as clim\u00e1ticas nas comunidades vulner\u00e1veis.<\/li>\n<li><strong>Colabora\u00e7\u00e3o e Parcerias:<\/strong> A c\u00fapula enfatizou a necessidade de colabora\u00e7\u00e3o e parcerias entre governos, empresas e organiza\u00e7\u00f5es da sociedade civil para enfrentar efetivamente a crise clim\u00e1tica.<\/li>\n<\/ul>","protected":false},"excerpt":{"rendered":"<p>C\u00fapula do Clima COP27: Cinco Principais Linhas de A\u00e7\u00e3o Fundo de Perdas e Danos Os delegados da COP27 concordaram em estabelecer um fundo para apoiar pa\u00edses em desenvolvimento que sofreram&hellip;<\/p>\n","protected":false},"author":6,"featured_media":0,"comment_status":"closed","ping_status":"closed","sticky":false,"template":"","format":"standard","meta":{"footnotes":""},"categories":[284],"tags":[2838,17675,119,34,19819,120],"class_list":["post-14804","post","type-post","status-publish","format-standard","hentry","category-climate-science","tag-fossil-fuels","tag-cop27","tag-renewable-energy","tag-climate-change","tag-loss-and-damage","tag-sustainability"],"_links":{"self":[{"href":"https:\/\/www.lifescienceart.com\/pt\/wp-json\/wp\/v2\/posts\/14804","targetHints":{"allow":["GET"]}}],"collection":[{"href":"https:\/\/www.lifescienceart.com\/pt\/wp-json\/wp\/v2\/posts"}],"about":[{"href":"https:\/\/www.lifescienceart.com\/pt\/wp-json\/wp\/v2\/types\/post"}],"author":[{"embeddable":true,"href":"https:\/\/www.lifescienceart.com\/pt\/wp-json\/wp\/v2\/users\/6"}],"replies":[{"embeddable":true,"href":"https:\/\/www.lifescienceart.com\/pt\/wp-json\/wp\/v2\/comments?post=14804"}],"version-history":[{"count":1,"href":"https:\/\/www.lifescienceart.com\/pt\/wp-json\/wp\/v2\/posts\/14804\/revisions"}],"predecessor-version":[{"id":14805,"href":"https:\/\/www.lifescienceart.com\/pt\/wp-json\/wp\/v2\/posts\/14804\/revisions\/14805"}],"wp:attachment":[{"href":"https:\/\/www.lifescienceart.com\/pt\/wp-json\/wp\/v2\/media?parent=14804"}],"wp:term":[{"taxonomy":"category","embeddable":true,"href":"https:\/\/www.lifescienceart.com\/pt\/wp-json\/wp\/v2\/categories?post=14804"},{"taxonomy":"post_tag","embeddable":true,"href":"https:\/\/www.lifescienceart.com\/pt\/wp-json\/wp\/v2\/tags?post=14804"}],"curies":[{"name":"wp","href":"https:\/\/api.w.org\/{rel}","templated":true}]}}