{"id":14881,"date":"2024-09-17T01:56:39","date_gmt":"2024-09-17T01:56:39","guid":{"rendered":"https:\/\/www.lifescienceart.com\/?p=14881"},"modified":"2024-09-17T01:56:39","modified_gmt":"2024-09-17T01:56:39","slug":"hominid-evolution-2012-discoveries","status":"publish","type":"post","link":"https:\/\/www.lifescienceart.com\/pt\/science\/evolution\/hominid-evolution-2012-discoveries\/","title":{"rendered":"10 principais descobertas sobre a evolu\u00e7\u00e3o humana em 2012: novas esp\u00e9cies, ferramentas antigas e cultura moderna"},"content":{"rendered":"<h2 class=\"wp-block-heading\">Evolu\u00e7\u00e3o dos homin\u00eddeos: as 10 principais descobertas de 2012<\/h2>\n\n<h2 class=\"wp-block-heading\">Diversidade de ancestrais humanos<\/h2>\n\n<p>2012 foi um ano excepcional para a pesquisa sobre a evolu\u00e7\u00e3o dos homin\u00eddeos, com descobertas que lan\u00e7aram luz sobre a not\u00e1vel diversidade e adaptabilidade de nossos antigos parentes. Ao longo dos \u00faltimos 12 meses, os pesquisadores encontraram evid\u00eancias de que, durante a maior parte dos sete milh\u00f5es de anos de hist\u00f3ria dos homin\u00eddeos, numerosas esp\u00e9cies com uma ampla gama de adapta\u00e7\u00f5es coexistiram.<\/p>\n\n<h2 class=\"wp-block-heading\">M\u00faltiplas esp\u00e9cies de Homo primitivo na \u00c1frica<\/h2>\n\n<p>Uma das descobertas mais significativas do ano \u00e9 a confirma\u00e7\u00e3o de que m\u00faltiplas esp\u00e9cies de Homo viveram na \u00c1frica h\u00e1 cerca de dois milh\u00f5es de anos. Esta descoberta desafia a cren\u00e7a de longa data de que havia apenas uma esp\u00e9cie de Homo, Homo habilis, durante este per\u00edodo de tempo.<\/p>\n\n<p>Em agosto, pesquisadores trabalhando no Qu\u00eania anunciaram que haviam encontrado uma mand\u00edbula inferior que se encaixa com o cr\u00e2nio parcial previamente encontrado do Homo rudolfensis. A nova mand\u00edbula n\u00e3o corresponde \u00e0s mand\u00edbulas do Homo habilis, o que sugere que deve ter havido pelo menos duas esp\u00e9cies de Homo presentes na \u00c1frica h\u00e1 dois milh\u00f5es de anos.<\/p>\n\n<h2 class=\"wp-block-heading\">Nova esp\u00e9cie de Homo de 11.500 anos da China<\/h2>\n\n<p>Outra grande descoberta de 2012 \u00e9 a identifica\u00e7\u00e3o de uma nova esp\u00e9cie de Homo que viveu na China entre 11.500 e 14.300 anos atr\u00e1s. Os f\u00f3sseis, que foram encontrados em uma caverna no sul da China, t\u00eam uma mistura de caracter\u00edsticas que n\u00e3o s\u00e3o vistas em humanos modernos ou em outras popula\u00e7\u00f5es conhecidas de Homo sapiens. Isso sugere que os f\u00f3sseis podem representar uma esp\u00e9cie de Homo rec\u00e9m-descoberta que viveu ao lado dos humanos durante a \u00e9poca do Pleistoceno tardio.<\/p>\n\n<h2 class=\"wp-block-heading\">Omoplatas indicam que A. afarensis subiam em \u00e1rvores<\/h2>\n\n<p>Outra quest\u00e3o muito debatida na evolu\u00e7\u00e3o humana \u00e9 se os primeiros homin\u00eddeos ainda subiam em \u00e1rvores, apesar de terem sido constru\u00eddos para andar eretos sobre o solo. As omoplatas fossilizadas de uma crian\u00e7a A. afarensis de 3,3 milh\u00f5es de anos sugerem que a resposta \u00e9 sim.<\/p>\n\n<p>Os cientistas compararam os ombros da crian\u00e7a com os de esp\u00e9cimes adultos de A. afarensis, bem como com os de humanos e macacos modernos. Eles descobriram que o ombro do A. afarensis passou por mudan\u00e7as de desenvolvimento durante a inf\u00e2ncia que se assemelham \u00e0s dos chimpanz\u00e9s, cujo crescimento dos ombros \u00e9 afetado pelo ato de subir. Isso sugere que A. afarensis, pelo menos os jovens, passavam parte de seu tempo nas \u00e1rvores.<\/p>\n\n<h2 class=\"wp-block-heading\">Descobertas as primeiras armas de proj\u00e9teis<\/h2>\n\n<p>Os arque\u00f3logos fizeram duas descobertas importantes relacionadas \u00e0 tecnologia de proj\u00e9teis em 2012. No s\u00edtio Kathu Pan 1 na \u00c1frica do Sul, os arque\u00f3logos recuperaram pontas de pedra de 500.000 anos que os homin\u00eddeos usaram para fazer as primeiras lan\u00e7as conhecidas. Cerca de 300.000 anos depois, os humanos come\u00e7aram a fazer lan\u00e7adores de lan\u00e7as e possivelmente at\u00e9 arcos e flechas.<\/p>\n\n<p>Em outro s\u00edtio sul-africano chamado Pinnacle Point, os pesquisadores descobriram pequenas pontas de pedra datadas de 71.000 anos atr\u00e1s que provavelmente foram usadas para fazer armas de proj\u00e9teis. O registro geol\u00f3gico indica que os primeiros humanos fizeram essas pequenas pontas ao longo de milhares de anos, o que sugere que eles tinham as habilidades cognitivas e lingu\u00edsticas para transmitir instru\u00e7\u00f5es para fazer ferramentas complexas ao longo de centenas de gera\u00e7\u00f5es.<\/p>\n\n<h2 class=\"wp-block-heading\">A evid\u00eancia mais antiga de cultura moderna<\/h2>\n\n<p>A \u00e9poca e o padr\u00e3o do surgimento da cultura humana moderna \u00e9 outra \u00e1rea de intenso debate em paleoantropologia. Alguns pesquisadores acreditam que o desenvolvimento do comportamento moderno foi um processo gradual, enquanto outros o veem como um progresso em saltos e trancos.<\/p>\n\n<p>Em agosto, os arque\u00f3logos trouxeram novas evid\u00eancias para o debate ao descobrir uma cole\u00e7\u00e3o de artefatos de 44.000 anos na Caverna da Fronteira na \u00c1frica do Sul. Os artefatos, que incluem furadores de osso, contas, bast\u00f5es de escava\u00e7\u00e3o e resina de fixa\u00e7\u00e3o, assemelham-se \u00e0s ferramentas usadas pela cultura San moderna hoje. Os arque\u00f3logos argumentam que este \u00e9 o exemplo mais antigo conhecido de cultura moderna, pois \u00e9 o conjunto de ferramentas mais antigo que corresponde \u00e0quelas usadas por pessoas vivas.<\/p>\n\n<h2 class=\"wp-block-heading\">O exemplo mais antigo de fogo de homin\u00eddeo<\/h2>\n\n<p>Estudar as origens do fogo \u00e9 uma tarefa dif\u00edcil porque muitas vezes \u00e9 dif\u00edcil diferenciar entre os inc\u00eandios naturais que os homin\u00eddeos podem ter aproveitado e os inc\u00eandios que nossos ancestrais realmente acenderam. No entanto, em abril de 2012, os pesquisadores anunciaram que haviam estabelecido a evid\u00eancia mais &#8220;segura&#8221; de que os homin\u00eddeos iniciaram inc\u00eandios: ossos carbonizados de um milh\u00e3o de anos e restos de plantas de uma caverna na \u00c1frica do Sul. Como o inc\u00eandio ocorreu em uma caverna, os pesquisadores acreditam que os homin\u00eddeos foram a causa mais prov\u00e1vel do inc\u00eandio.<\/p>\n\n<h2 class=\"wp-block-heading\">Data\u00e7\u00e3o de acasalamentos entre humanos e neandertais<\/h2>\n\n<p>Est\u00e1 bem estabelecido que os neandertais e o Homo sapiens acasalaram entre si, uma vez que o DNA neandertal constitui uma pequena por\u00e7\u00e3o do genoma humano. Em 2012, os cientistas estimaram quando esses encontros ocorreram: entre 47.000 e 65.000 anos atr\u00e1s. Esse momento coincide com o per\u00edodo em que se acredita que os humanos deixaram a \u00c1frica e se espalharam pela \u00c1sia e Europa.<\/p>\n\n<h2 class=\"wp-block-heading\">Australopithecus sediba se alimentava de madeira<\/h2>\n\n<p>Part\u00edculas de comida presas nos dentes de um f\u00f3ssil de Australopithecus sediba revelaram que o homin\u00eddeo de quase dois milh\u00f5es de anos comia madeira, algo que ainda n\u00e3o foi encontrado em nenhuma outra esp\u00e9cie de homin\u00eddeo. O Australopithecus sediba foi descoberto na \u00c1frica do Sul em 2010 e \u00e9 um candidato ao ancestral do g\u00eanero Homo.<\/p>\n\n<h2 class=\"wp-block-heading\">Os f\u00f3sseis de H. sapiens mais antigos do sudeste asi\u00e1tico<\/h2>\n\n<p>Cientistas trabalhando em uma caverna no Laos desenterraram f\u00f3sseis que datam de entre 46.000 e 63.000 anos atr\u00e1s. V\u00e1rios aspectos dos ossos, incluindo um alargamento do cr\u00e2nio atr\u00e1s dos olhos, indicam que os ossos pertenciam ao Homo sapiens. Embora outros poss\u00edveis f\u00f3sseis de humanos modernos no sudeste asi\u00e1tico sejam mais antigos do que esta descoberta, os pesquisadores afirmam que os restos do Laos s\u00e3o a evid\u00eancia mais conclusiva dos primeiros humanos na regi\u00e3o.<\/p>","protected":false},"excerpt":{"rendered":"<p>Evolu\u00e7\u00e3o dos homin\u00eddeos: as 10 principais descobertas de 2012 Diversidade de ancestrais humanos 2012 foi um ano excepcional para a pesquisa sobre a evolu\u00e7\u00e3o dos homin\u00eddeos, com descobertas que lan\u00e7aram&hellip;<\/p>\n","protected":false},"author":2,"featured_media":24363,"comment_status":"closed","ping_status":"closed","sticky":false,"template":"","format":"standard","meta":{"footnotes":""},"categories":[1327],"tags":[1017,1020,4040,19903,19905,1019,1738,1568,19904],"class_list":["post-14881","post","type-post","status-publish","format-standard","has-post-thumbnail","hentry","category-evolution","tag-ancient-dna","tag-denisovans","tag-fire","tag-hominid-evolution","tag-modern-culture","tag-neanderthals","tag-human-origins","tag-paleoanthropology","tag-projectile-weapons"],"_links":{"self":[{"href":"https:\/\/www.lifescienceart.com\/pt\/wp-json\/wp\/v2\/posts\/14881","targetHints":{"allow":["GET"]}}],"collection":[{"href":"https:\/\/www.lifescienceart.com\/pt\/wp-json\/wp\/v2\/posts"}],"about":[{"href":"https:\/\/www.lifescienceart.com\/pt\/wp-json\/wp\/v2\/types\/post"}],"author":[{"embeddable":true,"href":"https:\/\/www.lifescienceart.com\/pt\/wp-json\/wp\/v2\/users\/2"}],"replies":[{"embeddable":true,"href":"https:\/\/www.lifescienceart.com\/pt\/wp-json\/wp\/v2\/comments?post=14881"}],"version-history":[{"count":2,"href":"https:\/\/www.lifescienceart.com\/pt\/wp-json\/wp\/v2\/posts\/14881\/revisions"}],"predecessor-version":[{"id":24364,"href":"https:\/\/www.lifescienceart.com\/pt\/wp-json\/wp\/v2\/posts\/14881\/revisions\/24364"}],"wp:featuredmedia":[{"embeddable":true,"href":"https:\/\/www.lifescienceart.com\/pt\/wp-json\/wp\/v2\/media\/24363"}],"wp:attachment":[{"href":"https:\/\/www.lifescienceart.com\/pt\/wp-json\/wp\/v2\/media?parent=14881"}],"wp:term":[{"taxonomy":"category","embeddable":true,"href":"https:\/\/www.lifescienceart.com\/pt\/wp-json\/wp\/v2\/categories?post=14881"},{"taxonomy":"post_tag","embeddable":true,"href":"https:\/\/www.lifescienceart.com\/pt\/wp-json\/wp\/v2\/tags?post=14881"}],"curies":[{"name":"wp","href":"https:\/\/api.w.org\/{rel}","templated":true}]}}