{"id":16426,"date":"2022-10-01T06:54:42","date_gmt":"2022-10-01T06:54:42","guid":{"rendered":"https:\/\/www.lifescienceart.com\/?p=16426"},"modified":"2022-10-01T06:54:42","modified_gmt":"2022-10-01T06:54:42","slug":"2023-hottest-year-on-record-climate-change-impacts-and-solutions","status":"publish","type":"post","link":"https:\/\/www.lifescienceart.com\/pt\/science\/climate-science\/2023-hottest-year-on-record-climate-change-impacts-and-solutions\/","title":{"rendered":"2023: Calor recorde e os impactos das mudan\u00e7as clim\u00e1ticas"},"content":{"rendered":"<h2 class=\"wp-block-heading\">Calor recorde: 2023 ser\u00e1 o ano mais quente j\u00e1 registrado<\/h2>\n\n<h2 class=\"wp-block-heading\">Temperaturas globais disparam<\/h2>\n\n<p>De acordo com o Servi\u00e7o de Mudan\u00e7a Clim\u00e1tica Copernicus (C3S) da Uni\u00e3o Europeia, 2023 est\u00e1 a caminho de se tornar o ano mais quente da hist\u00f3ria registrada. At\u00e9 novembro, as temperaturas m\u00e9dias globais estavam 0,13 graus Celsius acima do ano mais quente registrado, 2016.<\/p>\n\n<h2 class=\"wp-block-heading\">Impactos das mudan\u00e7as clim\u00e1ticas<\/h2>\n\n<p>O aumento das temperaturas \u00e9 consequ\u00eancia das atividades humanas, principalmente da queima de combust\u00edveis f\u00f3sseis, que liberam gases de efeito estufa como di\u00f3xido de carbono e metano na atmosfera. Esses gases ret\u00eam o calor, levando ao aquecimento global.<\/p>\n\n<p>Os cientistas alertam que temperaturas sustentadas acima de 1,5 graus Celsius al\u00e9m dos n\u00edveis pr\u00e9-industriais podem ter consequ\u00eancias catastr\u00f3ficas, incluindo tempestades mais frequentes e intensas, secas, escassez de alimentos e inunda\u00e7\u00f5es.<\/p>\n\n<h2 class=\"wp-block-heading\">Emiss\u00f5es de gases de efeito estufa<\/h2>\n\n<p>Os combust\u00edveis f\u00f3sseis s\u00e3o respons\u00e1veis por mais de 75% das emiss\u00f5es globais de gases de efeito estufa. Sem redu\u00e7\u00f5es significativas de emiss\u00f5es, as temperaturas continuar\u00e3o a subir, exacerbando os impactos das mudan\u00e7as clim\u00e1ticas.<\/p>\n\n<h2 class=\"wp-block-heading\">El Ni\u00f1o e mudan\u00e7as clim\u00e1ticas<\/h2>\n\n<p>O atual El Ni\u00f1o, um padr\u00e3o clim\u00e1tico natural, est\u00e1 amplificando os efeitos das mudan\u00e7as clim\u00e1ticas causadas pelo homem. O El Ni\u00f1o traz temperaturas oce\u00e2nicas mais quentes, o que pode aumentar ainda mais as temperaturas m\u00e9dias globais.<\/p>\n\n<h2 class=\"wp-block-heading\">Confer\u00eancia das Na\u00e7\u00f5es Unidas sobre Mudan\u00e7as Clim\u00e1ticas (COP28)<\/h2>\n\n<p>Os l\u00edderes mundiais se reuniram na Confer\u00eancia das Na\u00e7\u00f5es Unidas sobre Mudan\u00e7as Clim\u00e1ticas (COP28) para discutir o progresso e negociar respostas \u00e0s mudan\u00e7as clim\u00e1ticas. Os principais t\u00f3picos inclu\u00edram:<\/p>\n\n<ul class=\"wp-block-list\">\n<li><strong>Elimina\u00e7\u00e3o gradual dos combust\u00edveis f\u00f3sseis:<\/strong> Mais de 80 pa\u00edses defendem a elimina\u00e7\u00e3o gradual dos combust\u00edveis f\u00f3sseis para mitigar os impactos das mudan\u00e7as clim\u00e1ticas.<\/li>\n<li><strong>Fundo para perdas e danos:<\/strong> Foi criado um fundo para fornecer assist\u00eancia financeira de pa\u00edses ricos a pa\u00edses em desenvolvimento que enfrentam o impacto das mudan\u00e7as clim\u00e1ticas.<\/li>\n<li><strong>Redu\u00e7\u00e3o das emiss\u00f5es de metano:<\/strong> A administra\u00e7\u00e3o Biden anunciou uma nova regra da Ag\u00eancia de Prote\u00e7\u00e3o Ambiental para reduzir as emiss\u00f5es de metano da ind\u00fastria de petr\u00f3leo e g\u00e1s em quase 80% at\u00e9 2038.<\/li>\n<\/ul>\n\n<h2 class=\"wp-block-heading\">Impactos na sociedade<\/h2>\n\n<p>As consequ\u00eancias do aumento das temperaturas s\u00e3o de longo alcance:<\/p>\n\n<ul class=\"wp-block-list\">\n<li><strong>Eventos clim\u00e1ticos extremos:<\/strong> Ondas de calor, secas e inunda\u00e7\u00f5es est\u00e3o se tornando mais frequentes e severas, amea\u00e7ando a seguran\u00e7a humana e a infraestrutura.<\/li>\n<li><strong>Riscos \u00e0 sa\u00fade:<\/strong> Doen\u00e7as relacionadas ao calor e problemas respirat\u00f3rios est\u00e3o aumentando devido ao calor extremo.<\/li>\n<li><strong>Seguran\u00e7a alimentar:<\/strong> Secas e inunda\u00e7\u00f5es podem interromper a produ\u00e7\u00e3o de alimentos, levando \u00e0 escassez de alimentos e aumento de pre\u00e7os.<\/li>\n<li><strong>Deslocamento e migra\u00e7\u00e3o:<\/strong> A eleva\u00e7\u00e3o do n\u00edvel do mar e eventos clim\u00e1ticos extremos podem for\u00e7ar as pessoas a se deslocarem, criando crises humanit\u00e1rias.<\/li>\n<\/ul>\n\n<h2 class=\"wp-block-heading\">Enfrentando as mudan\u00e7as clim\u00e1ticas<\/h2>\n\n<p>Enfrentar as mudan\u00e7as clim\u00e1ticas requer um esfor\u00e7o global conjunto:<\/p>\n\n<ul class=\"wp-block-list\">\n<li><strong>Redu\u00e7\u00e3o de emiss\u00f5es:<\/strong> A transi\u00e7\u00e3o para fontes de energia renov\u00e1veis e a implementa\u00e7\u00e3o de medidas de efici\u00eancia energ\u00e9tica s\u00e3o cruciais.<\/li>\n<li><strong>Adapta\u00e7\u00e3o e resili\u00eancia:<\/strong> Investir em infraestrutura e prepara\u00e7\u00e3o para desastres pode mitigar os impactos das mudan\u00e7as clim\u00e1ticas.<\/li>\n<li><strong>Coopera\u00e7\u00e3o internacional:<\/strong> A colabora\u00e7\u00e3o entre os pa\u00edses \u00e9 essencial para compartilhar conhecimento, recursos e solu\u00e7\u00f5es.<\/li>\n<\/ul>\n\n<h2 class=\"wp-block-heading\">Conclus\u00e3o<\/h2>\n\n<p>O calor recorde de 2023 serve como um alerta sobre a urg\u00eancia de enfrentar as mudan\u00e7as clim\u00e1ticas. Ao reduzir as emiss\u00f5es de gases de efeito estufa, promover energia limpa e fomentar a coopera\u00e7\u00e3o internacional, podemos mitigar os piores impactos das mudan\u00e7as clim\u00e1ticas e garantir um futuro sustent\u00e1vel para as gera\u00e7\u00f5es futuras.<\/p>","protected":false},"excerpt":{"rendered":"<p>Calor recorde: 2023 ser\u00e1 o ano mais quente j\u00e1 registrado Temperaturas globais disparam De acordo com o Servi\u00e7o de Mudan\u00e7a Clim\u00e1tica Copernicus (C3S) da Uni\u00e3o Europeia, 2023 est\u00e1 a caminho&hellip;<\/p>\n","protected":false},"author":1,"featured_media":0,"comment_status":"closed","ping_status":"closed","sticky":false,"template":"","format":"standard","meta":{"footnotes":""},"categories":[284],"tags":[569,119,21753,291,34,120],"class_list":["post-16426","post","type-post","status-publish","format-standard","hentry","category-climate-science","tag-global-warming","tag-renewable-energy","tag-extreme-weather-events","tag-greenhouse-gases","tag-climate-change","tag-sustainability"],"_links":{"self":[{"href":"https:\/\/www.lifescienceart.com\/pt\/wp-json\/wp\/v2\/posts\/16426","targetHints":{"allow":["GET"]}}],"collection":[{"href":"https:\/\/www.lifescienceart.com\/pt\/wp-json\/wp\/v2\/posts"}],"about":[{"href":"https:\/\/www.lifescienceart.com\/pt\/wp-json\/wp\/v2\/types\/post"}],"author":[{"embeddable":true,"href":"https:\/\/www.lifescienceart.com\/pt\/wp-json\/wp\/v2\/users\/1"}],"replies":[{"embeddable":true,"href":"https:\/\/www.lifescienceart.com\/pt\/wp-json\/wp\/v2\/comments?post=16426"}],"version-history":[{"count":1,"href":"https:\/\/www.lifescienceart.com\/pt\/wp-json\/wp\/v2\/posts\/16426\/revisions"}],"predecessor-version":[{"id":16427,"href":"https:\/\/www.lifescienceart.com\/pt\/wp-json\/wp\/v2\/posts\/16426\/revisions\/16427"}],"wp:attachment":[{"href":"https:\/\/www.lifescienceart.com\/pt\/wp-json\/wp\/v2\/media?parent=16426"}],"wp:term":[{"taxonomy":"category","embeddable":true,"href":"https:\/\/www.lifescienceart.com\/pt\/wp-json\/wp\/v2\/categories?post=16426"},{"taxonomy":"post_tag","embeddable":true,"href":"https:\/\/www.lifescienceart.com\/pt\/wp-json\/wp\/v2\/tags?post=16426"}],"curies":[{"name":"wp","href":"https:\/\/api.w.org\/{rel}","templated":true}]}}