{"id":2202,"date":"2023-03-14T06:25:19","date_gmt":"2023-03-14T06:25:19","guid":{"rendered":"https:\/\/www.lifescienceart.com\/pt\/?p=2202"},"modified":"2023-03-14T06:25:19","modified_gmt":"2023-03-14T06:25:19","slug":"west-antarctic-ice-sheet-vulnerability-revealed-by-past-global-flood","status":"publish","type":"post","link":"https:\/\/www.lifescienceart.com\/pt\/science\/earth-sciences\/west-antarctic-ice-sheet-vulnerability-revealed-by-past-global-flood\/","title":{"rendered":"Derretimento da camada de gelo da Ant\u00e1rtida Ocidental: passado revela vulnerabilidade"},"content":{"rendered":"<h2 class=\"wp-block-heading\">Dil\u00favio Global do Passado Revela Vulnerabilidade da Camada de Gelo da Ant\u00e1rtida<\/h2>\n\n<h2 class=\"wp-block-heading\">O Mist\u00e9rio Eemiano<\/h2>\n\n<p>Entre 116.000 e 129.000 anos atr\u00e1s, os n\u00edveis do mar eram significativamente mais altos do que hoje, submergindo \u00e1reas costeiras e ilhas inteiras. A causa desta subida durante o per\u00edodo Eemiano tem sido um mist\u00e9rio, mas novas pesquisas sugerem que foi desencadeada pelo colapso da <strong>Camada de Gelo da Ant\u00e1rtida Ocidental<\/strong>.<\/p>\n\n<h2 class=\"wp-block-heading\">Groenl\u00e2ndia Inocentada<\/h2>\n\n<p>Inicialmente, os cientistas acreditavam que a Camada de Gelo da Gronel\u00e2ndia era respons\u00e1vel pela subida do n\u00edvel do mar durante o Eemiano. No entanto, evid\u00eancias geol\u00f3gicas recentes indicam que o gelo da Gronel\u00e2ndia permaneceu intacto, inocentando-a.<\/p>\n\n<h2 class=\"wp-block-heading\">Papel da Ant\u00e1rtida Ocidental<\/h2>\n\n<p>A <strong>Camada de Gelo da Ant\u00e1rtida Ocidental<\/strong> tornou-se a principal suspeita devido ao seu tamanho enorme e instabilidade. Para investigar o seu papel, glaciologistas analisaram n\u00facleos de sedimentos perfurados ao largo da costa da camada de gelo. Descobriram que durante o Eemiano, material das \u00e1reas da <strong>prov\u00edncia de Amundsen<\/strong> e do <strong>Glaciar Pine Island<\/strong> desapareceu gradualmente, deixando apenas silte da <strong>Pen\u00ednsula Ant\u00e1rtica<\/strong>.<\/p>\n\n<h2 class=\"wp-block-heading\">Colapso da Camada de Gelo<\/h2>\n\n<p>Esta descoberta sugere que o gelo nas \u00e1reas de Amundsen e do Glaciar Pine Island deixou de fluir ou derreteu, enquanto as geleiras na Pen\u00ednsula Ant\u00e1rtica persistiram. Os investigadores conclu\u00edram que a <strong>Camada de Gelo da Ant\u00e1rtida Ocidental<\/strong> tinha entrado em colapso, erodindo a sua capacidade de contribuir com sedimentos para o ambiente marinho.<\/p>\n\n<h2 class=\"wp-block-heading\">Sensibilidade \u00e0 Temperatura<\/h2>\n\n<p>O colapso da <strong>Camada de Gelo da Ant\u00e1rtida Ocidental<\/strong> destaca a sua vulnerabilidade \u00e0s altera\u00e7\u00f5es de temperatura. Isto levantou preocupa\u00e7\u00f5es porque a camada de gelo est\u00e1 atualmente a mostrar sinais de stress. No entanto, \u00e9 importante notar que o per\u00edodo Eemiano n\u00e3o \u00e9 um paralelo exato \u00e0s altera\u00e7\u00f5es clim\u00e1ticas atuais, uma vez que foi impulsionado por fatores naturais e n\u00e3o por atividades humanas.<\/p>\n\n<h2 class=\"wp-block-heading\">Sinais de Instabilidade<\/h2>\n\n<p>Apesar das diferen\u00e7as entre o Eemiano e o clima atual, a Ant\u00e1rtida est\u00e1 a exibir sinais de instabilidade. A <strong>Camada de Gelo da Ant\u00e1rtida Ocidental<\/strong> perdeu tr\u00eas bili\u00f5es de toneladas de gelo desde 1992, com perdas de gelo a acelerar nas \u00faltimas d\u00e9cadas.<\/p>\n\n<h2 class=\"wp-block-heading\">Preocupa\u00e7\u00f5es com a Ant\u00e1rtida Oriental<\/h2>\n\n<p>N\u00e3o s\u00f3 a Ocidental, mas tamb\u00e9m a <strong>Camada de Gelo da Ant\u00e1rtida Oriental<\/strong>, h\u00e1 muito considerada est\u00e1vel, est\u00e1 a mostrar sinais de perda de gelo. Glaciologistas observaram um afilamento e taxas de fluxo aceleradas das geleiras na <strong>Ba\u00eda de Vincennes<\/strong> e no enorme <strong>Glaciar Totten<\/strong>. Estes sistemas cont\u00eam gelo suficiente para elevar o n\u00edvel do mar em 30 p\u00e9s.<\/p>\n\n<h2 class=\"wp-block-heading\">Impacto no N\u00edvel do Mar<\/h2>\n\n<p>De acordo com a NASA, o derretimento do gelo ant\u00e1rtico j\u00e1 contribuiu para um aumento de 0,3 polegadas no n\u00edvel do mar global desde 1992. Se todo o gelo da Ant\u00e1rtida derretesse, o n\u00edvel do mar subiria imensos 190 p\u00e9s. Embora isto possa parecer extremo, estudos sugerem que a queima de todos os combust\u00edveis f\u00f3sseis dispon\u00edveis poderia potencialmente derreter toda a calota glacial.<\/p>\n\n<h2 class=\"wp-block-heading\">Pesquisas Futuras<\/h2>\n\n<p>Os investigadores est\u00e3o a planear perfurar n\u00facleos de sedimentos adicionais ao largo da Ant\u00e1rtida para obter mais informa\u00e7\u00f5es sobre o per\u00edodo Eemiano. As suas descobertas ajudar\u00e3o a refinar a nossa compreens\u00e3o da vulnerabilidade das camadas de gelo ant\u00e1rticas \u00e0s altera\u00e7\u00f5es clim\u00e1ticas e das suas potenciais consequ\u00eancias para a subida do n\u00edvel do mar.<\/p>","protected":false},"excerpt":{"rendered":"<p>Dil\u00favio Global do Passado Revela Vulnerabilidade da Camada de Gelo da Ant\u00e1rtida O Mist\u00e9rio Eemiano Entre 116.000 e 129.000 anos atr\u00e1s, os n\u00edveis do mar eram significativamente mais altos do&hellip;<\/p>\n","protected":false},"author":6,"featured_media":0,"comment_status":"closed","ping_status":"","sticky":false,"template":"","format":"standard","meta":{"footnotes":""},"categories":[728],"tags":[721,4593,4596,4597,4595,4592,34,473,749,4594,4598,4599],"class_list":["post-2202","post","type-post","status-publish","format-standard","hentry","category-earth-sciences","tag-antarctica","tag-global-flood","tag-east-antarctic-ice-sheet","tag-pine-island-glacier","tag-west-antarctic-ice-sheet","tag-ice-sheets","tag-climate-change","tag-nasa","tag-sea-level-rise","tag-eemian-period","tag-totten-glacier","tag-vincennes-bay"],"_links":{"self":[{"href":"https:\/\/www.lifescienceart.com\/pt\/wp-json\/wp\/v2\/posts\/2202","targetHints":{"allow":["GET"]}}],"collection":[{"href":"https:\/\/www.lifescienceart.com\/pt\/wp-json\/wp\/v2\/posts"}],"about":[{"href":"https:\/\/www.lifescienceart.com\/pt\/wp-json\/wp\/v2\/types\/post"}],"author":[{"embeddable":true,"href":"https:\/\/www.lifescienceart.com\/pt\/wp-json\/wp\/v2\/users\/6"}],"replies":[{"embeddable":true,"href":"https:\/\/www.lifescienceart.com\/pt\/wp-json\/wp\/v2\/comments?post=2202"}],"version-history":[{"count":1,"href":"https:\/\/www.lifescienceart.com\/pt\/wp-json\/wp\/v2\/posts\/2202\/revisions"}],"predecessor-version":[{"id":2203,"href":"https:\/\/www.lifescienceart.com\/pt\/wp-json\/wp\/v2\/posts\/2202\/revisions\/2203"}],"wp:attachment":[{"href":"https:\/\/www.lifescienceart.com\/pt\/wp-json\/wp\/v2\/media?parent=2202"}],"wp:term":[{"taxonomy":"category","embeddable":true,"href":"https:\/\/www.lifescienceart.com\/pt\/wp-json\/wp\/v2\/categories?post=2202"},{"taxonomy":"post_tag","embeddable":true,"href":"https:\/\/www.lifescienceart.com\/pt\/wp-json\/wp\/v2\/tags?post=2202"}],"curies":[{"name":"wp","href":"https:\/\/api.w.org\/{rel}","templated":true}]}}