{"id":4807,"date":"2024-08-14T21:14:38","date_gmt":"2024-08-14T21:14:38","guid":{"rendered":"https:\/\/www.lifescienceart.com\/pt\/?p=4807"},"modified":"2024-08-14T21:14:38","modified_gmt":"2024-08-14T21:14:38","slug":"allergies-linked-to-reduced-risk-of-sars-cov-2-infection","status":"publish","type":"post","link":"https:\/\/www.lifescienceart.com\/pt\/science\/health-and-medicine\/allergies-linked-to-reduced-risk-of-sars-cov-2-infection\/","title":{"rendered":"Alergias e COVID-19: novo estudo revela rela\u00e7\u00e3o protetora"},"content":{"rendered":"<h2 class=\"wp-block-heading\">Alergias ligadas a risco reduzido de infec\u00e7\u00e3o por SARS-CoV-2<\/h2>\n\n<h2 class=\"wp-block-heading\">Principais descobertas<\/h2>\n\n<p>Um estudo abrangente realizado pelos Institutos Nacionais de Sa\u00fade (NIH) revelou descobertas intrigantes sobre a rela\u00e7\u00e3o entre alergias e o risco de infe\u00e7\u00e3o por SARS-CoV-2. O estudo revelou que indiv\u00edduos com alergias alimentares t\u00eam significativamente menos probabilidade de contrair o v\u00edrus. Esta descoberta destaca os potenciais efeitos protetores de certas respostas imunes contra a SARS-CoV-2.<\/p>\n\n<h2 class=\"wp-block-heading\">Impacto das alergias alimentares na infe\u00e7\u00e3o por SARS-CoV-2<\/h2>\n\n<p>O estudo do NIH analisou dados de mais de 4.000 participantes, incluindo menores, em 1.400 domic\u00edlios. Os resultados demonstraram que os indiv\u00edduos com alergias alimentares tinham um risco 50% menor de serem infetados com SARS-CoV-2 em compara\u00e7\u00e3o com aqueles sem alergias. Esta observa\u00e7\u00e3o sugere que as alergias alimentares podem conferir certo grau de prote\u00e7\u00e3o contra o v\u00edrus.<\/p>\n\n<h2 class=\"wp-block-heading\">Influ\u00eancia da obesidade e do IMC<\/h2>\n\n<p>Em contraste com o efeito protetor das alergias alimentares, o estudo descobriu que a obesidade e um \u00edndice de massa corporal (IMC) elevado estavam associados a um risco aumentado de infe\u00e7\u00e3o por SARS-CoV-2. Esta descoberta ressalta a import\u00e2ncia de manter um peso saud\u00e1vel para o bem-estar geral e reduzir a suscetibilidade a infe\u00e7\u00f5es virais.<\/p>\n\n<h2 class=\"wp-block-heading\">Asma e eczema: nenhum aumento do risco de infe\u00e7\u00e3o<\/h2>\n\n<p>Ao contr\u00e1rio de suposi\u00e7\u00f5es anteriores, o estudo revelou que a asma e o eczema n\u00e3o aumentaram o risco de infe\u00e7\u00e3o por SARS-CoV-2. Esta descoberta desafia a no\u00e7\u00e3o de que problemas respirat\u00f3rios aumentam inerentemente o risco de infe\u00e7\u00f5es virais.<\/p>\n\n<h2 class=\"wp-block-heading\">Inflama\u00e7\u00e3o do tipo dois e o receptor ACE2<\/h2>\n\n<p>Os investigadores especulam que a inflama\u00e7\u00e3o do tipo dois, uma resposta imune comum associada a doen\u00e7as al\u00e9rgicas como o eczema e alguns tipos de asma, pode desempenhar um papel na redu\u00e7\u00e3o do risco de infe\u00e7\u00e3o por SARS-CoV-2. Acredita-se que a inflama\u00e7\u00e3o do tipo dois diminua os n\u00edveis do recetor ACE2 na superf\u00edcie das c\u00e9lulas das vias a\u00e9reas. O recetor ACE2 \u00e9 o principal ponto de entrada para a prote\u00edna spike do SARS-CoV-2, que permite que o v\u00edrus infete as c\u00e9lulas. Ao reduzir o n\u00famero de recetores ACE2, a inflama\u00e7\u00e3o do tipo dois pode limitar a capacidade do v\u00edrus de entrar e infetar as c\u00e9lulas.<\/p>\n\n<h2 class=\"wp-block-heading\">Mecanismos de prote\u00e7\u00e3o<\/h2>\n\n<p>Embora os mecanismos exatos subjacentes ao risco reduzido de infe\u00e7\u00e3o por SARS-CoV-2 em indiv\u00edduos com alergias ainda n\u00e3o tenham sido totalmente elucidados, os investigadores est\u00e3o a investigar v\u00e1rios fatores potenciais. Uma possibilidade \u00e9 que as alergias desencadeiem a produ\u00e7\u00e3o de mol\u00e9culas imunes espec\u00edficas que inibem a capacidade do v\u00edrus de se replicar. Outra hip\u00f3tese sugere que as doen\u00e7as al\u00e9rgicas podem aumentar a capacidade do sistema imunol\u00f3gico de reconhecer e eliminar o v\u00edrus de forma mais eficaz.<\/p>\n\n<h2 class=\"wp-block-heading\">Implica\u00e7\u00f5es para a sa\u00fade p\u00fablica<\/h2>\n\n<p>As conclus\u00f5es do estudo do NIH enfatizam a import\u00e2ncia de vacinar crian\u00e7as e implementar medidas abrangentes de sa\u00fade p\u00fablica para prevenir a infe\u00e7\u00e3o por SARS-CoV-2. A vacina\u00e7\u00e3o continua a ser a forma mais eficaz de proteger os indiv\u00edduos e as popula\u00e7\u00f5es vulner\u00e1veis do v\u00edrus.<\/p>\n\n<h2 class=\"wp-block-heading\">Novas orienta\u00e7\u00f5es de pesquisa<\/h2>\n\n<p>As descobertas do estudo abrem novos caminhos para pesquisa sobre a complexa intera\u00e7\u00e3o entre o sistema imunol\u00f3gico, doen\u00e7as al\u00e9rgicas e infe\u00e7\u00f5es virais. Estudos futuros procurar\u00e3o identificar os mecanismos imunes espec\u00edficos respons\u00e1veis pelos efeitos protetores observados em indiv\u00edduos com alergias. Al\u00e9m disso, os investigadores explorar\u00e3o os benef\u00edcios potenciais da modula\u00e7\u00e3o das respostas imunes para aumentar a prote\u00e7\u00e3o contra a SARS-CoV-2 e outras infe\u00e7\u00f5es virais.<\/p>","protected":false},"excerpt":{"rendered":"<p>Alergias ligadas a risco reduzido de infec\u00e7\u00e3o por SARS-CoV-2 Principais descobertas Um estudo abrangente realizado pelos Institutos Nacionais de Sa\u00fade (NIH) revelou descobertas intrigantes sobre a rela\u00e7\u00e3o entre alergias e&hellip;<\/p>\n","protected":false},"author":6,"featured_media":24056,"comment_status":"closed","ping_status":"closed","sticky":false,"template":"","format":"standard","meta":{"footnotes":""},"categories":[463],"tags":[8645,7149,8647,8490,8646,1858,178],"class_list":["post-4807","post","type-post","status-publish","format-standard","has-post-thumbnail","hentry","category-health-and-medicine","tag-allergies","tag-immunity","tag-viral-infection","tag-infection","tag-immune-response","tag-sars-cov-2","tag-public-health"],"_links":{"self":[{"href":"https:\/\/www.lifescienceart.com\/pt\/wp-json\/wp\/v2\/posts\/4807","targetHints":{"allow":["GET"]}}],"collection":[{"href":"https:\/\/www.lifescienceart.com\/pt\/wp-json\/wp\/v2\/posts"}],"about":[{"href":"https:\/\/www.lifescienceart.com\/pt\/wp-json\/wp\/v2\/types\/post"}],"author":[{"embeddable":true,"href":"https:\/\/www.lifescienceart.com\/pt\/wp-json\/wp\/v2\/users\/6"}],"replies":[{"embeddable":true,"href":"https:\/\/www.lifescienceart.com\/pt\/wp-json\/wp\/v2\/comments?post=4807"}],"version-history":[{"count":1,"href":"https:\/\/www.lifescienceart.com\/pt\/wp-json\/wp\/v2\/posts\/4807\/revisions"}],"predecessor-version":[{"id":4808,"href":"https:\/\/www.lifescienceart.com\/pt\/wp-json\/wp\/v2\/posts\/4807\/revisions\/4808"}],"wp:featuredmedia":[{"embeddable":true,"href":"https:\/\/www.lifescienceart.com\/pt\/wp-json\/wp\/v2\/media\/24056"}],"wp:attachment":[{"href":"https:\/\/www.lifescienceart.com\/pt\/wp-json\/wp\/v2\/media?parent=4807"}],"wp:term":[{"taxonomy":"category","embeddable":true,"href":"https:\/\/www.lifescienceart.com\/pt\/wp-json\/wp\/v2\/categories?post=4807"},{"taxonomy":"post_tag","embeddable":true,"href":"https:\/\/www.lifescienceart.com\/pt\/wp-json\/wp\/v2\/tags?post=4807"}],"curies":[{"name":"wp","href":"https:\/\/api.w.org\/{rel}","templated":true}]}}