{"id":7562,"date":"2023-08-18T09:51:56","date_gmt":"2023-08-18T09:51:56","guid":{"rendered":"https:\/\/www.lifescienceart.com\/pt\/?p=7562"},"modified":"2023-08-18T09:51:56","modified_gmt":"2023-08-18T09:51:56","slug":"window-header-size-types-installation","status":"publish","type":"post","link":"https:\/\/www.lifescienceart.com\/pt\/uncategorized\/window-header-size-types-installation\/","title":{"rendered":"Cabe\u00e7alho da janela: guia completo para dimensionamento e instala\u00e7\u00e3o adequados"},"content":{"rendered":"<h2 class=\"wp-block-heading\">Cabe\u00e7alho da janela: tamanho, tipos e instala\u00e7\u00e3o<\/h2>\n\n<h2 class=\"wp-block-heading\">O que \u00e9 um cabe\u00e7alho de janela?<\/h2>\n\n<p>Um cabe\u00e7alho de janela \u00e9 uma viga estrutural que se estende ao longo do topo de uma abertura de janela, permitindo que o espa\u00e7o abaixo permane\u00e7a aberto. Ele substitui uma se\u00e7\u00e3o da parede externa, mantendo a integridade estrutural ao suportar o peso acima dela.<\/p>\n\n<h2 class=\"wp-block-heading\">Por que \u00e9 importante dimensionar corretamente um cabe\u00e7alho de janela?<\/h2>\n\n<p>Dimensionar adequadamente o cabe\u00e7alho da janela \u00e9 crucial por v\u00e1rias raz\u00f5es:<\/p>\n\n<ul class=\"wp-block-list\">\n<li><strong>Funcionamento da janela:<\/strong> Um cabe\u00e7alho de tamanho incorreto pode impedir que as janelas abram e fechem suavemente.<\/li>\n<li><strong>Integridade estrutural:<\/strong> Um cabe\u00e7alho muito pequeno pode levar a problemas estruturais, potencialmente causando danos ao edif\u00edcio.<\/li>\n<li><strong>Resist\u00eancia \u00e0s intemp\u00e9ries:<\/strong> Um cabe\u00e7alho subdimensionado pode n\u00e3o fornecer suporte adequado para a moldura da janela, resultando em vazamentos de \u00e1gua e correntes de ar.<\/li>\n<\/ul>\n\n<h2 class=\"wp-block-heading\">Tamanhos comuns de cabe\u00e7alhos de janelas<\/h2>\n\n<p>O tamanho de um cabe\u00e7alho de janela depende da extens\u00e3o da abertura da janela. Os tamanhos comuns de cabe\u00e7alho incluem:<\/p>\n\n<ul class=\"wp-block-list\">\n<li>Dois 2&#215;4: para janelas com extens\u00e3o de at\u00e9 3 p\u00e9s<\/li>\n<li>Dois 2&#215;6: para v\u00e3os de janela de 4 p\u00e9s e 6 polegadas<\/li>\n<li>Dois 2&#215;8: para v\u00e3os de janela de 5 p\u00e9s e 9 polegadas<\/li>\n<\/ul>\n\n<h2 class=\"wp-block-heading\">Como determinar o tamanho de cabe\u00e7alho apropriado para uma extens\u00e3o de janela espec\u00edfica<\/h2>\n\n<p>Para determinar o tamanho correto do cabe\u00e7alho para uma janela, voc\u00ea pode usar as seguintes diretrizes:<\/p>\n\n<ul class=\"wp-block-list\">\n<li><strong>Para janelas com extens\u00e3o de 3 p\u00e9s ou menos:<\/strong> Use dois 2&#215;4 ou um 4\u00d74.<\/li>\n<li><strong>Para janelas com extens\u00e3o de 4 p\u00e9s e 6 polegadas ou menos:<\/strong> Aumente o tamanho do cabe\u00e7alho para dois 2&#215;6.<\/li>\n<li><strong>Para janelas com extens\u00e3o de 5 p\u00e9s e 9 polegadas ou menos:<\/strong> Use dois 2&#215;8.<\/li>\n<\/ul>\n\n<h2 class=\"wp-block-heading\">Fatores que podem alterar os tamanhos dos cabe\u00e7alhos<\/h2>\n\n<p>V\u00e1rios fatores podem afetar o tamanho de um cabe\u00e7alho de janela, incluindo:<\/p>\n\n<ul class=\"wp-block-list\">\n<li><strong>Largura da constru\u00e7\u00e3o:<\/strong> Constru\u00e7\u00f5es mais estreitas requerem v\u00e3os de cabe\u00e7alho mais curtos.<\/li>\n<li><strong>Carga de neve:<\/strong> Forte ac\u00famulo de neve pode aumentar o peso sobre o cabe\u00e7alho, exigindo um tamanho maior.<\/li>\n<li><strong>Superconstru\u00e7\u00e3o:<\/strong> Alguns construtores podem superdimensionar os cabe\u00e7alhos por precau\u00e7\u00e3o, usando madeira mais grossa ou v\u00e1rias camadas.<\/li>\n<\/ul>\n\n<h2 class=\"wp-block-heading\">Como construir um cabe\u00e7alho de janela superdimensionado<\/h2>\n\n<p>Construir um cabe\u00e7alho de janela superdimensionado pode fornecer resist\u00eancia e tranquilidade adicionais. Os m\u00e9todos comuns incluem:<\/p>\n\n<ul class=\"wp-block-list\">\n<li>Usar dois 2&#215;12 lado a lado para aberturas de janelas largas ou portas de p\u00e1tio.<\/li>\n<li>Adicionar montantes auxiliares para suportar o cabe\u00e7alho.<\/li>\n<\/ul>\n\n<h2 class=\"wp-block-heading\">Montantes principais e auxiliares<\/h2>\n\n<p>Cada cabe\u00e7alho de janela requer dois montantes principais e dois montantes auxiliares. Os montantes principais s\u00e3o suportes verticais que se estendem do ch\u00e3o at\u00e9 o cabe\u00e7alho. Os montantes auxiliares s\u00e3o montantes mais curtos que conectam o cabe\u00e7alho aos montantes principais. \u00c0 medida que as larguras das janelas aumentam, podem ser necess\u00e1rios montantes auxiliares adicionais.<\/p>\n\n<h2 class=\"wp-block-heading\">Madeira laminada folheada (LVL) para cabe\u00e7alhos de janelas<\/h2>\n\n<p>Al\u00e9m da madeira serrada, a madeira laminada folheada (LVL) pode ser usada para cabe\u00e7alhos de janelas. A LVL \u00e9 criada colando finas camadas de folheado, resultando em uma viga mais forte e r\u00edgida. A LVL \u00e9 particularmente valiosa para grandes v\u00e3os de cabe\u00e7alho, como aqueles para portas de garagem ou portas francesas.<\/p>\n\n<h2 class=\"wp-block-heading\">Instala\u00e7\u00e3o de cabe\u00e7alhos de janelas<\/h2>\n\n<p>Os cabe\u00e7alhos das janelas s\u00e3o normalmente instalados da seguinte forma:<\/p>\n\n<ol class=\"wp-block-list\">\n<li>Os montantes principais s\u00e3o fixados ao ch\u00e3o e ao teto.<\/li>\n<li>Os montantes auxiliares s\u00e3o fixados aos montantes principais.<\/li>\n<li>O cabe\u00e7alho \u00e9 colocado sobre os montantes auxiliares e fixado com parafusos ou pregos.<\/li>\n<li>A moldura da janela \u00e9 instalada na abertura do cabe\u00e7alho.<\/li>\n<li>O cabe\u00e7alho \u00e9 isolado e coberto com drywall ou outros materiais de acabamento.<\/li>\n<\/ol>\n\n<p>Ao compreender a import\u00e2ncia de dimensionar e instalar corretamente os cabe\u00e7alhos das janelas, voc\u00ea pode garantir a integridade estrutural e a resist\u00eancia \u00e0s intemp\u00e9ries do seu edif\u00edcio, ao mesmo tempo em que melhora a funcionalidade e o apelo est\u00e9tico das suas janelas.<\/p>","protected":false},"excerpt":{"rendered":"<p>Cabe\u00e7alho da janela: tamanho, tipos e instala\u00e7\u00e3o O que \u00e9 um cabe\u00e7alho de janela? Um cabe\u00e7alho de janela \u00e9 uma viga estrutural que se estende ao longo do topo de&hellip;<\/p>\n","protected":false},"author":1,"featured_media":0,"comment_status":"closed","ping_status":"","sticky":false,"template":"","format":"standard","meta":{"footnotes":""},"categories":[1],"tags":[12043,12044,11628,8820],"class_list":["post-7562","post","type-post","status-publish","format-standard","hentry","category-uncategorized","tag-window-header","tag-window-installation","tag-structural-integrity","tag-home-improvement"],"_links":{"self":[{"href":"https:\/\/www.lifescienceart.com\/pt\/wp-json\/wp\/v2\/posts\/7562","targetHints":{"allow":["GET"]}}],"collection":[{"href":"https:\/\/www.lifescienceart.com\/pt\/wp-json\/wp\/v2\/posts"}],"about":[{"href":"https:\/\/www.lifescienceart.com\/pt\/wp-json\/wp\/v2\/types\/post"}],"author":[{"embeddable":true,"href":"https:\/\/www.lifescienceart.com\/pt\/wp-json\/wp\/v2\/users\/1"}],"replies":[{"embeddable":true,"href":"https:\/\/www.lifescienceart.com\/pt\/wp-json\/wp\/v2\/comments?post=7562"}],"version-history":[{"count":1,"href":"https:\/\/www.lifescienceart.com\/pt\/wp-json\/wp\/v2\/posts\/7562\/revisions"}],"predecessor-version":[{"id":7563,"href":"https:\/\/www.lifescienceart.com\/pt\/wp-json\/wp\/v2\/posts\/7562\/revisions\/7563"}],"wp:attachment":[{"href":"https:\/\/www.lifescienceart.com\/pt\/wp-json\/wp\/v2\/media?parent=7562"}],"wp:term":[{"taxonomy":"category","embeddable":true,"href":"https:\/\/www.lifescienceart.com\/pt\/wp-json\/wp\/v2\/categories?post=7562"},{"taxonomy":"post_tag","embeddable":true,"href":"https:\/\/www.lifescienceart.com\/pt\/wp-json\/wp\/v2\/tags?post=7562"}],"curies":[{"name":"wp","href":"https:\/\/api.w.org\/{rel}","templated":true}]}}