{"id":11517,"date":"2024-10-15T08:37:11","date_gmt":"2024-10-15T08:37:11","guid":{"rendered":"https:\/\/www.lifescienceart.com\/?p=11517"},"modified":"2024-10-15T08:37:11","modified_gmt":"2024-10-15T08:37:11","slug":"national-museum-african-american-history-beacon-remembrance-inspiration","status":"publish","type":"post","link":"https:\/\/www.lifescienceart.com\/ro\/uncategorized\/national-museum-african-american-history-beacon-remembrance-inspiration\/","title":{"rendered":"Muzeul Na\u021bional de Istorie \u0219i Cultur\u0103 Afro-American\u0103: O comoar\u0103 a experien\u021bei afro-americane"},"content":{"rendered":"<h2 class=\"wp-block-heading\">Muzeul Na\u021bional de Istorie \u0219i Cultur\u0103 Afro-American\u0103: Un far al amintirii \u0219i inspira\u021biei<\/h2>\n\n<h2 class=\"wp-block-heading\">Povestea afro-american\u0103: O tapiserie a triumfului \u0219i a luptei<\/h2>\n\n<p>Povestea afro-american\u0103 este un fir esen\u021bial \u00een \u021bes\u0103tura istoriei americane. Este o nara\u021biune a rezisten\u021bei \u0219i triumfului, de la ororile sclaviei la lupta pentru drepturile civile \u0219i alegerea primului pre\u0219edinte afro-american. Muzeul Na\u021bional de Istorie \u0219i Cultur\u0103 Afro-American\u0103 (NMAAHC) este o m\u0103rturie a acestei mo\u0219teniri bogate \u0219i complexe, reunind artefacte, opere de art\u0103 \u0219i pove\u0219ti care lumineaz\u0103 experien\u021ba afro-american\u0103.<\/p>\n\n<h2 class=\"wp-block-heading\">Viziunea \u0219i visul<\/h2>\n\n<p>NMAAHC a fost un vis de zeci de ani, liderii afro-americani pled\u00e2nd pentru o prezen\u021b\u0103 pe National Mall \u00eenc\u0103 din 1915. Persisten\u021ba multora, inclusiv a reprezentantului John Lewis, a \u00eempins \u00een cele din urm\u0103 ideea prin Congres \u00een 2003, iar pre\u0219edintele Bush a promulgat-o ca lege.<\/p>\n\n<p>Cu obstacolul legal dep\u0103\u0219it, Smithsonian avea nevoie de un lider vizionar pentru a aduce visul la via\u021b\u0103. Lonnie Bunch, un istoric \u0219i director de muzeu de renume, a fost numit director fondator al NMAAHC. Sub conducerea sa, muzeul a achizi\u021bionat o vast\u0103 colec\u021bie de artefacte \u0219i opere de art\u0103 \u0219i ofer\u0103 o gam\u0103 larg\u0103 de programe care exploreaz\u0103 istoria \u0219i cultura afro-american\u0103.<\/p>\n\n<h2 class=\"wp-block-heading\">O cl\u0103dire demn\u0103 de poveste<\/h2>\n\n<p>Cl\u0103direa NMAAHC \u00een sine este o capodoper\u0103 arhitectural\u0103, conceput\u0103 pentru a reflecta rezisten\u021ba \u0219i speran\u021ba experien\u021bei afro-americane. \u00cen\u0103l\u021b\u00e2ndu-se deasupra Mall-ului, muzeul are o coroan\u0103 cu trei niveluri care permite intrarea unei lumini naturale abundente \u0219i emite o str\u0103lucire cald\u0103 de chihlimbar noaptea. Cl\u0103direa \u00eencorporeaz\u0103, de asemenea, principii de proiectare durabil\u0103, f\u0103c\u00e2nd-o at\u00e2t practic\u0103, c\u00e2t \u0219i ecologic\u0103.<\/p>\n\n<h2 class=\"wp-block-heading\">Contribu\u021bii la societatea american\u0103<\/h2>\n\n<p>NMAAHC prezint\u0103 imensele contribu\u021bii ale afro-americanilor la cultura, \u0219tiin\u021ba, arta \u0219i istoria american\u0103. Exploreaz\u0103 impactul diasporei africane asupra culturilor mondiale \u0219i promoveaz\u0103 \u00een\u021belegerea experien\u021bei afro-americane prin parteneriate cu muzee din \u00eentreaga \u021bar\u0103.<\/p>\n\n<h2 class=\"wp-block-heading\">Un loc pentru amintire, reflec\u021bie \u0219i s\u0103rb\u0103toare<\/h2>\n\n<p>NMAAHC nu este doar un muzeu; este un loc pentru amintire, reflec\u021bie \u0219i s\u0103rb\u0103toare. Ne aminte\u0219te tuturor, \u0219i vizitatorilor din str\u0103in\u0103tate, c\u0103 \u00een\u021belegerea experien\u021bei afro-americane este esen\u021bial\u0103 pentru \u00een\u021belegerea Americii. Muzeul spune povestea universal\u0103 a rezisten\u021bei, luptei \u0219i triumfului, inspir\u00e2nd vizitatorii s\u0103 aprecieze bogata diversitate a istoriei americane.<\/p>\n\n<h2 class=\"wp-block-heading\">Importan\u021ba colabor\u0103rii<\/h2>\n\n<p>NMAAHC recunoa\u0219te importan\u021ba colabor\u0103rii \u00een p\u0103strarea \u0219i \u00eemp\u0103rt\u0103\u0219irea istoriei afro-americane. Colaboreaz\u0103 cu muzee din \u00eentreaga \u021bar\u0103 \u0219i \u00eei invit\u0103 pe indivizi s\u0103 \u00ee\u0219i \u00eemp\u0103rt\u0103\u0219easc\u0103 comorile cu muzeul. Aceast\u0103 abordare colaborativ\u0103 spore\u0219te activitatea de informare a Smithsonian \u0219i asigur\u0103 c\u0103 NMAAHC r\u0103m\u00e2ne o institu\u021bie vibrant\u0103 \u0219i dinamic\u0103.<\/p>\n\n<h2 class=\"wp-block-heading\">O poveste universal\u0103<\/h2>\n\n<p>NMAAHC spune o poveste universal\u0103 care transcende rasa \u0219i na\u021bionalitatea. Este o poveste a rezisten\u021bei umane, a luptei pentru libertate \u0219i egalitate \u0219i a puterii culturii de a inspira \u0219i eleva. Muzeul invit\u0103 vizitatorii s\u0103 reflecteze asupra propriilor experien\u021be \u0219i s\u0103 recunoasc\u0103 umanitatea comun\u0103 care ne une\u0219te pe to\u021bi.<\/p>","protected":false},"excerpt":{"rendered":"<p>Muzeul Na\u021bional de Istorie \u0219i Cultur\u0103 Afro-American\u0103: Un far al amintirii \u0219i inspira\u021biei Povestea afro-american\u0103: O tapiserie a triumfului \u0219i a luptei Povestea afro-american\u0103 este un fir esen\u021bial \u00een \u021bes\u0103tura&hellip;<\/p>\n","protected":false},"author":1,"featured_media":24616,"comment_status":"closed","ping_status":"closed","sticky":false,"template":"","format":"standard","meta":{"footnotes":""},"categories":[1],"tags":[9,63,1080,27,2524,15583,5932,97],"class_list":["post-11517","post","type-post","status-publish","format-standard","has-post-thumbnail","hentry","category-uncategorized","tag-art","tag-culture","tag-african-american-history","tag-history","tag-museum","tag-national-museum-of-african-american-history-and-culture","tag-smithsonian","tag-science"],"_links":{"self":[{"href":"https:\/\/www.lifescienceart.com\/ro\/wp-json\/wp\/v2\/posts\/11517","targetHints":{"allow":["GET"]}}],"collection":[{"href":"https:\/\/www.lifescienceart.com\/ro\/wp-json\/wp\/v2\/posts"}],"about":[{"href":"https:\/\/www.lifescienceart.com\/ro\/wp-json\/wp\/v2\/types\/post"}],"author":[{"embeddable":true,"href":"https:\/\/www.lifescienceart.com\/ro\/wp-json\/wp\/v2\/users\/1"}],"replies":[{"embeddable":true,"href":"https:\/\/www.lifescienceart.com\/ro\/wp-json\/wp\/v2\/comments?post=11517"}],"version-history":[{"count":2,"href":"https:\/\/www.lifescienceart.com\/ro\/wp-json\/wp\/v2\/posts\/11517\/revisions"}],"predecessor-version":[{"id":24617,"href":"https:\/\/www.lifescienceart.com\/ro\/wp-json\/wp\/v2\/posts\/11517\/revisions\/24617"}],"wp:featuredmedia":[{"embeddable":true,"href":"https:\/\/www.lifescienceart.com\/ro\/wp-json\/wp\/v2\/media\/24616"}],"wp:attachment":[{"href":"https:\/\/www.lifescienceart.com\/ro\/wp-json\/wp\/v2\/media?parent=11517"}],"wp:term":[{"taxonomy":"category","embeddable":true,"href":"https:\/\/www.lifescienceart.com\/ro\/wp-json\/wp\/v2\/categories?post=11517"},{"taxonomy":"post_tag","embeddable":true,"href":"https:\/\/www.lifescienceart.com\/ro\/wp-json\/wp\/v2\/tags?post=11517"}],"curies":[{"name":"wp","href":"https:\/\/api.w.org\/{rel}","templated":true}]}}