{"id":1256,"date":"2024-08-09T21:01:56","date_gmt":"2024-08-09T21:01:56","guid":{"rendered":"https:\/\/www.lifescienceart.com\/?p=1256"},"modified":"2024-08-09T21:01:56","modified_gmt":"2024-08-09T21:01:56","slug":"interview-with-j-madeleine-nash-on-violent-weather-and-climate-change","status":"publish","type":"post","link":"https:\/\/www.lifescienceart.com\/ro\/science\/environmental-science\/interview-with-j-madeleine-nash-on-violent-weather-and-climate-change\/","title":{"rendered":"Fascina\u021bia lui J. Madeleine Nash pentru vremea violent\u0103"},"content":{"rendered":"<h2 class=\"wp-block-heading\">Interviu cu J. Madeleine Nash, autoarea c\u0103r\u021bii \u201eAvertismente de furtun\u0103\u201d<\/h2>\n\n<h2 class=\"wp-block-heading\">Fascina\u021bia lui Nash pentru vremea violent\u0103<\/h2>\n\n<p>J. Madeleine Nash, o reputat\u0103 reporteri\u021b\u0103 \u0219tiin\u021bific\u0103, a relatat despre nenum\u0103rate fenomene meteorologice violente de-a lungul carierei sale. Dou\u0103 experien\u021be ies \u00een eviden\u021b\u0103 ca fiind deosebit de captivante: p\u0103\u0219irea \u00een tunelul \u00eenghe\u021bat al sta\u021biei din Polul Sud \u0219i zborul prin ochiul uraganului Ivan.<\/p>\n\n<p>Fascina\u021bia lui Nash pentru cele mai extreme for\u021be ale naturii provine din copil\u0103ria sa, \u00een care pove\u0219tile despre tr\u0103snetul care a lovit-o pe bunica sa \u0219i despre supravie\u021buirea mamei sale la o tornad\u0103 i-au st\u00e2rnit interesul. Aceast\u0103 expunere timpurie i-a insuflat o apreciere profund\u0103 pentru lumea natural\u0103 \u0219i for\u021bele sale puternice.<\/p>\n\n<h2 class=\"wp-block-heading\">Experien\u021be cu uraganele<\/h2>\n\n<p>\u00cen ciuda proximit\u0103\u021bii sale fa\u021b\u0103 de uragane \u00een copil\u0103rie, cele mai vii amintiri ale lui Nash despre aceste furtuni provin din prima copil\u0103rie \u0219i adolescen\u021b\u0103. C\u00e2nd era bebelu\u0219, a urm\u0103rit un uragan de la fereastr\u0103 cu bucurie, f\u0103r\u0103 s\u0103 fie con\u0219tient\u0103 de poten\u021bialul s\u0103u distructiv. \u00cen 1954, uraganele Edna, Carol \u0219i Hazel au devastat statul ei natal, Carolina de Nord, l\u0103s\u00e2nd o impresie de durat\u0103.<\/p>\n\n<h2 class=\"wp-block-heading\">Efectele uraganelor asupra dezvolt\u0103rii costiere<\/h2>\n\n<p>Devastarea provocat\u0103 de uragane a determinat-o pe Nash s\u0103 pun\u0103 sub semnul \u00eentreb\u0103rii \u00een\u021belepciunea dezvolt\u0103rii costiere excesive. Ea consider\u0103 c\u0103 guvernul ar trebui s\u0103 descurajeze construirea de case de-a lungul litoralelor vulnerabile, \u00een special \u00een contextul frecven\u021bei \u0219i intensit\u0103\u021bii tot mai mari a uraganelor.<\/p>\n\n<h2 class=\"wp-block-heading\">Schimb\u0103rile climatice \u0219i uraganele<\/h2>\n\n<p>Nash recunoa\u0219te dezbaterea privind rolul schimb\u0103rilor climatice \u00een activitatea uraganelor. De\u0219i respect\u0103 teoria oscila\u021biei multianuale, ea recunoa\u0219te, de asemenea, consensul \u0219tiin\u021bific cu privire la influen\u021ba uman\u0103 asupra climei globale. Ea compar\u0103 umanitatea cu un ucenic de vr\u0103jitor, care se joac\u0103 cu for\u021be puternice f\u0103r\u0103 s\u0103 \u00een\u021beleag\u0103 pe deplin consecin\u021bele.<\/p>\n\n<h2 class=\"wp-block-heading\">Importan\u021ba \u00een\u021belegerii schimb\u0103rilor climatice<\/h2>\n\n<p>Av\u00e2nd \u00een vedere rolul umanit\u0103\u021bii \u00een sistemul climatic, Nash subliniaz\u0103 importan\u021ba crucial\u0103 a \u00een\u021belegerii impactului s\u0103u poten\u021bial. Ea consider\u0103 c\u0103 dezbaterea despre uragane \u0219i \u00eenc\u0103lzirea global\u0103 ar trebui re\u00eencadrat\u0103 ca o \u00eentrebare despre c\u00e2t de semnificativ\u0103 este influen\u021ba noastr\u0103. Aceast\u0103 \u00eentrebare, sus\u021bine ea, are implica\u021bii profunde pentru viitorul planetei noastre.<\/p>\n\n<h2 class=\"wp-block-heading\">Ritmurile naturale ale sistemului climatic<\/h2>\n\n<p>Nash a fost mult timp intrigat\u0103 de ritmurile ascunse ale sistemului climatic natural, cum ar fi El Ni\u00f1o. Ea consider\u0103 c\u0103 ideea unei oscila\u021bii multianuale a temperaturilor de la suprafa\u021ba m\u0103rii, care poate influen\u021ba activitatea uraganelor, este conving\u0103toare. Cu toate acestea, ea recunoa\u0219te, de asemenea, alarma tras\u0103 de mul\u021bi oameni de \u0219tiin\u021b\u0103 cu privire la impactul nostru asupra sistemului P\u0103m\u00e2ntului.<\/p>\n\n<h2 class=\"wp-block-heading\">Analogia cu ucenicul vr\u0103jitorului<\/h2>\n\n<p>Nash folose\u0219te analogia cu ucenicul vr\u0103jitorului pentru a ilustra riscurile poten\u021biale ale interferen\u021bei umane \u00een sistemul climatic. Ea avertizeaz\u0103 c\u0103 \u201ene juc\u0103m cu for\u021be majore pe care nu avem idee cum s\u0103 le control\u0103m\u201d \u0219i c\u0103 ne putem confrunta cu consecin\u021be neprev\u0103zute.<\/p>\n\n<h2 class=\"wp-block-heading\">Mo\u0219tenirea lui Nash<\/h2>\n\n<p>Munca lui J. Madeleine Nash ca reporter \u0219tiin\u021bific nu a informat doar publicul despre puterea \u0219i frumuse\u021bea naturii, ci a crescut \u0219i gradul de con\u0219tientizare cu privire la necesitatea urgent\u0103 de a aborda schimb\u0103rile climatice. Fascina\u021bia ei pentru vremea violent\u0103 a determinat-o s\u0103 devin\u0103 o voce de frunte \u00eentr-una dintre cele mai presante probleme ale timpului nostru.<\/p>","protected":false},"excerpt":{"rendered":"<p>Interviu cu J. Madeleine Nash, autoarea c\u0103r\u021bii \u201eAvertismente de furtun\u0103\u201d Fascina\u021bia lui Nash pentru vremea violent\u0103 J. Madeleine Nash, o reputat\u0103 reporteri\u021b\u0103 \u0219tiin\u021bific\u0103, a relatat despre nenum\u0103rate fenomene meteorologice violente&hellip;<\/p>\n","protected":false},"author":6,"featured_media":24031,"comment_status":"closed","ping_status":"closed","sticky":false,"template":"","format":"standard","meta":{"footnotes":""},"categories":[38],"tags":[1945,34,2858,1275,2859],"class_list":["post-1256","post","type-post","status-publish","format-standard","has-post-thumbnail","hentry","category-environmental-science","tag-natural-disasters","tag-climate-change","tag-science-reporting","tag-hurricanes","tag-violent-weather"],"_links":{"self":[{"href":"https:\/\/www.lifescienceart.com\/ro\/wp-json\/wp\/v2\/posts\/1256","targetHints":{"allow":["GET"]}}],"collection":[{"href":"https:\/\/www.lifescienceart.com\/ro\/wp-json\/wp\/v2\/posts"}],"about":[{"href":"https:\/\/www.lifescienceart.com\/ro\/wp-json\/wp\/v2\/types\/post"}],"author":[{"embeddable":true,"href":"https:\/\/www.lifescienceart.com\/ro\/wp-json\/wp\/v2\/users\/6"}],"replies":[{"embeddable":true,"href":"https:\/\/www.lifescienceart.com\/ro\/wp-json\/wp\/v2\/comments?post=1256"}],"version-history":[{"count":1,"href":"https:\/\/www.lifescienceart.com\/ro\/wp-json\/wp\/v2\/posts\/1256\/revisions"}],"predecessor-version":[{"id":1257,"href":"https:\/\/www.lifescienceart.com\/ro\/wp-json\/wp\/v2\/posts\/1256\/revisions\/1257"}],"wp:featuredmedia":[{"embeddable":true,"href":"https:\/\/www.lifescienceart.com\/ro\/wp-json\/wp\/v2\/media\/24031"}],"wp:attachment":[{"href":"https:\/\/www.lifescienceart.com\/ro\/wp-json\/wp\/v2\/media?parent=1256"}],"wp:term":[{"taxonomy":"category","embeddable":true,"href":"https:\/\/www.lifescienceart.com\/ro\/wp-json\/wp\/v2\/categories?post=1256"},{"taxonomy":"post_tag","embeddable":true,"href":"https:\/\/www.lifescienceart.com\/ro\/wp-json\/wp\/v2\/tags?post=1256"}],"curies":[{"name":"wp","href":"https:\/\/api.w.org\/{rel}","templated":true}]}}