{"id":12932,"date":"2020-03-25T11:12:58","date_gmt":"2020-03-25T11:12:58","guid":{"rendered":"https:\/\/www.lifescienceart.com\/?p=12932"},"modified":"2020-03-25T11:12:58","modified_gmt":"2020-03-25T11:12:58","slug":"the-interplay-of-power-and-protest-in-a-globalized-world","status":"publish","type":"post","link":"https:\/\/www.lifescienceart.com\/ro\/uncategorized\/the-interplay-of-power-and-protest-in-a-globalized-world\/","title":{"rendered":"Istorie: Interac\u021biunea dintre putere \u0219i protest"},"content":{"rendered":"<h2 class=\"wp-block-heading\">Istorie: Interac\u021biunea dintre putere \u0219i protest<\/h2>\n\n<h2 class=\"wp-block-heading\">Tulbur\u0103ri interne \u0219i diploma\u021bie global\u0103<\/h2>\n\n<p>Analizele tradi\u021bionale ale destinderii dintre Statele Unite \u0219i Uniunea Sovietic\u0103 s-au concentrat pe politica de putere dintre cele dou\u0103 superputeri. Cu toate acestea, istoricul Jeremi Suri sus\u021bine c\u0103 diploma\u021bia de mare putere a fost, de asemenea, modelat\u0103 de tulbur\u0103rile interne, nu numai \u00een ora\u0219e mari precum Berkeley \u0219i Praga, ci \u0219i \u00een Paris, Berlin \u0219i Beijing.<\/p>\n\n<p>Suri sus\u021bine c\u0103 tulbur\u0103rile interne \u00eei fac pe lideri mai \u00eenclina\u021bi s\u0103 caute stabilitate \u00een str\u0103in\u0103tate. Aceasta deoarece se tem c\u0103 tulbur\u0103rile interne le-ar putea sl\u0103bi puterea \u0219i legitimitatea. \u00cen schimb, for\u021bele globale pot modela \u0219i mi\u0219c\u0103ri de protest. Amenin\u021b\u0103rile nucleare, impasurile politice \u0219i propaganda ideologic\u0103 intens\u0103 pot crea a\u0219tept\u0103ri \u00een cre\u0219tere \u0219i dezam\u0103gire \u00een cre\u0219tere \u00een r\u00e2ndul tinerilor cet\u0103\u021beni din \u00eentreaga lume.<\/p>\n\n<h2 class=\"wp-block-heading\">Dezechilibrul global din 1968<\/h2>\n\n<p>Suri examineaz\u0103 \u201edezechilibrul global din 1968\u201d, o perioad\u0103 marcat\u0103 de proteste anti-r\u0103zboi din Vietnam pe scar\u0103 larg\u0103 \u0219i revolte urbane \u00een Statele Unite, precum \u0219i valuri \u00een cre\u0219tere de nemul\u021bumire \u00een r\u00e2ndul tinerilor din alte \u021b\u0103ri. Aceast\u0103 perioad\u0103 a demonstrat str\u00e2nsa leg\u0103tur\u0103 dintre evenimentele locale \u0219i cele globale.<\/p>\n\n<h2 class=\"wp-block-heading\">Importan\u021ba ordinii sociale \u0219i a consensului<\/h2>\n\n<p>Suri sus\u021bine c\u0103 liderii politici de la toate nivelurile, chiar \u0219i \u00een societ\u0103\u021bile nedemocratice, sunt profund preocupa\u021bi de men\u021binerea ordinii sociale \u0219i de construirea consensului pentru politicile lor. Ei recunosc c\u0103 puterea lor depinde de sprijinul \u0219i cooperarea cet\u0103\u021benilor lor.<\/p>\n\n<p>Istoricii anteriori au trecut adesea cu vederea aceast\u0103 leg\u0103tur\u0103, concentr\u00e2ndu-se \u00een schimb pe probleme locale \u00een studiul istoriei locale. Suri consider\u0103 c\u0103 aceast\u0103 concentrare \u00eengust\u0103 a dus la o \u00een\u021belegere distorsionat\u0103 a evenimentelor istorice.<\/p>\n\n<h2 class=\"wp-block-heading\">Reconceptualizarea afacerilor interna\u021bionale<\/h2>\n\n<p>Lucrarea lui Suri \u00ee\u0219i propune s\u0103 reconceptualizeze studiul afacerilor interna\u021bionale \u00een era globaliz\u0103rii. El sus\u021bine c\u0103 abord\u0103rile tradi\u021bionale nu au reu\u0219it s\u0103 \u021bin\u0103 seama \u00een mod adecvat de interac\u021biunea dintre for\u021bele interne \u0219i globale, precum \u0219i de importan\u021ba factorilor sociali \u0219i culturali \u00een modelarea politicii externe.<\/p>\n\n<p>Abordarea lui Suri este foarte original\u0103 \u0219i solicitant\u0103, dar are poten\u021bialul de a ne transforma \u00een\u021belegerea rela\u021biilor interna\u021bionale. Este recunoscut pe scar\u0103 larg\u0103 ca un om de \u0219tiin\u021b\u0103 de frunte \u00een acest domeniu.<\/p>\n\n<h2 class=\"wp-block-heading\">Factori politici, culturali \u0219i institu\u021bionali<\/h2>\n\n<p>Suri subliniaz\u0103 importan\u021ba \u00een\u021belegerii factorilor politici, culturali \u0219i institu\u021bionali care influen\u021beaz\u0103 ac\u021biunile unui stat. El crede c\u0103 liderii eficien\u021bi sunt capabili s\u0103 conecteze socialul cu politicul, f\u0103c\u00e2nd leg\u0103tura \u00eentre cet\u0103\u021benii obi\u0219nui\u021bi \u0219i factorii de decizie politic\u0103.<\/p>\n\n<p>Fluen\u021ba lui Suri \u00een mai multe limbi i-a permis s\u0103 efectueze cercet\u0103ri arhivistice extinse \u00een diverse \u021b\u0103ri. Acest lucru i-a oferit o perspectiv\u0103 unic\u0103 asupra interac\u021biunii for\u021belor locale \u0219i globale \u00een evenimentele istorice.<\/p>\n\n<h2 class=\"wp-block-heading\">Multina\u021bionalismul \u0219i identitatea personal\u0103<\/h2>\n\n<p>Mediul multina\u021bional al lui Suri \u0219i-a modelat perspectiva ca istoric. Tat\u0103l s\u0103u a emigrat din India \u00een Statele Unite, \u00een timp ce mama sa n\u0103scut\u0103 \u00een America are r\u0103d\u0103cini evreie\u0219ti ruso-poloneze. Aceast\u0103 mo\u0219tenire divers\u0103 i-a oferit o apreciere profund\u0103 pentru complexitatea identit\u0103\u021bii \u0219i provoc\u0103rile vie\u021bii \u00eentr-o lume globalizat\u0103.<\/p>\n\n<h2 class=\"wp-block-heading\">Puterea ideilor \u0219i a experien\u021belor personale<\/h2>\n\n<p>Cercetarea lui Suri este condus\u0103 de trei \u00eentreb\u0103ri majore: De ce fac oamenii ceea ce fac? Cum influen\u021beaz\u0103 ideile comportamentul? \u0218i cum influen\u021beaz\u0103 consecin\u021bele neinten\u021bionate evenimentele? El crede c\u0103 ideile \u0219i ipotezele pot fi profund \u00eencorporate \u00een viziunea noastr\u0103 asupra lumii, uneori f\u0103r\u0103 s\u0103 ne d\u0103m seama.<\/p>\n\n<p>Suri sus\u021bine c\u0103 experien\u021bele personale pot avea, de asemenea, un impact profund asupra elabor\u0103rii politicilor. El \u00eel men\u021bioneaz\u0103 pe Henry Kissinger, subiectul ultimei sale c\u0103r\u021bi, ca exemplu. Experien\u021ba lui Kissinger ca refugiat din Germania nazist\u0103 i-a influen\u021bat abordarea rela\u021biilor interna\u021bionale.<\/p>\n\n<h2 class=\"wp-block-heading\">Conectarea istoriei sociale \u0219i politice<\/h2>\n\n<p>Suri se vede pe sine ca o punte \u00eentre lumea istoriei sociale \u0219i a istoriei politice. El exploreaz\u0103 interac\u021biunea dintre idei, personalit\u0103\u021bi \u0219i institu\u021bii \u00een modelarea evenimentelor istorice. El crede c\u0103 puterea este, \u00een cele din urm\u0103, despre capacitatea de a conecta sferele sociale \u0219i politice.<\/p>","protected":false},"excerpt":{"rendered":"<p>Istorie: Interac\u021biunea dintre putere \u0219i protest Tulbur\u0103ri interne \u0219i diploma\u021bie global\u0103 Analizele tradi\u021bionale ale destinderii dintre Statele Unite \u0219i Uniunea Sovietic\u0103 s-au concentrat pe politica de putere dintre cele dou\u0103&hellip;<\/p>\n","protected":false},"author":1,"featured_media":0,"comment_status":"closed","ping_status":"","sticky":false,"template":"","format":"standard","meta":{"footnotes":""},"categories":[1],"tags":[17474,17475,1770,3329,17476,1882],"class_list":["post-12932","post","type-post","status-publish","format-standard","hentry","category-uncategorized","tag-global-affairs","tag-power-dynamics","tag-cultural-history","tag-political-history","tag-social-movements","tag-international-relations"],"_links":{"self":[{"href":"https:\/\/www.lifescienceart.com\/ro\/wp-json\/wp\/v2\/posts\/12932","targetHints":{"allow":["GET"]}}],"collection":[{"href":"https:\/\/www.lifescienceart.com\/ro\/wp-json\/wp\/v2\/posts"}],"about":[{"href":"https:\/\/www.lifescienceart.com\/ro\/wp-json\/wp\/v2\/types\/post"}],"author":[{"embeddable":true,"href":"https:\/\/www.lifescienceart.com\/ro\/wp-json\/wp\/v2\/users\/1"}],"replies":[{"embeddable":true,"href":"https:\/\/www.lifescienceart.com\/ro\/wp-json\/wp\/v2\/comments?post=12932"}],"version-history":[{"count":1,"href":"https:\/\/www.lifescienceart.com\/ro\/wp-json\/wp\/v2\/posts\/12932\/revisions"}],"predecessor-version":[{"id":12933,"href":"https:\/\/www.lifescienceart.com\/ro\/wp-json\/wp\/v2\/posts\/12932\/revisions\/12933"}],"wp:attachment":[{"href":"https:\/\/www.lifescienceart.com\/ro\/wp-json\/wp\/v2\/media?parent=12932"}],"wp:term":[{"taxonomy":"category","embeddable":true,"href":"https:\/\/www.lifescienceart.com\/ro\/wp-json\/wp\/v2\/categories?post=12932"},{"taxonomy":"post_tag","embeddable":true,"href":"https:\/\/www.lifescienceart.com\/ro\/wp-json\/wp\/v2\/tags?post=12932"}],"curies":[{"name":"wp","href":"https:\/\/api.w.org\/{rel}","templated":true}]}}