{"id":13177,"date":"2022-06-07T05:59:58","date_gmt":"2022-06-07T05:59:58","guid":{"rendered":"https:\/\/www.lifescienceart.com\/?p=13177"},"modified":"2022-06-07T05:59:58","modified_gmt":"2022-06-07T05:59:58","slug":"climate-activists-protest-fossil-fuel-subsidies-in-romes-trevi-fountain","status":"publish","type":"post","link":"https:\/\/www.lifescienceart.com\/ro\/science\/climate-science\/climate-activists-protest-fossil-fuel-subsidies-in-romes-trevi-fountain\/","title":{"rendered":"Protest al activi\u0219tilor pentru clim\u0103 la Fontana di Trevi din Roma"},"content":{"rendered":"<h2 class=\"wp-block-heading\">Activi\u0219tii pentru clim\u0103 au protestat fa\u021b\u0103 de subven\u021biile pentru combustibilii fosili \u00een F\u00e2nt\u00e2na Trevi din Roma<\/h2>\n\n<h2 class=\"wp-block-heading\">Protestul<\/h2>\n\n<p>Duminic\u0103, activi\u0219tii pentru clim\u0103 din grupul Ultima Generazione (Ultima Genera\u021bie) au organizat un protest \u00een iconica F\u00e2nt\u00e2n\u0103 Trevi din Roma. Au vopsit apa \u00een negru pentru a simboliza inunda\u021biile mortale care au devastat recent nordul Italiei \u0219i pentru a sublinia necesitatea de a aborda schimb\u0103rile climatice.<\/p>\n\n<p>Activi\u0219tii au \u021binut pancarte pe care scria \u201eNu vom pl\u0103ti pentru [combustibili] fosili\u201d \u0219i \u201eViitorul negru care a\u0219teapt\u0103 omenirea\u201d. Au aruncat un colorant pe baz\u0103 de plante cu c\u0103rbune \u00een f\u00e2nt\u00e2n\u0103, f\u0103c\u00e2nd ca apa s\u0103 devin\u0103 neagr\u0103. Protestul a durat aproximativ 15 minute \u00eenainte ca agen\u021bii de poli\u021bie s\u0103 soseasc\u0103 \u0219i s\u0103-i scoat\u0103 pe activi\u0219ti din ap\u0103. To\u021bi cei opt au fost aresta\u021bi.<\/p>\n\n<h2 class=\"wp-block-heading\">Inunda\u021biile din nordul Italiei<\/h2>\n\n<p>Protestul a fost determinat de inunda\u021biile extreme care au avut loc \u00een regiunea Emilia-Romagna din nordul Italiei. Inunda\u021biile au ucis 14 persoane \u0219i au l\u0103sat mii de oameni f\u0103r\u0103 ad\u0103post. Timp de luni de zile, regiunea se confruntase cu o secet\u0103 sever\u0103. C\u00e2nd au \u00eenceput ploile abundente, solul compact nu a putut absorbi apa, ceea ce a dus la inunda\u021bii pe scar\u0103 larg\u0103.<\/p>\n\n<p>Oamenii de \u0219tiin\u021b\u0103 au legat inunda\u021biile de criza climatic\u0103. Pe m\u0103sur\u0103 ce temperatura P\u0103m\u00e2ntului cre\u0219te, evenimentele meteorologice extreme devin din ce \u00een ce mai frecvente \u0219i mai intense.<\/p>\n\n<h2 class=\"wp-block-heading\">Criza climatic\u0103<\/h2>\n\n<p>Protestul activi\u0219tilor a fost \u0219i un \u00eendemn la ac\u021biune pentru a aborda criza climatic\u0103. Au citat un raport recent al Organiza\u021biei Meteorologice Mondiale, care prevedea c\u0103 este probabil ca P\u0103m\u00e2ntul s\u0103 dep\u0103\u0219easc\u0103 temporar pragul critic de \u00eenc\u0103lzire de 1,5 grade Celsius \u00een urm\u0103torii cinci ani.<\/p>\n\n<p>Activi\u0219tii au sus\u021binut c\u0103 subven\u021biile continue pentru combustibilii fosili contribuie la criza climatic\u0103 \u0219i c\u0103 trebuie s\u0103 trecem la surse de energie regenerabil\u0103.<\/p>\n\n<h2 class=\"wp-block-heading\">R\u0103spunsul la protest<\/h2>\n\n<p>Primarul Romei, Roberto Gualtieri, a condamnat protestul \u0219i a declarat c\u0103 f\u00e2nt\u00e2na va trebui golit\u0103 \u0219i apa colorat\u0103 eliminat\u0103. El a spus c\u0103 aceasta ar fi o \u00eentreprindere semnificativ\u0103 \u0219i costisitoare.<\/p>\n\n<p>Recent, membrii Ultima Generazione au f\u0103cut titluri \u00een pres\u0103 pentru c\u0103 s-au lipit de opere de art\u0103 pentru a atrage aten\u021bia asupra urgen\u021bei climatice. Aceste proteste au f\u0103cut parte dintr-o tendin\u021b\u0103 mondial\u0103 a activi\u0219tilor care au vizat opere de art\u0103 pentru a cre\u0219te gradul de con\u0219tientizare cu privire la aceast\u0103 problem\u0103.<\/p>\n\n<h2 class=\"wp-block-heading\">Daune aduse siturilor de patrimoniu cultural<\/h2>\n\n<p>Ultima Generazione a men\u021bionat \u00een declara\u021bia sa c\u0103 siturile de importan\u021b\u0103 cultural\u0103 din Emilia-Romagna, inclusiv muzee, aba\u021bia Santa Maria del Monte din epoca medieval\u0103 \u0219i o bibliotec\u0103, au fost avariate ca urmare a inunda\u021biilor.<\/p>\n\n<p>Activi\u0219tii au sus\u021binut c\u0103 daunele aduse acestor situri subliniaz\u0103 necesitatea de a lua m\u0103suri \u00een ceea ce prive\u0219te schimb\u0103rile climatice pentru a ne proteja patrimoniul cultural.<\/p>\n\n<h2 class=\"wp-block-heading\">Plan de siguran\u021b\u0103 pentru monumente<\/h2>\n\n<p>Luisa Regimenti, consilier pentru personal, securitate urban\u0103, poli\u021bie local\u0103 \u0219i autorit\u0103\u021bi locale din regiunea Lazio din Italia, a declarat c\u0103 este necesar un plan de siguran\u021b\u0103 pentru a proteja monumentele \u0219i operele de art\u0103 de activismul climatic.<\/p>\n\n<p>Ea a spus c\u0103 protestul colorantului negru a fost un \u201egest serios\u201d \u0219i c\u0103 trebuie oprit.<\/p>\n\n<h2 class=\"wp-block-heading\">Apel la ac\u021biune<\/h2>\n\n<p>Ultima Generazione a f\u0103cut apel la oameni s\u0103 se al\u0103ture mi\u0219c\u0103rii lor \u0219i s\u0103 cear\u0103 ac\u021biuni privind schimb\u0103rile climatice. Au spus c\u0103 nu putem continua s\u0103 ignor\u0103m impacturile devastatoare ale schimb\u0103rilor climatice \u0219i c\u0103 trebuie s\u0103 lu\u0103m m\u0103suri acum pentru a ne proteja planeta \u0219i viitorul nostru.<\/p>","protected":false},"excerpt":{"rendered":"<p>Activi\u0219tii pentru clim\u0103 au protestat fa\u021b\u0103 de subven\u021biile pentru combustibilii fosili \u00een F\u00e2nt\u00e2na Trevi din Roma Protestul Duminic\u0103, activi\u0219tii pentru clim\u0103 din grupul Ultima Generazione (Ultima Genera\u021bie) au organizat un&hellip;<\/p>\n","protected":false},"author":6,"featured_media":0,"comment_status":"closed","ping_status":"","sticky":false,"template":"","format":"standard","meta":{"footnotes":""},"categories":[284],"tags":[2804,2838,7651,17767,747,2631],"class_list":["post-13177","post","type-post","status-publish","format-standard","hentry","category-climate-science","tag-climate-activism","tag-fossil-fuels","tag-climate-crisis","tag-trevi-fountain","tag-flooding","tag-rome"],"_links":{"self":[{"href":"https:\/\/www.lifescienceart.com\/ro\/wp-json\/wp\/v2\/posts\/13177","targetHints":{"allow":["GET"]}}],"collection":[{"href":"https:\/\/www.lifescienceart.com\/ro\/wp-json\/wp\/v2\/posts"}],"about":[{"href":"https:\/\/www.lifescienceart.com\/ro\/wp-json\/wp\/v2\/types\/post"}],"author":[{"embeddable":true,"href":"https:\/\/www.lifescienceart.com\/ro\/wp-json\/wp\/v2\/users\/6"}],"replies":[{"embeddable":true,"href":"https:\/\/www.lifescienceart.com\/ro\/wp-json\/wp\/v2\/comments?post=13177"}],"version-history":[{"count":1,"href":"https:\/\/www.lifescienceart.com\/ro\/wp-json\/wp\/v2\/posts\/13177\/revisions"}],"predecessor-version":[{"id":13178,"href":"https:\/\/www.lifescienceart.com\/ro\/wp-json\/wp\/v2\/posts\/13177\/revisions\/13178"}],"wp:attachment":[{"href":"https:\/\/www.lifescienceart.com\/ro\/wp-json\/wp\/v2\/media?parent=13177"}],"wp:term":[{"taxonomy":"category","embeddable":true,"href":"https:\/\/www.lifescienceart.com\/ro\/wp-json\/wp\/v2\/categories?post=13177"},{"taxonomy":"post_tag","embeddable":true,"href":"https:\/\/www.lifescienceart.com\/ro\/wp-json\/wp\/v2\/tags?post=13177"}],"curies":[{"name":"wp","href":"https:\/\/api.w.org\/{rel}","templated":true}]}}