{"id":14207,"date":"2023-02-10T14:26:21","date_gmt":"2023-02-10T14:26:21","guid":{"rendered":"https:\/\/www.lifescienceart.com\/?p=14207"},"modified":"2023-02-10T14:26:21","modified_gmt":"2023-02-10T14:26:21","slug":"parthenon-of-banned-books-germany","status":"publish","type":"post","link":"https:\/\/www.lifescienceart.com\/ro\/art\/activism-in-art\/parthenon-of-banned-books-germany\/","title":{"rendered":"Pantheonul C\u0103r\u021bilor: Un simbol al rezisten\u021bei \u00eempotriva cenzurii \u00een Germania"},"content":{"rendered":"<h2 class=\"wp-block-heading\">C\u0103r\u021bi interzise \u00ee\u0219i g\u0103sesc un nou c\u0103min \u00een Partenonul C\u0103r\u021bilor din Germania<\/h2>\n\n<p>\u00cen inima ora\u0219ului Kassel, Germania, se contureaz\u0103 un remarcabil monument al libert\u0103\u021bii intelectuale: Partenonul C\u0103r\u021bilor. Aceast\u0103 ambi\u021bioas\u0103 instala\u021bie artistic\u0103, conceput\u0103 de artista conceptual\u0103 argentinian\u0103 Marta Minuj\u00edn, va fi construit\u0103 \u00een \u00eentregime din c\u0103r\u021bi interzise.<\/p>\n\n<h3 class=\"wp-block-heading\">Un simbol al rezisten\u021bei<\/h3>\n\n<p>Partenonul C\u0103r\u021bilor este un simbol puternic al rezisten\u021bei \u00eempotriva cenzurii \u0219i opresiunii. Se inspir\u0103 din vechiul Partenon din Atena, un templu care a stat ca un far al democra\u021biei \u0219i frumuse\u021bii. Recre\u00e2nd aceast\u0103 structur\u0103 iconic\u0103 din c\u0103r\u021bi interzise, Minuj\u00edn \u00ee\u0219i propune s\u0103 eviden\u021bieze puterea durabil\u0103 a cuv\u00e2ntului scris \u0219i importan\u021ba protej\u0103rii libert\u0103\u021bii de exprimare.<\/p>\n\n<h3 class=\"wp-block-heading\">Un apel pentru dona\u021bii<\/h3>\n\n<p>Minuj\u00edn face apel la public s\u0103 doneze p\u00e2n\u0103 la 100.000 de c\u0103r\u021bi interzise \u00een prezent sau alt\u0103dat\u0103 pentru instala\u021bie. C\u0103r\u021bile vor fi selectate cu aten\u021bie de profesori \u0219i studen\u021bi universitari pentru a reprezenta o gam\u0103 larg\u0103 de literatur\u0103 interzis\u0103, de la lucr\u0103ri clasice precum \u201eNimic nou pe frontul de vest\u201d de Erich Maria Remarque p\u00e2n\u0103 la romane contemporane precum \u201eDoi b\u0103ie\u021bi care se s\u0103rut\u0103\u201d de David Levithan.<\/p>\n\n<h3 class=\"wp-block-heading\">Un monument al libert\u0103\u021bii intelectuale<\/h3>\n\n<p>Partenonul C\u0103r\u021bilor va fi ridicat \u00een Parcul Friedrichsplatz, locul unei arderi notorii de c\u0103r\u021bi de c\u0103tre membrii partidului nazist \u00een 1933. Acest act de cenzur\u0103 a vizat c\u0103r\u021bi considerate \u201enegermane\u201d sau care con\u021bineau idei antina\u021bionaliste, evreie\u0219ti sau \u201edecadente\u201d.<\/p>\n\n<p>Instala\u021bia lui Minuj\u00edn serve\u0219te ca o amintire emo\u021bionant\u0103 a pericolelor cenzurii \u0219i a importan\u021bei p\u0103str\u0103rii patrimoniului cultural. S\u0103rb\u0103tore\u0219te puterea c\u0103r\u021bilor de a contesta autoritatea, de a inspira g\u00e2ndirea critic\u0103 \u0219i de a promova o societate mai just\u0103 \u0219i mai echitabil\u0103.<\/p>\n\n<h3 class=\"wp-block-heading\">Un efort de colaborare<\/h3>\n\n<p>Minuj\u00edn colaboreaz\u0103 \u00eendeaproape cu Asocia\u021bia American\u0103 a Bibliotecilor (ALA) \u0219i alte organiza\u021bii pentru a colecta dona\u021bii pentru Partenonul C\u0103r\u021bilor. ALA, care sponsorizeaz\u0103 S\u0103pt\u0103m\u00e2na C\u0103r\u021bilor Interzise, a donat deja proiectului c\u00e2teva c\u0103r\u021bi contestate.<\/p>\n\n<p>Instala\u021bia face parte \u0219i din documenta 14, un eveniment artistic major care are loc simultan \u00een Atena \u0219i Kassel. Aceast\u0103 colaborare subliniaz\u0103 natura global\u0103 a luptei pentru libertatea intelectual\u0103 \u0219i importan\u021ba solidarit\u0103\u021bii interna\u021bionale \u00een ap\u0103rarea libert\u0103\u021bii de exprimare.<\/p>\n\n<h3 class=\"wp-block-heading\">O mo\u0219tenire durabil\u0103<\/h3>\n\n<p>Partenonul C\u0103r\u021bilor va fi expus timp de 100 de zile \u00eencep\u00e2nd cu 10 iunie 2017. Dup\u0103 aceea, c\u0103r\u021bile vor fi distribuite bibliotecilor \u0219i altor institu\u021bii culturale din \u00eentreaga lume. Minuj\u00edn sper\u0103 c\u0103 instala\u021bia va st\u00e2rni conversa\u021bii despre cenzur\u0103, libertate intelectual\u0103 \u0219i rolul artei \u00een promovarea schimb\u0103rii sociale.<\/p>\n\n<p>Partenonul C\u0103r\u021bilor este un memento puternic c\u0103 lupta pentru libertatea de exprimare este una continu\u0103. Este un testament al rezilien\u021bei spiritului uman \u0219i al puterii durabile a cuv\u00e2ntului scris.<\/p>","protected":false},"excerpt":{"rendered":"<p>C\u0103r\u021bi interzise \u00ee\u0219i g\u0103sesc un nou c\u0103min \u00een Partenonul C\u0103r\u021bilor din Germania \u00cen inima ora\u0219ului Kassel, Germania, se contureaz\u0103 un remarcabil monument al libert\u0103\u021bii intelectuale: Partenonul C\u0103r\u021bilor. Aceast\u0103 ambi\u021bioas\u0103 instala\u021bie&hellip;<\/p>\n","protected":false},"author":2,"featured_media":0,"comment_status":"closed","ping_status":"","sticky":false,"template":"","format":"standard","meta":{"footnotes":""},"categories":[19094],"tags":[17071,883,19092,11,15379,18377,89,19093],"class_list":["post-14207","post","type-post","status-publish","format-standard","hentry","category-activism-in-art","tag-art-activism","tag-public-art","tag-banned-books","tag-censorship","tag-freedom-of-speech","tag-intellectual-freedom","tag-cultural-heritage","tag-political-repression"],"_links":{"self":[{"href":"https:\/\/www.lifescienceart.com\/ro\/wp-json\/wp\/v2\/posts\/14207","targetHints":{"allow":["GET"]}}],"collection":[{"href":"https:\/\/www.lifescienceart.com\/ro\/wp-json\/wp\/v2\/posts"}],"about":[{"href":"https:\/\/www.lifescienceart.com\/ro\/wp-json\/wp\/v2\/types\/post"}],"author":[{"embeddable":true,"href":"https:\/\/www.lifescienceart.com\/ro\/wp-json\/wp\/v2\/users\/2"}],"replies":[{"embeddable":true,"href":"https:\/\/www.lifescienceart.com\/ro\/wp-json\/wp\/v2\/comments?post=14207"}],"version-history":[{"count":1,"href":"https:\/\/www.lifescienceart.com\/ro\/wp-json\/wp\/v2\/posts\/14207\/revisions"}],"predecessor-version":[{"id":14208,"href":"https:\/\/www.lifescienceart.com\/ro\/wp-json\/wp\/v2\/posts\/14207\/revisions\/14208"}],"wp:attachment":[{"href":"https:\/\/www.lifescienceart.com\/ro\/wp-json\/wp\/v2\/media?parent=14207"}],"wp:term":[{"taxonomy":"category","embeddable":true,"href":"https:\/\/www.lifescienceart.com\/ro\/wp-json\/wp\/v2\/categories?post=14207"},{"taxonomy":"post_tag","embeddable":true,"href":"https:\/\/www.lifescienceart.com\/ro\/wp-json\/wp\/v2\/tags?post=14207"}],"curies":[{"name":"wp","href":"https:\/\/api.w.org\/{rel}","templated":true}]}}