{"id":15429,"date":"2022-10-28T08:42:52","date_gmt":"2022-10-28T08:42:52","guid":{"rendered":"https:\/\/www.lifescienceart.com\/?p=15429"},"modified":"2022-10-28T08:42:52","modified_gmt":"2022-10-28T08:42:52","slug":"lost-digital-camera-recovers-precious-memories-after-13-years-underwater","status":"publish","type":"post","link":"https:\/\/www.lifescienceart.com\/ro\/art\/photography\/lost-digital-camera-recovers-precious-memories-after-13-years-underwater\/","title":{"rendered":"Camer\u0103 digital\u0103 pierdut\u0103 de 13 ani \u00ee\u0219i reg\u0103se\u0219te drumul c\u0103tre proprietareas\u0103, aduc\u00e2nd \u00eenapoi amintiri pre\u021bioase"},"content":{"rendered":"<h2 class=\"wp-block-heading\">Camer\u0103 digital\u0103 pierdut\u0103 recupereaz\u0103 amintiri pre\u021bioase dup\u0103 13 ani sub ap\u0103<\/h2>\n\n<h3 class=\"wp-block-heading\">O descoperire norocoas\u0103<\/h3>\n\n<p>\u00centr-o turnur\u0103 remarcabil\u0103 a evenimentelor, o camer\u0103 digital\u0103 pierdut\u0103 a fost reunit\u0103 cu proprietara sa dup\u0103 ce a petrecut 13 ani scufundat\u0103 \u00een ad\u00e2ncurile r\u00e2ului Animas din Colorado. Descoperirea a fost f\u0103cut\u0103 de un pescar local numit Spencer Greiner, care a observat dispozitivul par\u021bial \u00eengropat \u00een noroi, de-a lungul malului r\u00e2ului.<\/p>\n\n<h3 class=\"wp-block-heading\">C\u0103l\u0103toria camerei pierdute<\/h3>\n\n<p>Camera \u00eei apar\u021binea lui Coral Amayi, care o pierduse \u00een timp ce plutea pe r\u00e2ul Animas \u00een 2010. \u00cen ciuda eforturilor sale de a o recupera, curentul puternic a dus-o departe, lu\u00e2nd cu ea amintiri pre\u021bioase surprinse pe cardul de memorie. Amayi a fost devastat\u0103, dar \u00een cele din urm\u0103 a acceptat pierderea.<\/p>\n\n<h3 class=\"wp-block-heading\">O privire \u00een trecut<\/h3>\n\n<p>C\u00e2nd Greiner a extras cardul de memorie din camera deteriorat\u0103 \u0219i l-a conectat la computerul s\u0103u, a fost uimit s\u0103 g\u0103seasc\u0103 zeci de fotografii. Imaginile, de\u0219i u\u0219or neclare, \u00eenf\u0103\u021bi\u0219au fe\u021be z\u00e2mbitoare, animale de companie \u00eendr\u0103gite \u0219i momente pre\u021buite. Hot\u0103r\u00e2t s\u0103 g\u0103seasc\u0103 proprietarul camerei, Greiner a \u00eenc\u0103rcat c\u00e2teva dintre fotografii \u00eentr-un grup privat de Facebook din Durango.<\/p>\n\n<h3 class=\"wp-block-heading\">Puterea re\u021belelor sociale<\/h3>\n\n<p>\u00cen c\u00e2teva ore, membrii grupului de Facebook au \u00eenceput s\u0103 recunoasc\u0103 persoanele din fotografii \u0219i \u00een cele din urm\u0103 au etichetat-o pe Amayi. Cople\u0219it\u0103 de bucurie la auzul ve\u0219tii, Amayi l-a contactat pe Greiner \u0219i a fost reunit\u0103 cu camera sa pierdut\u0103 de mult timp \u0219i cu amintirile de ne\u00eenlocuit pe care le con\u021binea.<\/p>\n\n<h3 class=\"wp-block-heading\">Valoarea sentimental\u0103 a fotografiilor<\/h3>\n\n<p>Pentru Amayi, fotografiile recuperate au fost mai mult dec\u00e2t simple imagini; ele au fost o amintire tangibil\u0103 a unor experien\u021be pre\u021buite. A fost deosebit de emo\u021bionat\u0103 de instantaneele cu c\u00e2inele ei iubit, Zona, care decedase recent.<\/p>\n\n<h3 class=\"wp-block-heading\">Un mic act de bun\u0103tate<\/h3>\n\n<p>Gestul lui Greiner de a recupera \u0219i returna camera a fost un testament al puterii compasiunii umane. Fiind el \u00eensu\u0219i tat\u0103, a \u00een\u021beles imensa valoare sentimental\u0103 a fotografiilor \u0219i a fost hot\u0103r\u00e2t s\u0103 le reuneasc\u0103 cu proprietarul lor de drept.<\/p>\n\n<h3 class=\"wp-block-heading\">O reuniune fericit\u0103<\/h3>\n\n<p>Greiner pl\u0103nuie\u0219te s\u0103-i trimit\u0103 lui Amayi camera deteriorat\u0103 ca o amintire a c\u0103l\u0103toriei sale remarcabile. Cei doi sper\u0103 s\u0103 se \u00eent\u00e2lneasc\u0103 \u00een persoan\u0103 \u00een cur\u00e2nd pentru a s\u0103rb\u0103tori reuniunea lor norocoas\u0103 \u0219i puterea durabil\u0103 a leg\u0103turii umane.<\/p>\n\n<h3 class=\"wp-block-heading\">Importan\u021ba p\u0103str\u0103rii amintirilor<\/h3>\n\n<p>Povestea camerei digitale pierdute \u0219i recuperate subliniaz\u0103 importan\u021ba p\u0103str\u0103rii amintirilor pre\u021bioase. Fie prin fotografii fizice sau copii de rezerv\u0103 digitale, protejarea momentelor noastre pre\u021buite asigur\u0103 c\u0103 acestea vor fi acolo pentru a ne aduce bucurie \u0219i confort \u00een anii urm\u0103tori.<\/p>\n\n<h3 class=\"wp-block-heading\">Sfaturi pentru recuperarea fotografiilor pierdute<\/h3>\n\n<p>Dac\u0103 a\u021bi pierdut o camer\u0103 digital\u0103 sau un card de memorie, exist\u0103 c\u00e2\u021biva pa\u0219i pe care \u00eei pute\u021bi face pentru a cre\u0219te \u0219ansele de a recupera fotografiile:<\/p>\n\n<ul class=\"wp-block-list\">\n<li>Verifica\u021bi cu aten\u021bie zona \u00een care a\u021bi pierdut dispozitivul, inclusiv corpurile de ap\u0103 din apropiere.<\/li>\n<li>Dac\u0103 camera este impermeabil\u0103, scufunda\u021bi-o \u00eentr-un vas cu ap\u0103 curat\u0103 pentru a \u00eendep\u0103rta orice murd\u0103rie sau resturi.<\/li>\n<li>Scoate\u021bi cardul de memorie din camer\u0103 \u0219i introduce\u021bi-l \u00eentr-un cititor de carduri conectat la computer.<\/li>\n<li>Utiliza\u021bi un software de recuperare a datelor pentru a scana cardul de memorie \u00een c\u0103utarea fi\u0219ierelor pierdute.<\/li>\n<li>Contacta\u021bi \u00eentreprinderile \u0219i organiza\u021biile locale din zona \u00een care a\u021bi pierdut camera pentru a \u00eentreba dac\u0103 a g\u0103sit-o cineva.<\/li>\n<\/ul>","protected":false},"excerpt":{"rendered":"<p>Camer\u0103 digital\u0103 pierdut\u0103 recupereaz\u0103 amintiri pre\u021bioase dup\u0103 13 ani sub ap\u0103 O descoperire norocoas\u0103 \u00centr-o turnur\u0103 remarcabil\u0103 a evenimentelor, o camer\u0103 digital\u0103 pierdut\u0103 a fost reunit\u0103 cu proprietara sa dup\u0103&hellip;<\/p>\n","protected":false},"author":2,"featured_media":0,"comment_status":"closed","ping_status":"","sticky":false,"template":"","format":"standard","meta":{"footnotes":""},"categories":[16],"tags":[15279,21671,22926,22927],"class_list":["post-15429","post","type-post","status-publish","format-standard","hentry","category-photography","tag-human-connection","tag-lost-and-found","tag-precious-memories","tag-technology-and-heart"],"_links":{"self":[{"href":"https:\/\/www.lifescienceart.com\/ro\/wp-json\/wp\/v2\/posts\/15429","targetHints":{"allow":["GET"]}}],"collection":[{"href":"https:\/\/www.lifescienceart.com\/ro\/wp-json\/wp\/v2\/posts"}],"about":[{"href":"https:\/\/www.lifescienceart.com\/ro\/wp-json\/wp\/v2\/types\/post"}],"author":[{"embeddable":true,"href":"https:\/\/www.lifescienceart.com\/ro\/wp-json\/wp\/v2\/users\/2"}],"replies":[{"embeddable":true,"href":"https:\/\/www.lifescienceart.com\/ro\/wp-json\/wp\/v2\/comments?post=15429"}],"version-history":[{"count":1,"href":"https:\/\/www.lifescienceart.com\/ro\/wp-json\/wp\/v2\/posts\/15429\/revisions"}],"predecessor-version":[{"id":17437,"href":"https:\/\/www.lifescienceart.com\/ro\/wp-json\/wp\/v2\/posts\/15429\/revisions\/17437"}],"wp:attachment":[{"href":"https:\/\/www.lifescienceart.com\/ro\/wp-json\/wp\/v2\/media?parent=15429"}],"wp:term":[{"taxonomy":"category","embeddable":true,"href":"https:\/\/www.lifescienceart.com\/ro\/wp-json\/wp\/v2\/categories?post=15429"},{"taxonomy":"post_tag","embeddable":true,"href":"https:\/\/www.lifescienceart.com\/ro\/wp-json\/wp\/v2\/tags?post=15429"}],"curies":[{"name":"wp","href":"https:\/\/api.w.org\/{rel}","templated":true}]}}