{"id":17556,"date":"2019-08-14T16:31:48","date_gmt":"2019-08-14T16:31:48","guid":{"rendered":"https:\/\/www.lifescienceart.com\/?p=17556"},"modified":"2019-08-14T16:31:48","modified_gmt":"2019-08-14T16:31:48","slug":"sixth-mass-extinction-consequences-and-prevention","status":"publish","type":"post","link":"https:\/\/www.lifescienceart.com\/ro\/science\/ecology\/sixth-mass-extinction-consequences-and-prevention\/","title":{"rendered":"A \u0219asea extinc\u021bie \u00een mas\u0103: Ce \u00eenseamn\u0103 pentru oameni \u0219i planet\u0103?"},"content":{"rendered":"<h2 class=\"wp-block-heading\">A \u0219asea extinc\u021bie \u00een mas\u0103: Ce \u00eenseamn\u0103 pentru oameni \u0219i planet\u0103<\/h2>\n\n<h3 class=\"wp-block-heading\">Ce este a \u0219asea extinc\u021bie \u00een mas\u0103?<\/h3>\n\n<p>Oamenii de \u0219tiin\u021b\u0103 consider\u0103 c\u0103 ne afl\u0103m \u00een pragul celei de-a \u0219asea extinc\u021bii \u00een mas\u0103, un eveniment care va duce la pierderea unei p\u0103r\u021bi semnificative a speciilor de pe P\u0103m\u00e2nt. Aceasta este a \u0219asea oar\u0103 \u00een istoria P\u0103m\u00e2ntului c\u00e2nd are loc o extinc\u021bie \u00een mas\u0103 \u0219i este prima dat\u0103 c\u00e2nd oamenii sunt cauza principal\u0103.<\/p>\n\n<h3 class=\"wp-block-heading\">Ce cauzeaz\u0103 extinc\u021biile \u00een mas\u0103?<\/h3>\n\n<p>Extinc\u021biile \u00een mas\u0103 sunt cauzate de o varietate de factori, inclusiv:<\/p>\n\n<ul class=\"wp-block-list\">\n<li>Schimb\u0103ri climatice<\/li>\n<li>Pierderea habitatului<\/li>\n<li>Supraexploatare<\/li>\n<li>Poluare<\/li>\n<li>Specii invazive<\/li>\n<\/ul>\n\n<h3 class=\"wp-block-heading\">Prin ce se deosebe\u0219te a \u0219asea extinc\u021bie \u00een mas\u0103 de extinc\u021biile \u00een mas\u0103 anterioare?<\/h3>\n\n<p>A \u0219asea extinc\u021bie \u00een mas\u0103 este unic\u0103 \u00een mai multe moduri. \u00cen primul r\u00e2nd, are loc \u00eentr-un ritm mult mai rapid dec\u00e2t extinc\u021biile \u00een mas\u0103 anterioare. \u00cen al doilea r\u00e2nd, este cauzat\u0103 de activit\u0103\u021bi umane, mai degrab\u0103 dec\u00e2t de dezastre naturale. \u00cen al treilea r\u00e2nd, afecteaz\u0103 o gam\u0103 mai larg\u0103 de specii dec\u00e2t extinc\u021biile \u00een mas\u0103 anterioare.<\/p>\n\n<h3 class=\"wp-block-heading\">Care sunt consecin\u021bele celei de-a \u0219asea extinc\u021bii \u00een mas\u0103?<\/h3>\n\n<p>A \u0219asea extinc\u021bie \u00een mas\u0103 va avea un impact devastator asupra planetei \u0219i a locuitorilor s\u0103i. Va duce la pierderea biodiversit\u0103\u021bii, care va avea un efect de domino asupra ecosistemelor \u0219i a serviciilor pe care acestea le ofer\u0103 oamenilor. De asemenea, va \u00eengreuna adaptarea oamenilor la schimb\u0103rile climatice \u0219i la alte provoc\u0103ri de mediu.<\/p>\n\n<h3 class=\"wp-block-heading\">Ce putem face pentru a preveni a \u0219asea extinc\u021bie \u00een mas\u0103?<\/h3>\n\n<p>Exist\u0103 o serie de lucruri pe care le putem face pentru a preveni a \u0219asea extinc\u021bie \u00een mas\u0103, inclusiv:<\/p>\n\n<ul class=\"wp-block-list\">\n<li>Reducerea emisiilor noastre de gaze cu efect de ser\u0103<\/li>\n<li>Protejarea \u0219i restaurarea habitatelor<\/li>\n<li>Punerea cap\u0103t supraexploat\u0103rii<\/li>\n<li>Reducerea polu\u0103rii<\/li>\n<li>Controlul speciilor invazive<\/li>\n<\/ul>\n\n<h3 class=\"wp-block-heading\">Cum va afecta a \u0219asea extinc\u021bie \u00een mas\u0103 evolu\u021bia uman\u0103?<\/h3>\n\n<p>A \u0219asea extinc\u021bie \u00een mas\u0103 va avea un impact semnificativ asupra evolu\u021biei umane. Va \u00eengreuna supravie\u021buirea \u0219i prosperitatea oamenilor \u00eentr-un mediu \u00een schimbare. De asemenea, va duce la pierderea diversit\u0103\u021bii genetice, ceea ce ar putea face oamenii mai susceptibili la boli \u0219i alte probleme de s\u0103n\u0103tate.<\/p>\n\n<h3 class=\"wp-block-heading\">Rolul animalelor mari \u00een ecosisteme<\/h3>\n\n<p>Animalele mari joac\u0103 un rol crucial \u00een ecosisteme. Ele ajut\u0103 la controlul popula\u021biilor de animale mai mici, la dispersarea semin\u021belor \u0219i la crearea de habitate pentru alte specii. Pierderea animalelor mari poate duce la o serie de efecte negative asupra ecosistemelor, inclusiv:<\/p>\n\n<ul class=\"wp-block-list\">\n<li>Cre\u0219terea popula\u021biilor de d\u0103un\u0103tori \u0219i roz\u0103toare<\/li>\n<li>Reducerea dispers\u0103rii semin\u021belor<\/li>\n<li>Pierderea habitatului pentru alte specii<\/li>\n<\/ul>\n\n<h3 class=\"wp-block-heading\">Cum afecteaz\u0103 pierderea animalelor mari s\u0103n\u0103tatea uman\u0103?<\/h3>\n\n<p>Pierderea animalelor mari poate avea un impact negativ asupra s\u0103n\u0103t\u0103\u021bii umane. Animalele mari sunt o surs\u0103 de hran\u0103, medicamente \u0219i alte resurse. De asemenea, ajut\u0103 la controlul popula\u021biilor de animale care transmit boli. Pierderea animalelor mari poate duce la:<\/p>\n\n<ul class=\"wp-block-list\">\n<li>Cre\u0219terea insecurit\u0103\u021bii alimentare<\/li>\n<li>Acces redus la medicamente<\/li>\n<li>Risc crescut de boli<\/li>\n<\/ul>\n\n<h3 class=\"wp-block-heading\">Ce putem face pentru a proteja animalele mari?<\/h3>\n\n<p>Exist\u0103 o serie de lucruri pe care le putem face pentru a proteja animalele mari, inclusiv:<\/p>\n\n<ul class=\"wp-block-list\">\n<li>Protejarea habitatelor lor<\/li>\n<li>Reducerea v\u00e2n\u0103torii \u0219i braconajului<\/li>\n<li>Controlul speciilor invazive<\/li>\n<li>Educarea oamenilor cu privire la importan\u021ba animalelor mari<\/li>\n<\/ul>\n\n<p>F\u0103c\u00e2nd ace\u0219ti pa\u0219i, putem ajuta la prevenirea celei de-a \u0219asea extinc\u021bii \u00een mas\u0103 \u0219i la protejarea viitorului planetei noastre \u0219i a locuitorilor s\u0103i.<\/p>","protected":false},"excerpt":{"rendered":"<p>A \u0219asea extinc\u021bie \u00een mas\u0103: Ce \u00eenseamn\u0103 pentru oameni \u0219i planet\u0103 Ce este a \u0219asea extinc\u021bie \u00een mas\u0103? Oamenii de \u0219tiin\u021b\u0103 consider\u0103 c\u0103 ne afl\u0103m \u00een pragul celei de-a \u0219asea&hellip;<\/p>\n","protected":false},"author":6,"featured_media":0,"comment_status":"closed","ping_status":"closed","sticky":false,"template":"","format":"standard","meta":{"footnotes":""},"categories":[590],"tags":[180,641,34,23061],"class_list":["post-17556","post","type-post","status-publish","format-standard","hentry","category-ecology","tag-environmental-crisis","tag-biodiversity-loss","tag-climate-change","tag-sixth-mass-extinction"],"_links":{"self":[{"href":"https:\/\/www.lifescienceart.com\/ro\/wp-json\/wp\/v2\/posts\/17556","targetHints":{"allow":["GET"]}}],"collection":[{"href":"https:\/\/www.lifescienceart.com\/ro\/wp-json\/wp\/v2\/posts"}],"about":[{"href":"https:\/\/www.lifescienceart.com\/ro\/wp-json\/wp\/v2\/types\/post"}],"author":[{"embeddable":true,"href":"https:\/\/www.lifescienceart.com\/ro\/wp-json\/wp\/v2\/users\/6"}],"replies":[{"embeddable":true,"href":"https:\/\/www.lifescienceart.com\/ro\/wp-json\/wp\/v2\/comments?post=17556"}],"version-history":[{"count":1,"href":"https:\/\/www.lifescienceart.com\/ro\/wp-json\/wp\/v2\/posts\/17556\/revisions"}],"predecessor-version":[{"id":17557,"href":"https:\/\/www.lifescienceart.com\/ro\/wp-json\/wp\/v2\/posts\/17556\/revisions\/17557"}],"wp:attachment":[{"href":"https:\/\/www.lifescienceart.com\/ro\/wp-json\/wp\/v2\/media?parent=17556"}],"wp:term":[{"taxonomy":"category","embeddable":true,"href":"https:\/\/www.lifescienceart.com\/ro\/wp-json\/wp\/v2\/categories?post=17556"},{"taxonomy":"post_tag","embeddable":true,"href":"https:\/\/www.lifescienceart.com\/ro\/wp-json\/wp\/v2\/tags?post=17556"}],"curies":[{"name":"wp","href":"https:\/\/api.w.org\/{rel}","templated":true}]}}