{"id":2265,"date":"2020-07-09T06:31:47","date_gmt":"2020-07-09T06:31:47","guid":{"rendered":"https:\/\/www.lifescienceart.com\/?p=2265"},"modified":"2020-07-09T06:31:47","modified_gmt":"2020-07-09T06:31:47","slug":"lost-italian-village-curon-resurfaces-after-70-years","status":"publish","type":"post","link":"https:\/\/www.lifescienceart.com\/ro\/life\/history\/lost-italian-village-curon-resurfaces-after-70-years\/","title":{"rendered":"Satul scufundat Curon a ie\u0219it la suprafa\u021b\u0103"},"content":{"rendered":"<h2 class=\"wp-block-heading\">Satul italian scufundat revine la suprafa\u021b\u0103 dup\u0103 70 de ani sub ap\u0103<\/h2>\n\n<h2 class=\"wp-block-heading\">Satul pierdut Curon<\/h2>\n\n<p>Cuib\u0103rit \u00een regiunea muntoas\u0103 Tirolul de Sud, unde se \u00eent\u00e2lnesc Italia, Austria \u0219i Elve\u021bia, se afl\u0103 ora\u0219ul istoric alpin Curon. C\u00e2ndva o comunitate \u00eenfloritoare, Curon a fost scufundat sub apele lacului Resia \u00een 1950 pentru a crea un lac artificial pentru o central\u0103 hidroelectric\u0103 din apropiere.<\/p>\n\n<p>timp de \u0219apte decenii, singura r\u0103m\u0103\u0219i\u021b\u0103 vizibil\u0103 a satului pierdut a fost un turn clopotni\u021b\u0103 din secolul al XIV-lea care ie\u0219ea \u00een mod sinistru din ad\u00e2ncurile lacului. Cu toate acestea, \u00eentr-o \u00eentors\u0103tur\u0103 remarcabil\u0103 a evenimentelor, lucr\u0103rile de construc\u021bie au drenat temporar o parte din lacul ad\u00e2nc de 72 de picioare, dezv\u0103luind funda\u021biile lui Curon pentru prima dat\u0103 de la scufundarea sa.<\/p>\n\n<h2 class=\"wp-block-heading\">O privire \u00een trecut<\/h2>\n\n<p>Ruinele expuse ale lui Curon au oferit o privire tulbur\u0103toare \u00een trecut. Utilizatorii re\u021belelor sociale au distribuit imagini sinistre cu treptele de piatr\u0103 ale ora\u0219ului, pivni\u021bele, arcadele erodate \u0219i alte elemente arhitecturale. Aceast\u0103 secet\u0103 temporar\u0103 a oferit o oportunitate unic\u0103 de a explora r\u0103m\u0103\u0219i\u021bele unei comunit\u0103\u021bi odinioar\u0103 vibrante.<\/p>\n\n<h2 class=\"wp-block-heading\">O istorie a str\u0103mut\u0103rii<\/h2>\n\n<p>Decizia de a inunda Curon a fost una controversat\u0103. S\u0103tenii vorbitori \u00een mare parte de limba german\u0103 s-au str\u0103duit s\u0103 \u00een\u021beleag\u0103 planurile guvernului italian, care au fost dezv\u0103luite doar \u00een italian\u0103. Pe m\u0103sur\u0103 ce construc\u021bia lacului a progresat, aproape 1.000 de oameni au fost str\u0103muta\u021bi din casele lor.<\/p>\n\n<p>Mul\u021bi dintre s\u0103tenii str\u0103muta\u021bi s-au mutat \u00een ora\u0219ul apropiat Curon Venosta. Cu toate acestea, aproape jum\u0103tate din popula\u021bia ora\u0219ului a fost nevoit\u0103 s\u0103 emigreze ca urmare a pierderii caselor lor. Povestea lui Curon a devenit un simbol al str\u0103mut\u0103rii \u0219i al pierderii culturale care au \u00eenso\u021bit construc\u021bia proiectelor hidroelectrice \u00een Italia.<\/p>\n\n<h2 class=\"wp-block-heading\">O inspira\u021bie literar\u0103 \u0219i cinematografic\u0103<\/h2>\n\n<p>Frumuse\u021bea sinistr\u0103 a satului scufundat a inspirat nenum\u0103rate opere de art\u0103 \u0219i literatur\u0103. Romanul din 2018 al autorului italian Marco Balzano, \u201eResto Qui\u201d \u0219i serialul de suspans Netflix din 2020, \u201eCuron\u201d, exploreaz\u0103 mo\u0219tenirea b\u00e2ntuitoare a satului pierdut.<\/p>\n\n<p>Romanul lui Balzano reflect\u0103 asupra \u201ememoriei problematice\u201d a lui Curon, o amintire a vremurilor dificile cu care s-a confruntat Italia \u00een era post-Al Doilea R\u0103zboi Mondial. Serialul Netflix \u021bese o poveste supranatural\u0103 \u00een jurul ruinelor scufundate ale satului, subliniind puterea lor durabil\u0103 de a captiva \u0219i inspira.<\/p>\n\n<h2 class=\"wp-block-heading\">O destina\u021bie turistic\u0103<\/h2>\n\n<p>\u00cen ultimii ani, turnul clopotni\u021b\u0103 din Curon a devenit o destina\u021bie turistic\u0103 popular\u0103. C\u00e2nd lacul \u00eenghea\u021b\u0103 iarna, vizitatorii pot urca \u0219i atinge structura istoric\u0103. Frumuse\u021bea sinistr\u0103 a satului scufundat a atras turi\u0219ti din \u00eentreaga lume, dornici s\u0103 experimenteze atmosfera sa unic\u0103 \u0219i tulbur\u0103toare.<\/p>\n\n<h2 class=\"wp-block-heading\">Alte r\u0103m\u0103\u0219i\u021be istorice<\/h2>\n\n<p>Dincolo de Curon, regiunea Tirolul de Sud g\u0103zduie\u0219te \u0219i alte r\u0103m\u0103\u0219i\u021be bizare din istoria secolului XX. \u00cen timpul Primului R\u0103zboi Mondial, trupele italiene \u0219i austro-ungare au dus b\u0103t\u0103lii periculoase la altitudini mari \u00een trec\u0103torile montane din regiune. Ast\u0103zi, turi\u0219tii pot g\u0103si \u00eenc\u0103 buc\u0103\u021bi abandonate de telecabine, poduri \u0219i baze de st\u00e2nci, \u00eempr\u0103\u0219tiate de-a lungul Alpilor glaciali, servind ca m\u0103rturie a trecutului turbulent al regiunii.<\/p>\n\n<h2 class=\"wp-block-heading\">Concluzie<\/h2>\n\n<p>Reapari\u021bia temporar\u0103 a lui Curon a oferit o privire asupra unei lumi pierdute, o amintire a costului uman al progresului \u0219i a puterii durabile a memoriei. Frumuse\u021bea sinistr\u0103 a satului scufundat continu\u0103 s\u0103 inspire \u0219i s\u0103 captiveze, at\u00e2t \u00een realitate, c\u00e2t \u0219i \u00een domeniul artei \u0219i literaturii.<\/p>","protected":false},"excerpt":{"rendered":"<p>Satul italian scufundat revine la suprafa\u021b\u0103 dup\u0103 70 de ani sub ap\u0103 Satul pierdut Curon Cuib\u0103rit \u00een regiunea muntoas\u0103 Tirolul de Sud, unde se \u00eent\u00e2lnesc Italia, Austria \u0219i Elve\u021bia, se&hellip;<\/p>\n","protected":false},"author":4,"featured_media":0,"comment_status":"closed","ping_status":"","sticky":false,"template":"","format":"standard","meta":{"footnotes":""},"categories":[767],"tags":[99,4695,4694,4693],"class_list":["post-2265","post","type-post","status-publish","format-standard","hentry","category-history","tag-lifescienceart","tag-submerged-treasures","tag-historical-mysteries","tag-lost-villages"],"_links":{"self":[{"href":"https:\/\/www.lifescienceart.com\/ro\/wp-json\/wp\/v2\/posts\/2265","targetHints":{"allow":["GET"]}}],"collection":[{"href":"https:\/\/www.lifescienceart.com\/ro\/wp-json\/wp\/v2\/posts"}],"about":[{"href":"https:\/\/www.lifescienceart.com\/ro\/wp-json\/wp\/v2\/types\/post"}],"author":[{"embeddable":true,"href":"https:\/\/www.lifescienceart.com\/ro\/wp-json\/wp\/v2\/users\/4"}],"replies":[{"embeddable":true,"href":"https:\/\/www.lifescienceart.com\/ro\/wp-json\/wp\/v2\/comments?post=2265"}],"version-history":[{"count":1,"href":"https:\/\/www.lifescienceart.com\/ro\/wp-json\/wp\/v2\/posts\/2265\/revisions"}],"predecessor-version":[{"id":2266,"href":"https:\/\/www.lifescienceart.com\/ro\/wp-json\/wp\/v2\/posts\/2265\/revisions\/2266"}],"wp:attachment":[{"href":"https:\/\/www.lifescienceart.com\/ro\/wp-json\/wp\/v2\/media?parent=2265"}],"wp:term":[{"taxonomy":"category","embeddable":true,"href":"https:\/\/www.lifescienceart.com\/ro\/wp-json\/wp\/v2\/categories?post=2265"},{"taxonomy":"post_tag","embeddable":true,"href":"https:\/\/www.lifescienceart.com\/ro\/wp-json\/wp\/v2\/tags?post=2265"}],"curies":[{"name":"wp","href":"https:\/\/api.w.org\/{rel}","templated":true}]}}