{"id":4509,"date":"2019-08-26T07:51:17","date_gmt":"2019-08-26T07:51:17","guid":{"rendered":"https:\/\/www.lifescienceart.com\/?p=4509"},"modified":"2019-08-26T07:51:17","modified_gmt":"2019-08-26T07:51:17","slug":"time-perception-how-emotions-warp-our-sense-of-time","status":"publish","type":"post","link":"https:\/\/www.lifescienceart.com\/ro\/science\/cognitive-science\/time-perception-how-emotions-warp-our-sense-of-time\/","title":{"rendered":"Percep\u021bia timpului: Cum ne distorsioneaz\u0103 emo\u021biile sim\u021bul timpului"},"content":{"rendered":"<h2 class=\"wp-block-heading\">Percep\u021bia timpului: Cum ne distorsioneaz\u0103 emo\u021biile sim\u021bul timpului<\/h2>\n\n<h2 class=\"wp-block-heading\">\u00cen\u021belegerea percep\u021biei timpului<\/h2>\n\n<p>Percep\u021bia timpului se refer\u0103 la experien\u021ba noastr\u0103 subiectiv\u0103 a trecerii timpului. Nu este un concept absolut; poate varia \u00een func\u021bie de emo\u021biile \u0219i experien\u021bele noastre.<\/p>\n\n<h2 class=\"wp-block-heading\">Rolul emo\u021biilor<\/h2>\n\n<p>Cercet\u0103rile au ar\u0103tat c\u0103 emo\u021biile joac\u0103 un rol semnificativ \u00een modul \u00een care percepem timpul. Emo\u021biile pozitive, precum bucuria \u0219i entuziasmul, tind s\u0103 \u00eencetineasc\u0103 percep\u021bia noastr\u0103 asupra timpului, f\u0103c\u00e2ndu-ne s\u0103 sim\u021bim c\u0103 trece mai \u00eencet. \u00cen schimb, emo\u021biile negative, precum anxietatea \u0219i frustrarea, accelereaz\u0103 percep\u021bia noastr\u0103 asupra timpului, f\u0103c\u00e2ndu-ne s\u0103 sim\u021bim c\u0103 timpul trece mai repede.<\/p>\n\n<h2 class=\"wp-block-heading\">Emo\u021biile \u0219i elasticitatea timpului<\/h2>\n\n<p>Cercet\u0103torii din spatele acestei teorii sugereaz\u0103 c\u0103 timpul are o anumit\u0103 \u201eelasticitate\u201d care poate fi influen\u021bat\u0103 de emo\u021biile noastre. C\u00e2nd experiment\u0103m emo\u021bii pozitive, timpul pare s\u0103 se extind\u0103, oferindu-ne un sentiment de r\u0103bdare \u0219i anticipare. \u00cen schimb, atunci c\u00e2nd experiment\u0103m emo\u021bii negative, timpul pare s\u0103 se contracte, duc\u00e2nd la sentimente de anxietate \u0219i ner\u0103bdare.<\/p>\n\n<h2 class=\"wp-block-heading\">Cum afecteaz\u0103 emo\u021biile percep\u021bia timpului \u00een diferite situa\u021bii<\/h2>\n\n<ul class=\"wp-block-list\">\n<li><strong>Experien\u021be pozitive:<\/strong> A\u0219teptarea unui eveniment pl\u0103cut, cum ar fi deschiderea cadourilor \u00een diminea\u021ba de Cr\u0103ciun sau intrarea \u00eentr-o sta\u021bie de metrou cald\u0103 dup\u0103 o plimbare friguroas\u0103, poate evoca emo\u021bii pozitive care fac ca timpul s\u0103 par\u0103 c\u0103 \u00eencetine\u0219te.<\/li>\n<li><strong>Experien\u021be negative:<\/strong> Anticiparea unui eveniment nepl\u0103cut, cum ar fi o vizit\u0103 la dentist sau o plimbare \u00een frig, poate declan\u0219a emo\u021bii negative care accelereaz\u0103 percep\u021bia noastr\u0103 asupra timpului.<\/li>\n<\/ul>\n\n<h2 class=\"wp-block-heading\">Factori care influen\u021beaz\u0103 percep\u021bia timpului<\/h2>\n\n<p>Pe l\u00e2ng\u0103 emo\u021bii, \u0219i al\u021bi factori pot influen\u021ba, de asemenea, percep\u021bia noastr\u0103 asupra timpului:<\/p>\n\n<ul class=\"wp-block-list\">\n<li><strong>Aten\u021bia:<\/strong> Atunci c\u00e2nd suntem concentra\u021bi pe o sarcin\u0103 sau activitate, timpul pare s\u0103 treac\u0103 mai repede.<\/li>\n<li><strong>A\u0219teptarea:<\/strong> Dac\u0103 ne a\u0219tept\u0103m ca un eveniment s\u0103 dureze mult, adesea sim\u021bim c\u0103 a\u0219a este.<\/li>\n<li><strong>V\u00e2rsta:<\/strong> Pe m\u0103sur\u0103 ce \u00eemb\u0103tr\u00e2nim, percep\u021bia noastr\u0103 asupra timpului tinde s\u0103 se accelereze.<\/li>\n<\/ul>\n\n<h2 class=\"wp-block-heading\">Implica\u021bii pentru vie\u021bile noastre<\/h2>\n\n<p>\u00cen\u021belegerea modului \u00een care emo\u021biile ne afecteaz\u0103 percep\u021bia asupra timpului ne poate ajuta \u00een diverse moduri:<\/p>\n\n<ul class=\"wp-block-list\">\n<li><strong>Gestionarea timpului:<\/strong> Recunosc\u00e2nd modul \u00een care emo\u021biile noastre pot distorsiona percep\u021bia noastr\u0103 asupra timpului, ne putem gestiona mai bine programele \u0219i prioritiza sarcinile.<\/li>\n<li><strong>Gestionarea stresului:<\/strong> \u0218tiind c\u0103 emo\u021biile negative ne pot accelera percep\u021bia asupra timpului, ne poate ajuta s\u0103 dezvolt\u0103m strategii pentru gestionarea stresului \u0219i reducerea sentimentelor de anxietate.<\/li>\n<li><strong>Aprecierea timpului:<\/strong> \u00cen\u021beleg\u00e2nd elasticitatea timpului, putem aprecia mai pe deplin momentul prezent \u0219i ne putem bucura de experien\u021bele pozitive.<\/li>\n<\/ul>\n\n<h2 class=\"wp-block-heading\">Concluzie<\/h2>\n\n<p>Percep\u021bia timpului este un fenomen complex care este influen\u021bat de o varietate de factori, inclusiv emo\u021biile noastre. \u00cen\u021beleg\u00e2nd modul \u00een care emo\u021biile ne distorsioneaz\u0103 sim\u021bul timpului, putem dob\u00e2ndi o apreciere mai profund\u0103 pentru trecerea timpului \u0219i putem lua decizii care ne \u00eembun\u0103t\u0103\u021besc vie\u021bile.<\/p>","protected":false},"excerpt":{"rendered":"<p>Percep\u021bia timpului: Cum ne distorsioneaz\u0103 emo\u021biile sim\u021bul timpului \u00cen\u021belegerea percep\u021biei timpului Percep\u021bia timpului se refer\u0103 la experien\u021ba noastr\u0103 subiectiv\u0103 a trecerii timpului. Nu este un concept absolut; poate varia \u00een&hellip;<\/p>\n","protected":false},"author":6,"featured_media":0,"comment_status":"closed","ping_status":"closed","sticky":false,"template":"","format":"standard","meta":{"footnotes":""},"categories":[1222],"tags":[164,1579,1237,8186],"class_list":["post-4509","post","type-post","status-publish","format-standard","hentry","category-cognitive-science","tag-emotions","tag-neuroscience","tag-psychology","tag-time-perception"],"_links":{"self":[{"href":"https:\/\/www.lifescienceart.com\/ro\/wp-json\/wp\/v2\/posts\/4509","targetHints":{"allow":["GET"]}}],"collection":[{"href":"https:\/\/www.lifescienceart.com\/ro\/wp-json\/wp\/v2\/posts"}],"about":[{"href":"https:\/\/www.lifescienceart.com\/ro\/wp-json\/wp\/v2\/types\/post"}],"author":[{"embeddable":true,"href":"https:\/\/www.lifescienceart.com\/ro\/wp-json\/wp\/v2\/users\/6"}],"replies":[{"embeddable":true,"href":"https:\/\/www.lifescienceart.com\/ro\/wp-json\/wp\/v2\/comments?post=4509"}],"version-history":[{"count":1,"href":"https:\/\/www.lifescienceart.com\/ro\/wp-json\/wp\/v2\/posts\/4509\/revisions"}],"predecessor-version":[{"id":4510,"href":"https:\/\/www.lifescienceart.com\/ro\/wp-json\/wp\/v2\/posts\/4509\/revisions\/4510"}],"wp:attachment":[{"href":"https:\/\/www.lifescienceart.com\/ro\/wp-json\/wp\/v2\/media?parent=4509"}],"wp:term":[{"taxonomy":"category","embeddable":true,"href":"https:\/\/www.lifescienceart.com\/ro\/wp-json\/wp\/v2\/categories?post=4509"},{"taxonomy":"post_tag","embeddable":true,"href":"https:\/\/www.lifescienceart.com\/ro\/wp-json\/wp\/v2\/tags?post=4509"}],"curies":[{"name":"wp","href":"https:\/\/api.w.org\/{rel}","templated":true}]}}