{"id":7562,"date":"2023-08-18T09:51:56","date_gmt":"2023-08-18T09:51:56","guid":{"rendered":"https:\/\/www.lifescienceart.com\/?p=7562"},"modified":"2023-08-18T09:51:56","modified_gmt":"2023-08-18T09:51:56","slug":"window-header-size-types-installation","status":"publish","type":"post","link":"https:\/\/www.lifescienceart.com\/ro\/uncategorized\/window-header-size-types-installation\/","title":{"rendered":"Antet de fereastr\u0103: dimensiuni, tipuri \u0219i instalare"},"content":{"rendered":"<h2 class=\"wp-block-heading\">Antet de fereastr\u0103: dimensiuni, tipuri \u0219i instalare<\/h2>\n\n<h2 class=\"wp-block-heading\">Ce este un antet de fereastr\u0103?<\/h2>\n\n<p>Un antet de fereastr\u0103 este o grind\u0103 structural\u0103 care se \u00eentinde pe partea superioar\u0103 a unei deschideri de fereastr\u0103, permi\u021b\u00e2nd spa\u021biului de dedesubt s\u0103 r\u0103m\u00e2n\u0103 deschis. \u00cenlocuie\u0219te o sec\u021biune a peretelui exterior, men\u021bin\u00e2nd integritatea structural\u0103 prin sus\u021binerea greut\u0103\u021bii de deasupra acestuia.<\/p>\n\n<h2 class=\"wp-block-heading\">De ce este important\u0103 dimensionarea corect\u0103 a unui antet de fereastr\u0103?<\/h2>\n\n<p>Dimensionarea corect\u0103 a antetului ferestrei este crucial\u0103 din mai multe motive:<\/p>\n\n<ul class=\"wp-block-list\">\n<li><strong>Func\u021bionarea ferestrei:<\/strong> Un antet dimensionat incorect poate \u00eempiedica deschiderea \u0219i \u00eenchiderea lin\u0103 a ferestrelor.<\/li>\n<li><strong>Integritate structural\u0103:<\/strong> Un antet prea mic poate duce la probleme structurale, cauz\u00e2nd poten\u021bial daune cl\u0103dirii.<\/li>\n<li><strong>Impermeabilizare:<\/strong> Un antet subdimensionat poate s\u0103 nu ofere suport adecvat pentru rama ferestrei, duc\u00e2nd la scurgeri de ap\u0103 \u0219i curen\u021bi de aer.<\/li>\n<\/ul>\n\n<h2 class=\"wp-block-heading\">Dimensiuni comune ale antetelor de ferestre<\/h2>\n\n<p>Dimensiunea unui antet de fereastr\u0103 depinde de distan\u021ba dintre deschiderile ferestrei. Dimensiunile obi\u0219nuite ale antetelor includ:<\/p>\n\n<ul class=\"wp-block-list\">\n<li>Dou\u0103 2&#215;4: pentru ferestre cu o distan\u021b\u0103 de p\u00e2n\u0103 la 3 picioare<\/li>\n<li>Dou\u0103 2&#215;6: pentru distan\u021be ale ferestrelor de 4 picioare, 6 inci<\/li>\n<li>Dou\u0103 2&#215;8: pentru distan\u021be ale ferestrelor de 5 picioare, 9 inci<\/li>\n<\/ul>\n\n<h2 class=\"wp-block-heading\">Cum s\u0103 determina\u021bi dimensiunea potrivit\u0103 a antetului pentru o anumit\u0103 distan\u021b\u0103 a ferestrei<\/h2>\n\n<p>Pentru a determina dimensiunea corect\u0103 a antetului pentru o fereastr\u0103, pute\u021bi utiliza urm\u0103toarele instruc\u021biuni:<\/p>\n\n<ul class=\"wp-block-list\">\n<li><strong>Pentru ferestre cu o distan\u021b\u0103 de 3 picioare sau mai pu\u021bin:<\/strong> Utiliza\u021bi dou\u0103 2&#215;4 sau un 4\u00d74.<\/li>\n<li><strong>Pentru ferestre cu o distan\u021b\u0103 de 4 picioare, 6 inci sau mai pu\u021bin:<\/strong> M\u0103ri\u021bi dimensiunea antetului la dou\u0103 2&#215;6.<\/li>\n<li><strong>Pentru ferestre cu o distan\u021b\u0103 de 5 picioare, 9 inci sau mai pu\u021bin:<\/strong> Utiliza\u021bi dou\u0103 2&#215;8.<\/li>\n<\/ul>\n\n<h2 class=\"wp-block-heading\">Factori care pot modifica dimensiunile antetului<\/h2>\n\n<p>Mai mul\u021bi factori pot afecta dimensiunea unui antet de fereastr\u0103, inclusiv:<\/p>\n\n<ul class=\"wp-block-list\">\n<li><strong>L\u0103\u021bimea cl\u0103dirii:<\/strong> Cl\u0103dirile mai \u00eenguste necesit\u0103 distan\u021be mai scurte ale antetelor.<\/li>\n<li><strong>Sarcina de z\u0103pad\u0103:<\/strong> Acumularea puternic\u0103 de z\u0103pad\u0103 poate cre\u0219te greutatea pe antet, necesit\u00e2nd o dimensiune mai mare.<\/li>\n<li><strong>Supradimensionare:<\/strong> Unii constructori pot supradimensiona antetele din precau\u021bie, folosind cherestea mai groas\u0103 sau mai multe straturi.<\/li>\n<\/ul>\n\n<h2 class=\"wp-block-heading\">Cum s\u0103 supradimensiona\u021bi un antet de fereastr\u0103<\/h2>\n\n<p>Supradimensionarea unui antet de fereastr\u0103 poate oferi rezisten\u021b\u0103 \u0219i lini\u0219te sufleteasc\u0103 suplimentare. Metodele comune includ:<\/p>\n\n<ul class=\"wp-block-list\">\n<li>Folosirea a dou\u0103 2&#215;12 unul l\u00e2ng\u0103 altul pentru deschideri largi de ferestre sau u\u0219i de patio.<\/li>\n<li>Ad\u0103ugarea de montan\u021bi suplimentari pentru a sus\u021bine antetul.<\/li>\n<\/ul>\n\n<h2 class=\"wp-block-heading\">Montan\u021bi principali \u0219i montan\u021bi secundari<\/h2>\n\n<p>Fiecare antet de fereastr\u0103 necesit\u0103 doi montan\u021bi principali \u0219i doi montan\u021bi secundari. Montan\u021bii principali sunt supor\u021bi verticali care se extind de la podea la antet. Montan\u021bii secundari sunt montan\u021bi mai scur\u021bi care conecteaz\u0103 antetul la montan\u021bii principali. Pe m\u0103sur\u0103 ce l\u0103\u021bimea ferestrelor cre\u0219te, pot fi necesari montan\u021bi secundari suplimentari.<\/p>\n\n<h2 class=\"wp-block-heading\">Cherestea furniruit\u0103 laminat\u0103 (LVL) pentru antetele ferestrelor<\/h2>\n\n<p>Pe l\u00e2ng\u0103 cheresteaua t\u0103iat\u0103, cheresteaua furniruit\u0103 laminat\u0103 (LVL) poate fi utilizat\u0103 pentru antetele ferestrelor. LVL este creat prin lipirea \u00eempreun\u0103 a straturilor sub\u021biri de furnir, rezult\u00e2nd o grind\u0103 mai puternic\u0103 \u0219i mai rigid\u0103. LVL este deosebit de valoros pentru distan\u021be mari ale antetelor, cum ar fi cele pentru u\u0219ile de garaj sau u\u0219ile franceze.<\/p>\n\n<h2 class=\"wp-block-heading\">Instalarea antetelor de ferestre<\/h2>\n\n<p>Antetele ferestrelor sunt instalate de obicei dup\u0103 cum urmeaz\u0103:<\/p>\n\n<ol class=\"wp-block-list\">\n<li>Montan\u021bii principali sunt fixa\u021bi de podea \u0219i de tavan.<\/li>\n<li>Montan\u021bii secundari sunt ata\u0219a\u021bi la montan\u021bii principali.<\/li>\n<li>Antetul este plasat deasupra montan\u021bilor secundari \u0219i fixat cu \u0219uruburi sau cuie.<\/li>\n<li>Rama ferestrei este instalat\u0103 \u00een deschiderea antetului.<\/li>\n<li>Antetul este izolat \u0219i acoperit cu gips-carton sau alte materiale de finisare.<\/li>\n<\/ol>\n\n<p>Prin \u00een\u021belegerea importan\u021bei dimension\u0103rii \u0219i instal\u0103rii corecte a antetelor ferestrelor, pute\u021bi asigura integritatea structural\u0103 \u0219i rezisten\u021ba la intemperii a cl\u0103dirii dvs., \u00eembun\u0103t\u0103\u021bind \u00een acela\u0219i timp func\u021bionalitatea \u0219i atractivitatea estetic\u0103 a ferestrelor dvs.<\/p>","protected":false},"excerpt":{"rendered":"<p>Antet de fereastr\u0103: dimensiuni, tipuri \u0219i instalare Ce este un antet de fereastr\u0103? Un antet de fereastr\u0103 este o grind\u0103 structural\u0103 care se \u00eentinde pe partea superioar\u0103 a unei deschideri&hellip;<\/p>\n","protected":false},"author":1,"featured_media":0,"comment_status":"closed","ping_status":"","sticky":false,"template":"","format":"standard","meta":{"footnotes":""},"categories":[1],"tags":[12043,8820,12044,11628],"class_list":["post-7562","post","type-post","status-publish","format-standard","hentry","category-uncategorized","tag-window-header","tag-home-improvement","tag-window-installation","tag-structural-integrity"],"_links":{"self":[{"href":"https:\/\/www.lifescienceart.com\/ro\/wp-json\/wp\/v2\/posts\/7562","targetHints":{"allow":["GET"]}}],"collection":[{"href":"https:\/\/www.lifescienceart.com\/ro\/wp-json\/wp\/v2\/posts"}],"about":[{"href":"https:\/\/www.lifescienceart.com\/ro\/wp-json\/wp\/v2\/types\/post"}],"author":[{"embeddable":true,"href":"https:\/\/www.lifescienceart.com\/ro\/wp-json\/wp\/v2\/users\/1"}],"replies":[{"embeddable":true,"href":"https:\/\/www.lifescienceart.com\/ro\/wp-json\/wp\/v2\/comments?post=7562"}],"version-history":[{"count":1,"href":"https:\/\/www.lifescienceart.com\/ro\/wp-json\/wp\/v2\/posts\/7562\/revisions"}],"predecessor-version":[{"id":7563,"href":"https:\/\/www.lifescienceart.com\/ro\/wp-json\/wp\/v2\/posts\/7562\/revisions\/7563"}],"wp:attachment":[{"href":"https:\/\/www.lifescienceart.com\/ro\/wp-json\/wp\/v2\/media?parent=7562"}],"wp:term":[{"taxonomy":"category","embeddable":true,"href":"https:\/\/www.lifescienceart.com\/ro\/wp-json\/wp\/v2\/categories?post=7562"},{"taxonomy":"post_tag","embeddable":true,"href":"https:\/\/www.lifescienceart.com\/ro\/wp-json\/wp\/v2\/tags?post=7562"}],"curies":[{"name":"wp","href":"https:\/\/api.w.org\/{rel}","templated":true}]}}