{"id":8847,"date":"2024-06-20T10:41:35","date_gmt":"2024-06-20T10:41:35","guid":{"rendered":"https:\/\/www.lifescienceart.com\/?p=8847"},"modified":"2024-06-20T10:41:35","modified_gmt":"2024-06-20T10:41:35","slug":"how-to-install-a-window-air-conditioner-diy-guide","status":"publish","type":"post","link":"https:\/\/www.lifescienceart.com\/ro\/life\/home-and-garden\/how-to-install-a-window-air-conditioner-diy-guide\/","title":{"rendered":"Cum se instaleaz\u0103 un aparat de aer condi\u021bionat \u00een fereastr\u0103: un ghid complet"},"content":{"rendered":"<h2 class=\"wp-block-heading\">## Cum se instaleaz\u0103 un aparat de aer condi\u021bionat de fereastr\u0103: Un ghid complet<\/h2>\n\n<h2 class=\"wp-block-heading\">## \u00cenainte de a \u00eencepe<\/h2>\n\n<p>\u00cenainte de a \u00eencepe procesul de instalare, este esen\u021bial s\u0103 v\u0103 asigura\u021bi compatibilitatea dintre deschiderea ferestrei \u0219i unitatea de aer condi\u021bionat. \u00cendep\u0103rta\u021bi toate ferestrele de furtun\u0103 sau plasele de \u021b\u00e2n\u021bari \u0219i verifica\u021bi dac\u0103 partea din spate a unit\u0103\u021bii AC are acces liber la exterior pentru o ventila\u021bie corespunz\u0103toare \u0219i drenarea apei. \u00cen plus, cur\u0103\u021ba\u021bi toate obstacolele poten\u021biale de sub unitate pentru a preveni deteriorarea apei.<\/p>\n\n<h2 class=\"wp-block-heading\">## Considera\u021bii de siguran\u021b\u0103<\/h2>\n\n<p>Siguran\u021ba electric\u0103 este primordial\u0103. Utiliza\u021bi o priz\u0103 de perete electric\u0103 \u00eemp\u0103m\u00e2ntat\u0103 la \u00eendem\u00e2na cablului de alimentare al unit\u0103\u021bii AC. Re\u021bine\u021bi c\u0103 multe unit\u0103\u021bi nu sunt compatibile cu prelungitoarele din cauza consumului mare de energie.<\/p>\n\n<p>Datorit\u0103 greut\u0103\u021bii \u0219i volumului lor, este recomandabil s\u0103 solicita\u021bi ajutorul unei persoane competente pentru instalare. Fiecare persoan\u0103 ar trebui s\u0103 poat\u0103 ridica cel pu\u021bin 50 de lire sterline.<\/p>\n\n<h2 class=\"wp-block-heading\">## Instrumente \u0219i materiale<\/h2>\n\n<h2 class=\"wp-block-heading\">## Echipamente\/Instrumente:<\/h2>\n\n<ul class=\"wp-block-list\">\n<li>\u0218urubelni\u021b\u0103 cu cap plat<\/li>\n<li>\u0218urubelni\u021b\u0103 cu cap Phillips<\/li>\n<li>Burghiu f\u0103r\u0103 fir cu bi\u021bi<\/li>\n<li>Nivel de bul\u0103<\/li>\n<li>Creion<\/li>\n<li>Rulet\u0103<\/li>\n<li>Foarfece sau cu\u021bit<\/li>\n<\/ul>\n\n<h2 class=\"wp-block-heading\">## Materiale:<\/h2>\n\n<ul class=\"wp-block-list\">\n<li>Unitate de aer condi\u021bionat pentru fereastr\u0103<\/li>\n<\/ul>\n\n<h2 class=\"wp-block-heading\">## Ghid de instalare pas cu pas<\/h2>\n\n<h2 class=\"wp-block-heading\">## 1. Ata\u0219a\u021bi \u0219inele la unitatea AC<\/h2>\n\n<p>Unit\u0103\u021bile de aer condi\u021bionat pentru ferestre concepute pentru instalare direct\u0103 \u00eentr-o deschidere a ferestrei vin de obicei cu \u0219ine metalice \u00een form\u0103 de L care se ata\u0219eaz\u0103 \u00een partea de sus sau pe lateralele unit\u0103\u021bii.<\/p>\n\n<ul class=\"wp-block-list\">\n<li>Alinia\u021bi \u0219uruburile de ma\u0219in\u0103 furnizate cu orificiile corespunz\u0103toare din \u0219in\u0103 \u0219i unitatea AC.<\/li>\n<li>Fixa\u021bi ferm \u0219ina la unitatea AC folosind \u0219uruburile.<\/li>\n<\/ul>\n\n<p><strong>Sfat:<\/strong> Asigura\u021bi-v\u0103 c\u0103 \u0219ina este instalat\u0103 corect, cu sec\u021biunea orizontal\u0103 orientat\u0103 spre exterior.<\/p>\n\n<h2 class=\"wp-block-heading\">## 2. Ata\u0219a\u021bi panourile laterale de umplere la AC<\/h2>\n\n<ul class=\"wp-block-list\">\n<li>Glisa\u021bi panourile laterale de umplere pe unitate p\u00e2n\u0103 c\u00e2nd sunt u\u0219or desaliniate cu marginea vertical\u0103 frontal\u0103 a unit\u0103\u021bii. Aceast\u0103 u\u0219oar\u0103 desaliniere este necesar\u0103 pentru o scurgere corespunz\u0103toare a apei.<\/li>\n<\/ul>\n\n<h2 class=\"wp-block-heading\">## 3. Retrage\u021bi panourile de umplere<\/h2>\n\n<ul class=\"wp-block-list\">\n<li>\u00cempinge\u021bi panourile de umplere spre unitatea AC c\u00e2t mai mult posibil.<\/li>\n<\/ul>\n\n<h2 class=\"wp-block-heading\">## 4. Seta\u021bi AC \u00een fereastr\u0103<\/h2>\n\n<ul class=\"wp-block-list\">\n<li>Cu ajutor, ridica\u021bi cu grij\u0103 unitatea AC \u00een rama ferestrei, a\u0219ez\u00e2nd-o pe marginea inferioar\u0103.<\/li>\n<li>\u00cen timp ce o persoan\u0103 \u021bine ferm unitatea pe loc, cealalt\u0103 persoan\u0103 ar trebui s\u0103 \u00eenchid\u0103 ferm canatul ferestrei \u00eempotriva unit\u0103\u021bii AC.<\/li>\n<li>Utiliza\u021bi un nivel cu bul\u0103 pentru a v\u0103 asigura c\u0103 unitatea este \u00eenclinat\u0103 \u00eenapoi \u00eentr-un unghi de 3-4 grade.<\/li>\n<\/ul>\n\n<h2 class=\"wp-block-heading\">## 5. Asigura\u021bi panourile de umplere<\/h2>\n\n<ul class=\"wp-block-list\">\n<li>Extinde\u021bi complet panourile de umplere.<\/li>\n<li>Ata\u0219a\u021bi-le de pervazul ferestrei folosind \u00eencuietorile \u0219i \u0219uruburile metalice pentru cadru furnizate.<\/li>\n<\/ul>\n\n<p><strong>Sfat:<\/strong> G\u0103uri\u021bi g\u0103uri pilot de 1\/8 inci \u00een pervazul ferestrei \u00eenainte de a introduce \u0219uruburile<\/p>","protected":false},"excerpt":{"rendered":"<p>## Cum se instaleaz\u0103 un aparat de aer condi\u021bionat de fereastr\u0103: Un ghid complet ## \u00cenainte de a \u00eencepe \u00cenainte de a \u00eencepe procesul de instalare, este esen\u021bial s\u0103 v\u0103&hellip;<\/p>\n","protected":false},"author":4,"featured_media":23691,"comment_status":"closed","ping_status":"closed","sticky":false,"template":"","format":"standard","meta":{"footnotes":""},"categories":[8825],"tags":[13202,13201,1761,8820,8679,8950,8951],"class_list":["post-8847","post","type-post","status-publish","format-standard","has-post-thumbnail","hentry","category-home-and-garden","tag-window-ac","tag-air-conditioner","tag-diy","tag-home-improvement","tag-installation","tag-cooling","tag-summer"],"_links":{"self":[{"href":"https:\/\/www.lifescienceart.com\/ro\/wp-json\/wp\/v2\/posts\/8847","targetHints":{"allow":["GET"]}}],"collection":[{"href":"https:\/\/www.lifescienceart.com\/ro\/wp-json\/wp\/v2\/posts"}],"about":[{"href":"https:\/\/www.lifescienceart.com\/ro\/wp-json\/wp\/v2\/types\/post"}],"author":[{"embeddable":true,"href":"https:\/\/www.lifescienceart.com\/ro\/wp-json\/wp\/v2\/users\/4"}],"replies":[{"embeddable":true,"href":"https:\/\/www.lifescienceart.com\/ro\/wp-json\/wp\/v2\/comments?post=8847"}],"version-history":[{"count":1,"href":"https:\/\/www.lifescienceart.com\/ro\/wp-json\/wp\/v2\/posts\/8847\/revisions"}],"predecessor-version":[{"id":8848,"href":"https:\/\/www.lifescienceart.com\/ro\/wp-json\/wp\/v2\/posts\/8847\/revisions\/8848"}],"wp:featuredmedia":[{"embeddable":true,"href":"https:\/\/www.lifescienceart.com\/ro\/wp-json\/wp\/v2\/media\/23691"}],"wp:attachment":[{"href":"https:\/\/www.lifescienceart.com\/ro\/wp-json\/wp\/v2\/media?parent=8847"}],"wp:term":[{"taxonomy":"category","embeddable":true,"href":"https:\/\/www.lifescienceart.com\/ro\/wp-json\/wp\/v2\/categories?post=8847"},{"taxonomy":"post_tag","embeddable":true,"href":"https:\/\/www.lifescienceart.com\/ro\/wp-json\/wp\/v2\/tags?post=8847"}],"curies":[{"name":"wp","href":"https:\/\/api.w.org\/{rel}","templated":true}]}}