{"id":14584,"date":"2023-05-31T08:11:19","date_gmt":"2023-05-31T08:11:19","guid":{"rendered":"https:\/\/www.lifescienceart.com\/?p=14584"},"modified":"2023-05-31T08:11:19","modified_gmt":"2023-05-31T08:11:19","slug":"anthropocene-defining-new-age-earth-humans","status":"publish","type":"post","link":"https:\/\/www.lifescienceart.com\/sv\/science\/earth-science\/anthropocene-defining-new-age-earth-humans\/","title":{"rendered":"Antropocen: att definiera en ny era f\u00f6r jorden och m\u00e4nniskan"},"content":{"rendered":"<h2 class=\"wp-block-heading\">Antropocen: Att definiera en ny tids\u00e5lder f\u00f6r jorden och m\u00e4nniskan<\/h2>\n\n<h2 class=\"wp-block-heading\">Vad \u00e4r antropocen?<\/h2>\n\n<p>Antropocen \u00e4r en term som myntats av forskare f\u00f6r att beskriva den nuvarande geologiska epoken, som k\u00e4nnetecknas av m\u00e4nsklig verksamhets betydande och varaktiga p\u00e5verkan p\u00e5 jordens system. Denna p\u00e5verkan har blivit s\u00e5 djupg\u00e5ende att den l\u00e4mnar ett unikt avtryck i planetens geologiska register.<\/p>\n\n<h2 class=\"wp-block-heading\">Bevis p\u00e5 m\u00e4nsklig p\u00e5verkan<\/h2>\n\n<p>Bevis f\u00f6r antropocen kan hittas i berggrunden under v\u00e5ra f\u00f6tter och i isen som t\u00e4cker polerna. Dessa geologiska arkiv ber\u00e4ttar historien om en planet som formats av en m\u00e4ngd olika naturliga h\u00e4ndelser, men nu, f\u00f6r f\u00f6rsta g\u00e5ngen, orsakar en intelligent kraft snabba och dramatiska f\u00f6r\u00e4ndringar.<\/p>\n\n<h2 class=\"wp-block-heading\">Podden Antropocen-generationen<\/h2>\n\n<p>F\u00f6r att f\u00e5nga upp samtalen om denna nya tids\u00e5lder har ett team av forskare och studenter vid Stanford University skapat podden Antropocen-generationen. Varje avsnitt lyfter fram tankev\u00e4ckande ber\u00e4ttelser fr\u00e5n hela v\u00e4rlden som utforskar de vetenskapliga och kulturella konsekvenserna av antropocen.<\/p>\n\n<h2 class=\"wp-block-heading\">Antropocen-generationens fem b\u00e4sta avsnitt<\/h2>\n\n<p>H\u00e4r \u00e4r fem av de mest f\u00e4ngslande avsnitten som har s\u00e4nts hittills:<\/p>\n\n<h2 class=\"wp-block-heading\">1. Jordens kritiska punkter och abrupta klimatf\u00f6r\u00e4ndringar<\/h2>\n\n<p>Det h\u00e4r avsnittet utforskar potentialen f\u00f6r jorden att n\u00e5 kritiska punkter, bortom vilka abrupta och potentiellt katastrofala klimatf\u00f6r\u00e4ndringar kan intr\u00e4ffa.<\/p>\n\n<h2 class=\"wp-block-heading\">2. Att h\u00e4nga i en st\u00f6kig tr\u00e4dg\u00e5rd<\/h2>\n\n<p>Det h\u00e4r avsnittet unders\u00f6ker det komplexa och st\u00e4ndigt f\u00f6r\u00e4nderliga f\u00f6rh\u00e5llandet mellan m\u00e4nniskor och den naturliga v\u00e4rlden.<\/p>\n\n<h2 class=\"wp-block-heading\">3. En kosmisk tvillingstudie<\/h2>\n\n<p>Det h\u00e4r avsnittet j\u00e4mf\u00f6r jorden med dess kosmiska tvilling, Mars, f\u00f6r att f\u00e5 insikter i de unika milj\u00f6f\u00f6rh\u00e5llanden som har gjort det m\u00f6jligt f\u00f6r liv att frodas p\u00e5 v\u00e5r planet.<\/p>\n\n<h2 class=\"wp-block-heading\">4. Yoghurt och apokalypsen: Milj\u00f6v\u00e5rdens ber\u00e4ttelser<\/h2>\n\n<p>Det h\u00e4r avsnittet utforskar de olika s\u00e4tt som m\u00e4nniskor har ramat in och kommunicerat milj\u00f6fr\u00e5gor genom historien.<\/p>\n\n<h2 class=\"wp-block-heading\">5. Att sp\u00e5ra n\u00e4tverk av sjukdomar<\/h2>\n\n<p>Det h\u00e4r avsnittet unders\u00f6ker sambandet mellan m\u00e4nniskors och djurs h\u00e4lsa och hur m\u00e4nsklig verksamhet kan p\u00e5verka spridningen av sjukdomar.<\/p>\n\n<h2 class=\"wp-block-heading\">Det r\u00f6riga f\u00f6rh\u00e5llandet mellan m\u00e4nniskor och geografi<\/h2>\n\n<p>F\u00f6rh\u00e5llandet mellan m\u00e4nniskor och geografi har varit r\u00f6rigt genom historien. M\u00e4nsklig verksamhet har format planetens landskap, ekosystem och klimat. I sin tur har milj\u00f6n p\u00e5verkat m\u00e4nskliga samh\u00e4llen och kulturer.<\/p>\n\n<h2 class=\"wp-block-heading\">Antropocenens framtid<\/h2>\n\n<p>Antropocen \u00e4r ett nytt och os\u00e4kert kapitel i jordens historia. De val vi g\u00f6r idag kommer att forma framtiden f\u00f6r v\u00e5r planet och kommande generationer. Det \u00e4r viktigt att vi f\u00f6rst\u00e5r konsekvenserna av v\u00e5ra handlingar och arbetar tillsammans f\u00f6r att skapa en h\u00e5llbar och r\u00e4ttvis framtid f\u00f6r alla.<\/p>","protected":false},"excerpt":{"rendered":"<p>Antropocen: Att definiera en ny tids\u00e5lder f\u00f6r jorden och m\u00e4nniskan Vad \u00e4r antropocen? Antropocen \u00e4r en term som myntats av forskare f\u00f6r att beskriva den nuvarande geologiska epoken, som k\u00e4nnetecknas&hellip;<\/p>\n","protected":false},"author":1,"featured_media":0,"comment_status":"closed","ping_status":"closed","sticky":false,"template":"","format":"standard","meta":{"footnotes":""},"categories":[212],"tags":[3774,207,572,34,640,267],"class_list":["post-14584","post","type-post","status-publish","format-standard","hentry","category-earth-science","tag-anthropocene","tag-geology","tag-earth-science","tag-climate-change","tag-human-impact","tag-environmentalism"],"_links":{"self":[{"href":"https:\/\/www.lifescienceart.com\/sv\/wp-json\/wp\/v2\/posts\/14584","targetHints":{"allow":["GET"]}}],"collection":[{"href":"https:\/\/www.lifescienceart.com\/sv\/wp-json\/wp\/v2\/posts"}],"about":[{"href":"https:\/\/www.lifescienceart.com\/sv\/wp-json\/wp\/v2\/types\/post"}],"author":[{"embeddable":true,"href":"https:\/\/www.lifescienceart.com\/sv\/wp-json\/wp\/v2\/users\/1"}],"replies":[{"embeddable":true,"href":"https:\/\/www.lifescienceart.com\/sv\/wp-json\/wp\/v2\/comments?post=14584"}],"version-history":[{"count":1,"href":"https:\/\/www.lifescienceart.com\/sv\/wp-json\/wp\/v2\/posts\/14584\/revisions"}],"predecessor-version":[{"id":14585,"href":"https:\/\/www.lifescienceart.com\/sv\/wp-json\/wp\/v2\/posts\/14584\/revisions\/14585"}],"wp:attachment":[{"href":"https:\/\/www.lifescienceart.com\/sv\/wp-json\/wp\/v2\/media?parent=14584"}],"wp:term":[{"taxonomy":"category","embeddable":true,"href":"https:\/\/www.lifescienceart.com\/sv\/wp-json\/wp\/v2\/categories?post=14584"},{"taxonomy":"post_tag","embeddable":true,"href":"https:\/\/www.lifescienceart.com\/sv\/wp-json\/wp\/v2\/tags?post=14584"}],"curies":[{"name":"wp","href":"https:\/\/api.w.org\/{rel}","templated":true}]}}