{"id":1851,"date":"2026-08-31T23:55:00","date_gmt":"2026-08-31T23:55:00","guid":{"rendered":"https:\/\/www.lifescienceart.com\/?p=1851"},"modified":"2026-08-31T23:55:00","modified_gmt":"2026-08-31T23:55:00","slug":"tsch-gg-tta-unveiling-the-enigmatic-carnival-tradition-of-switzerland-s-ltschental-valley","status":"publish","type":"post","link":"https:\/\/www.lifescienceart.com\/sv\/art\/folk-art\/tsch-gg-tta-unveiling-the-enigmatic-carnival-tradition-of-switzerland-s-ltschental-valley\/","title":{"rendered":"Tsch\u00e4gg\u00e4tt\u00e4 \u2013 Det g\u00e5tfulla karnevalsspektaklet i L\u00f6tchentals dal"},"content":{"rendered":"<h2 class=\"wp-block-heading\">Tsch\u00e4gg\u00e4tt\u00e4: Avsl\u00f6jande av den g\u00e5tfulla karnevalstraditionen i Schweiz L\u00f6tchental-dal<\/h2>\n\n<h2 class=\"wp-block-heading\">Historiska ursprung och folklore<\/h2>\n\n<p class=\"wp-block-paragraph\">Tsch\u00e4gg\u00e4tt\u00e4, en unik och g\u00e5tfull tradition som \u00e4ger rum i L\u00f6tchental-dalen i Schweiz, har f\u00e5ngat fantasin hos b\u00e5de lokalbefolkning och bes\u00f6kare i \u00e5rhundraden. Ursprungena till detta fascinerande bruk \u00e4r fortfarande inh\u00f6ljda i mystik, med olika teorier som f\u00f6rs\u00f6ker f\u00f6rklara dess uppkomst.<\/p>\n\n<p class=\"wp-block-paragraph\">En popul\u00e4r legend sp\u00e5rar Tsch\u00e4gg\u00e4tt\u00e4 tillbaka till \u201dSchurten Diebe\u201d, en grupp unga m\u00e4n som bar djurhudar och tr\u00e4masker f\u00f6r att stj\u00e4la fr\u00e5n bybor i dalen. En annan teori f\u00f6resl\u00e5r att Tsch\u00e4gg\u00e4tt\u00e4 uppstod som ett s\u00e4tt f\u00f6r ogifta m\u00e4n att interagera med kvinnor mer fritt inom den katolska samh\u00e4llsstrukturen.<\/p>\n\n<h2 class=\"wp-block-heading\">Den kyrkliga influensen<\/h2>\n\n<p class=\"wp-block-paragraph\">Vissa forskare tror att Tsch\u00e4gg\u00e4tt\u00e4 kan ha utvecklats fr\u00e5n dj\u00e4vulskarakt\u00e4ren i barockteatern, som blomstrade p\u00e5 1600- och 1700-talen. Denna teori st\u00e4mmer \u00f6verens med Tsch\u00e4gg\u00e4ttas skr\u00e4mmande utseende och anv\u00e4ndningen av masker f\u00f6r att d\u00f6lja deras identiteter.<\/p>\n\n<h2 class=\"wp-block-heading\">Maskernas roll<\/h2>\n\n<p class=\"wp-block-paragraph\">Centralt i Tsch\u00e4gg\u00e4tt\u00e4-traditionen \u00e4r de uts\u00f6kta handhuggna maskerna, som har blivit ikoniska symboler f\u00f6r festivalen. Ursprungligen gjorda av obehandlat tr\u00e4, har maskerna utvecklats \u00f6ver tid med inf\u00f6randet av m\u00e5lning och inf\u00f6rlivandet av konstn\u00e4rliga element. Idag \u00e4r masktillverkning ett respekterat hantverk, d\u00e4r skickliga hantverkare visar upp sin talang och kreativitet.<\/p>\n\n<h2 class=\"wp-block-heading\">Moderna manifestationer<\/h2>\n\n<p class=\"wp-block-paragraph\">\u00c4ven om Tsch\u00e4gg\u00e4tt\u00e4-traditionen i stor utstr\u00e4ckning har h\u00e5llit fast vid sina r\u00f6tter, har moderna influenser smugit sig in. Vissa masker inneh\u00e5ller nu popkulturella referenser, s\u00e5som Marvels Venom eller Edvard Munchs <em>Skrik<\/em>. Tsch\u00e4gg\u00e4tt\u00e4 deltar ocks\u00e5 i en storslagen procession med vagnar och marscherande band under karnevalsfirandet.<\/p>\n\n<h2 class=\"wp-block-heading\">Uppleva Tsch\u00e4gg\u00e4tt\u00e4<\/h2>\n\n<p class=\"wp-block-paragraph\">F\u00f6r bes\u00f6kare \u00e4r de b\u00e4sta m\u00f6jligheterna att se Tsch\u00e4gg\u00e4tt\u00e4 i aktion p\u00e5 torsdag kv\u00e4ll och l\u00f6rdag eftermiddag innan Askonsdagen. P\u00e5 torsdag kv\u00e4ll springer \u201dmedborgarbestarna\u201d genom gatorna i Blatten och Ferden, medan l\u00f6rdagen inneh\u00e5ller en kostymt\u00e4vling som visar upp de mest imponerande maskerna och p\u00e4lsen.<\/p>\n\n<h2 class=\"wp-block-heading\">Kulturell p\u00e5verkan och betydelse<\/h2>\n\n<p class=\"wp-block-paragraph\">Tsch\u00e4gg\u00e4tt\u00e4-traditionen \u00e4r djupt sammanfl\u00e4tad med L\u00f6tchental-dalens kulturella identitet. Den ger ett unikt perspektiv f\u00f6r att utforska schweizisk folklore, konst och samspelet mellan tradition och modernitet. Festivalen har ocks\u00e5 lockat internationell uppm\u00e4rksamhet, med bes\u00f6kare som str\u00f6mmar f\u00f6r att bevittna detta extraordin\u00e4ra spektakel.<\/p>","protected":false},"excerpt":{"rendered":"<p>Tsch\u00e4gg\u00e4tt\u00e4: Avsl\u00f6jande av den g\u00e5tfulla karnevalstraditionen i Schweiz L\u00f6tchental-dal Historiska ursprung och folklore Tsch\u00e4gg\u00e4tt\u00e4, en unik och g\u00e5tfull tradition som \u00e4ger rum i L\u00f6tchental-dalen i Schweiz, har f\u00e5ngat fantasin hos&hellip;<\/p>\n","protected":false},"author":2,"featured_media":25552,"comment_status":"closed","ping_status":"closed","sticky":false,"template":"","format":"standard","meta":{"footnotes":""},"categories":[3669],"tags":[3967,89,3969,3968,3966],"class_list":["post-1851","post","type-post","status-publish","format-standard","has-post-thumbnail","hentry","category-folk-art","tag-carnival","tag-cultural-heritage","tag-mask-art","tag-swiss-folklore","tag-tschaggatta"],"_links":{"self":[{"href":"https:\/\/www.lifescienceart.com\/sv\/wp-json\/wp\/v2\/posts\/1851","targetHints":{"allow":["GET"]}}],"collection":[{"href":"https:\/\/www.lifescienceart.com\/sv\/wp-json\/wp\/v2\/posts"}],"about":[{"href":"https:\/\/www.lifescienceart.com\/sv\/wp-json\/wp\/v2\/types\/post"}],"author":[{"embeddable":true,"href":"https:\/\/www.lifescienceart.com\/sv\/wp-json\/wp\/v2\/users\/2"}],"replies":[{"embeddable":true,"href":"https:\/\/www.lifescienceart.com\/sv\/wp-json\/wp\/v2\/comments?post=1851"}],"version-history":[{"count":2,"href":"https:\/\/www.lifescienceart.com\/sv\/wp-json\/wp\/v2\/posts\/1851\/revisions"}],"predecessor-version":[{"id":25553,"href":"https:\/\/www.lifescienceart.com\/sv\/wp-json\/wp\/v2\/posts\/1851\/revisions\/25553"}],"wp:featuredmedia":[{"embeddable":true,"href":"https:\/\/www.lifescienceart.com\/sv\/wp-json\/wp\/v2\/media\/25552"}],"wp:attachment":[{"href":"https:\/\/www.lifescienceart.com\/sv\/wp-json\/wp\/v2\/media?parent=1851"}],"wp:term":[{"taxonomy":"category","embeddable":true,"href":"https:\/\/www.lifescienceart.com\/sv\/wp-json\/wp\/v2\/categories?post=1851"},{"taxonomy":"post_tag","embeddable":true,"href":"https:\/\/www.lifescienceart.com\/sv\/wp-json\/wp\/v2\/tags?post=1851"}],"curies":[{"name":"wp","href":"https:\/\/api.w.org\/{rel}","templated":true}]}}