{"id":2281,"date":"2022-05-28T18:03:53","date_gmt":"2022-05-28T18:03:53","guid":{"rendered":"https:\/\/www.lifescienceart.com\/?p=2281"},"modified":"2022-05-28T18:03:53","modified_gmt":"2022-05-28T18:03:53","slug":"university-of-michigan-car-trial-watershed-moment-environmental-activism","status":"publish","type":"post","link":"https:\/\/www.lifescienceart.com\/sv\/science\/environmental-science\/university-of-michigan-car-trial-watershed-moment-environmental-activism\/","title":{"rendered":"R\u00e4tteg\u00e5ngen mot bilen: Ett avg\u00f6rande \u00f6gonblick i milj\u00f6aktivismens historia"},"content":{"rendered":"<h2 class=\"wp-block-heading\">R\u00e4tteg\u00e5ngen mot bilen vid University of Michigan: En vattendelare i milj\u00f6aktivismen<\/h2>\n\n<p>Mitt i de v\u00e4xande milj\u00f6hoten i slutet av 1960-talet iscensatte en grupp studentaktivister vid University of Michigan en dj\u00e4rv och okonventionell protest: en fejkr\u00e4tteg\u00e5ng mot en Ford-sedan fr\u00e5n 1959. Denna h\u00e4ndelse, k\u00e4nd som University of Michigans bilr\u00e4tteg\u00e5ng, skulle bli ett avg\u00f6rande \u00f6gonblick i milj\u00f6aktivismens historia.<\/p>\n\n<h3 class=\"wp-block-heading\">R\u00e4tteg\u00e5ngen<\/h3>\n\n<p>Den 11 mars 1970 samlades ungef\u00e4r 1 000 personer p\u00e5 gr\u00e4smattan mitt p\u00e5 Ann Arbor-campuset f\u00f6r att bevittna r\u00e4tteg\u00e5ngen. Sedanen \u00e5talades f\u00f6r &#8220;mord p\u00e5 det amerikanska folket, gr\u00e4ns\u00f6verskridande f\u00f6rorening, uppvigling till trafikstockningar, skapande av fysiskt och psykiskt beroende och diskriminering av de fattiga&#8221;.<\/p>\n\n<p>R\u00e4tteg\u00e5ngen inneh\u00f6ll en rad f\u00e4rgstarka karakt\u00e4rer, bland annat &#8220;Rob Rockyfeller&#8221;, som vittnade om att bilavgaser endast var h\u00e4lften s\u00e5 giftiga som aspirin, och &#8220;Dr. Sigmund Ford&#8221;, som h\u00e4vdade att bilen var n\u00f6dv\u00e4ndig f\u00f6r det amerikanska psyket och inte kunde tas bort.<\/p>\n\n<p>Trots domarens inledande utslag till f\u00f6rdel f\u00f6r sedanen avl\u00e4gsnade aktivisterna honom utan pardon fr\u00e5n b\u00e4nken och \u00f6verl\u00e4t r\u00e4tteg\u00e5ngen till den f\u00f6rsamlade folkmassan, som avkunnade en f\u00e4llande dom. Bilen d\u00f6mdes till d\u00f6den och slogs d\u00e4refter i bitar med sl\u00e4gghor.<\/p>\n\n<h3 class=\"wp-block-heading\">Sammanhanget<\/h3>\n\n<p>R\u00e4tteg\u00e5ngen mot bilen vid University of Michigan var inte en isolerad h\u00e4ndelse. Den var en del av en v\u00e5g av milj\u00f6protester och teach-ins som \u00e4gde rum \u00f6ver hela landet inf\u00f6r den f\u00f6rsta jorddagen 1970.<\/p>\n\n<p>Vid den tiden var bilen en betydande k\u00e4lla till f\u00f6roreningar, och m\u00e5nga aktivister ans\u00e5g att den beh\u00f6vde ers\u00e4ttas med mer h\u00e5llbara transports\u00e4tt. R\u00e4tteg\u00e5ngen i Michigan var ett dj\u00e4rvt f\u00f6rs\u00f6k att uppm\u00e4rksamma denna fr\u00e5ga och utmana bilens dominans i det amerikanska samh\u00e4llet.<\/p>\n\n<h3 class=\"wp-block-heading\">P\u00e5verkan<\/h3>\n\n<p>R\u00e4tteg\u00e5ngen mot bilen vid University of Michigan hade en betydande inverkan p\u00e5 milj\u00f6r\u00f6relsen. Den bidrog till att \u00f6ka medvetenheten om de milj\u00f6problem som orsakades av bilar och inspirerade andra aktivister att agera.<\/p>\n\n<p>R\u00e4tteg\u00e5ngen spelade ocks\u00e5 en roll i att forma regeringens politik. Under de efterf\u00f6ljande \u00e5ren inf\u00f6rde milj\u00f6skyddsmyndigheten (EPA) str\u00e4ngare utsl\u00e4ppsnormer f\u00f6r bilar, och kongressen antog lagen om ren luft, som ytterligare minskade luftf\u00f6roreningarna fr\u00e5n fordon.<\/p>\n\n<h3 class=\"wp-block-heading\">Arvet<\/h3>\n\n<p>R\u00e4tteg\u00e5ngen mot bilen vid University of Michigan \u00e4r fortfarande en stark symbol f\u00f6r milj\u00f6r\u00f6relsen p\u00e5 1970-talet. Den \u00e4r en p\u00e5minnelse om aktivismens betydelse och vanliga medborgares f\u00f6rm\u00e5ga att g\u00f6ra skillnad.<\/p>\n\n<p>I dag \u00e4r utmaningarna f\u00f6r transportsektorn annorlunda \u00e4n de var 1970, men behovet av h\u00e5llbara l\u00f6sningar \u00e4r lika br\u00e5dskande. Arvet fr\u00e5n r\u00e4tteg\u00e5ngen mot bilen vid University of Michigan forts\u00e4tter att inspirera s\u00e5v\u00e4l aktivister som politiker att arbeta f\u00f6r en gr\u00f6nare framtid.<\/p>\n\n<h3 class=\"wp-block-heading\">V\u00e4gbyggets l\u00e5ngsiktiga konsekvenser f\u00f6r stadsmilj\u00f6er<\/h3>\n\n<p>En av de l\u00e5ngsiktiga konsekvenserna av bilens dominans i det amerikanska samh\u00e4llet har varit spridningen av motorv\u00e4gar, som ofta har haft en f\u00f6r\u00f6dande inverkan p\u00e5 stadsmilj\u00f6er.<\/p>\n\n<p>Motorv\u00e4gar har f\u00f6rdrivit hela kvarter, j\u00e4mnat bost\u00e4der och f\u00f6retag med marken och skapat barri\u00e4rer som delar upp samh\u00e4llen. De har ocks\u00e5 bidragit till luftf\u00f6roreningar, bullerf\u00f6roreningar och andra milj\u00f6problem.<\/p>\n\n<p>R\u00e4tteg\u00e5ngen mot bilen vid University of Michigan var en v\u00e4ckarklocka om behovet av att g\u00e5 bortom ett bilbaserat transportsystem till ett som erbjuder b\u00e4ttre kollektivtrafik och andra h\u00e5llbara alternativ.<\/p>\n\n<h3 class=\"wp-block-heading\">Utvecklingen av luftf\u00f6roreningsbest\u00e4mmelser f\u00f6r bilar<\/h3>\n\n<p>R\u00e4tteg\u00e5ngen mot bilen vid University of Michigan spelade en roll i utvecklingen av luftf\u00f6roreningsbest\u00e4mmelser f\u00f6r bilar. Under \u00e5ren efter r\u00e4tteg\u00e5ngen inf\u00f6rde EPA str\u00e4ngare utsl\u00e4ppsnormer f\u00f6r fordon, och kongressen antog lagen om ren luft, som ytterligare minskade luftf\u00f6roreningarna fr\u00e5n fordon.<\/p>\n\n<p>Dessa best\u00e4mmelser har lyckats minska luftf\u00f6roreningarna fr\u00e5n bilar avsev\u00e4rt, men utmaningen med klimatf\u00f6r\u00e4ndringar kr\u00e4ver \u00e4nnu mer aggressiva \u00e5tg\u00e4rder. I dag finns det en v\u00e4xande r\u00f6relse f\u00f6r att \u00f6verg\u00e5 till elfordon och andra utsl\u00e4ppsfria fordon f\u00f6r att minska v\u00e4xthusgasutsl\u00e4ppen och mildra effekterna av klimatf\u00f6r\u00e4ndringar.<\/p>\n\n<h3 class=\"wp-block-heading\">Den p\u00e5g\u00e5ende debatten om h\u00e5llbarheten i bilsamh\u00e4llet<\/h3>\n\n<p>R\u00e4tteg\u00e5ngen mot bilen vid University of Michigan v\u00e4ckte viktiga fr\u00e5gor om h\u00e5llbarheten i bilsamh\u00e4llet. Dessa fr\u00e5gor debatteras fortfarande i dag.<\/p>\n\n<p>Vissa h\u00e4vdar att bilar \u00e4r n\u00f6dv\u00e4ndiga f\u00f6r personlig r\u00f6rlighet och ekonomisk tillv\u00e4xt, medan andra anser att vi m\u00e5ste g\u00e5 mot mer h\u00e5llbara transports\u00e4tt. Debatten \u00e4r komplex och det finns inget enkelt svar, men det \u00e4r en debatt som vi m\u00e5ste forts\u00e4tta att f\u00f6ra.<\/p>\n\n<p>R\u00e4tteg\u00e5ngen mot bilen vid University of Michigan var ett avg\u00f6rande \u00f6gonblick i milj\u00f6aktivismens historia. Den \u00f6kade medvetenheten om de milj\u00f6problem som orsakades av bilar, inspirerade andra aktivister att agera och bidrog till att forma regeringens politik. R\u00e4tteg\u00e5ngens arv forts\u00e4tter att inspirera s\u00e5v\u00e4l aktivister som politiker att arbeta f\u00f6r en gr\u00f6nare framtid.<\/p>","protected":false},"excerpt":{"rendered":"<p>R\u00e4tteg\u00e5ngen mot bilen vid University of Michigan: En vattendelare i milj\u00f6aktivismen Mitt i de v\u00e4xande milj\u00f6hoten i slutet av 1960-talet iscensatte en grupp studentaktivister vid University of Michigan en dj\u00e4rv&hellip;<\/p>\n","protected":false},"author":6,"featured_media":0,"comment_status":"closed","ping_status":"","sticky":false,"template":"","format":"standard","meta":{"footnotes":""},"categories":[38],"tags":[4721,120,4720,67],"class_list":["post-2281","post","type-post","status-publish","format-standard","hentry","category-environmental-science","tag-car-culture","tag-sustainability","tag-university-of-michigan","tag-environmental-activism"],"_links":{"self":[{"href":"https:\/\/www.lifescienceart.com\/sv\/wp-json\/wp\/v2\/posts\/2281","targetHints":{"allow":["GET"]}}],"collection":[{"href":"https:\/\/www.lifescienceart.com\/sv\/wp-json\/wp\/v2\/posts"}],"about":[{"href":"https:\/\/www.lifescienceart.com\/sv\/wp-json\/wp\/v2\/types\/post"}],"author":[{"embeddable":true,"href":"https:\/\/www.lifescienceart.com\/sv\/wp-json\/wp\/v2\/users\/6"}],"replies":[{"embeddable":true,"href":"https:\/\/www.lifescienceart.com\/sv\/wp-json\/wp\/v2\/comments?post=2281"}],"version-history":[{"count":1,"href":"https:\/\/www.lifescienceart.com\/sv\/wp-json\/wp\/v2\/posts\/2281\/revisions"}],"predecessor-version":[{"id":2282,"href":"https:\/\/www.lifescienceart.com\/sv\/wp-json\/wp\/v2\/posts\/2281\/revisions\/2282"}],"wp:attachment":[{"href":"https:\/\/www.lifescienceart.com\/sv\/wp-json\/wp\/v2\/media?parent=2281"}],"wp:term":[{"taxonomy":"category","embeddable":true,"href":"https:\/\/www.lifescienceart.com\/sv\/wp-json\/wp\/v2\/categories?post=2281"},{"taxonomy":"post_tag","embeddable":true,"href":"https:\/\/www.lifescienceart.com\/sv\/wp-json\/wp\/v2\/tags?post=2281"}],"curies":[{"name":"wp","href":"https:\/\/api.w.org\/{rel}","templated":true}]}}