{"id":2866,"date":"2023-11-07T07:02:53","date_gmt":"2023-11-07T07:02:53","guid":{"rendered":"https:\/\/www.lifescienceart.com\/?p=2866"},"modified":"2023-11-07T07:02:53","modified_gmt":"2023-11-07T07:02:53","slug":"colombia-education-demobilized-soldiers","status":"publish","type":"post","link":"https:\/\/www.lifescienceart.com\/sv\/life\/social-impact\/colombia-education-demobilized-soldiers\/","title":{"rendered":"Utbildning som v\u00e4g till fred: Colombias innovativa strategi f\u00f6r \u00e5teranpassning av demobiliserade soldater"},"content":{"rendered":"<h2 class=\"wp-block-heading\">Colombias innovativa strategi f\u00f6r att \u00e5teranpassa demobiliserade soldater<\/h2>\n\n<h2 class=\"wp-block-heading\">Utbildning som v\u00e4g till fred<\/h2>\n\n<p>I ett banbrytande initiativ tillhandah\u00e5ller den colombianska regeringen gratis utbildning till demobiliserade soldater fr\u00e5n Medell\u00edns v\u00e4pnade miliser. Detta program syftar till att bryta v\u00e5ldets cirkel genom att erbjuda dessa f\u00f6re detta stridande en alternativ v\u00e4g till en b\u00e4ttre framtid.<\/p>\n\n<h2 class=\"wp-block-heading\">Utmaningar med \u00e5teranpassning<\/h2>\n\n<p>Statistiken visar att \u00f6ver 80 % av demobiliserade soldater i Medell\u00edn aldrig gick klart gymnasiet. M\u00e5nga \u00e4r funktionellt analfabeter och saknar de f\u00e4rdigheter som beh\u00f6vs f\u00f6r civil anst\u00e4llning. Vidare gick m\u00e5nga med i illegala v\u00e4pnade grupper p\u00e5 grund av ekonomisk n\u00f6dv\u00e4ndighet eller r\u00e4dsla f\u00f6r sina liv.<\/p>\n\n<h2 class=\"wp-block-heading\">Regeringens \u00e5tagande<\/h2>\n\n<p>F\u00f6r att bem\u00f6ta dessa utmaningar har regeringen implementerat ett omfattande program som tillhandah\u00e5ller demobiliserade soldater med:<\/p>\n\n<ul class=\"wp-block-list\">\n<li>M\u00e5natliga l\u00f6ner f\u00f6r att st\u00f6dja deras utbildning<\/li>\n<li>Tillg\u00e5ng till workshops som l\u00e4r ut arbets- och livsf\u00e4rdigheter<\/li>\n<li>Terapi och r\u00e5dgivning f\u00f6r att bem\u00f6ta de k\u00e4nslom\u00e4ssiga trauman efter kriget<\/li>\n<\/ul>\n\n<h2 class=\"wp-block-heading\">Centret f\u00f6r fred och f\u00f6rsoning<\/h2>\n\n<p>Centret f\u00f6r fred och f\u00f6rsoning i Medell\u00edn fungerar som navet f\u00f6r detta \u00e5teranpassningsprogram. H\u00e4r deltar demobiliserade soldater i kurser, deltar i workshops och f\u00e5r st\u00f6d fr\u00e5n r\u00e5dgivare och terapeuter. Centret underl\u00e4ttar \u00e4ven kontakter mellan offer f\u00f6r krigets v\u00e5ld och dess forna f\u00f6r\u00f6vare och fr\u00e4mjar f\u00f6rsoning och l\u00e4kning.<\/p>\n\n<h2 class=\"wp-block-heading\">Framg\u00e5ngshistorier<\/h2>\n\n<p>En s\u00e5dan framg\u00e5ngssaga \u00e4r Juan Guillermo Caro, en 28-\u00e5rig f\u00f6re detta paramilit\u00e4r som nu l\u00e4r sig l\u00e4sa och skriva p\u00e5 Centret f\u00f6r fred och f\u00f6rsoning. Caro l\u00e4mnade hemmet som pojke och arbetade enkla jobb f\u00f6r att f\u00f6rs\u00f6rja sig sj\u00e4lv. Han gick med i en v\u00e4pnad grupp av desperation men blev l\u00e4ttad n\u00e4r demobiliseringsuppmaningen kom. Caro \u00e4r besluten att skapa ett b\u00e4ttre liv f\u00f6r sig sj\u00e4lv genom utbildning och \u00e4r hoppfull inf\u00f6r framtiden.<\/p>\n\n<h2 class=\"wp-block-heading\">L\u00e4rdomar f\u00f6r andra konfliktomr\u00e5den<\/h2>\n\n<p>Colombias fredsprocess erbjuder v\u00e4rdefulla l\u00e4rdomar f\u00f6r andra regioner som upplever uppror och inb\u00f6rdeskrig. Genom att tillhandah\u00e5lla utbildning och andra st\u00f6dtj\u00e4nster till demobiliserade soldater kan regeringar hj\u00e4lpa till att f\u00f6rhindra att dessa individer \u00e5terv\u00e4nder till v\u00e5ld och fr\u00e4mja l\u00e5ngsiktig stabilitet.<\/p>\n\n<h2 class=\"wp-block-heading\">Vikten av f\u00f6rsoning<\/h2>\n\n<p>Jorge Gaviria, chef f\u00f6r Medell\u00edns freds- och f\u00f6rsoningsprogram, betonar vikten av att \u00e5teranpassa demobiliserade soldater i samh\u00e4llet. &#8220;Om vi inte g\u00f6r det kommer detta att upprepas om och om igen&#8221;, varnar han. Genom att fr\u00e4mja en k\u00e4nsla av inkludering och hitta s\u00e4tt f\u00f6r f\u00f6re detta stridande att bidra till sina samh\u00e4llen kan regeringar hj\u00e4lpa till att bryta v\u00e5ldets cirkel och skapa en mer fredlig framtid.<\/p>\n\n<h2 class=\"wp-block-heading\">Fallstudier och statistik<\/h2>\n\n<p>M\u00e5nga fallstudier och statistik st\u00f6djer effektiviteten av statligt finansierade utbildningsprogram f\u00f6r demobiliserade soldater. Forskning har visat att dessa program avsev\u00e4rt kan f\u00f6rb\u00e4ttra l\u00e4skunnigheten, arbetskunskaperna och den generella v\u00e4lf\u00e4rden bland f\u00f6re detta stridande.<\/p>\n\n<h2 class=\"wp-block-heading\">Slutsats<\/h2>\n\n<p>Colombias innovativa tillv\u00e4gag\u00e5ngss\u00e4tt att \u00e5teranpassa demobiliserade soldater genom utbildning \u00e4r ett bevis p\u00e5 kraften i fredsbyggande initiativ. Genom att investera i framtiden f\u00f6r dessa individer kan regeringar hj\u00e4lpa till att bryta v\u00e5ldets cirkel och fr\u00e4mja varaktig fred och stabilitet.<\/p>","protected":false},"excerpt":{"rendered":"<p>Colombias innovativa strategi f\u00f6r att \u00e5teranpassa demobiliserade soldater Utbildning som v\u00e4g till fred I ett banbrytande initiativ tillhandah\u00e5ller den colombianska regeringen gratis utbildning till demobiliserade soldater fr\u00e5n Medell\u00edns v\u00e4pnade miliser.&hellip;<\/p>\n","protected":false},"author":4,"featured_media":0,"comment_status":"closed","ping_status":"","sticky":false,"template":"","format":"standard","meta":{"footnotes":""},"categories":[5649],"tags":[2721,5648,5646,5647,170],"class_list":["post-2866","post","type-post","status-publish","format-standard","hentry","category-social-impact","tag-colombia","tag-demobilized-soldiers","tag-peacebuilding","tag-reintegration","tag-education"],"_links":{"self":[{"href":"https:\/\/www.lifescienceart.com\/sv\/wp-json\/wp\/v2\/posts\/2866","targetHints":{"allow":["GET"]}}],"collection":[{"href":"https:\/\/www.lifescienceart.com\/sv\/wp-json\/wp\/v2\/posts"}],"about":[{"href":"https:\/\/www.lifescienceart.com\/sv\/wp-json\/wp\/v2\/types\/post"}],"author":[{"embeddable":true,"href":"https:\/\/www.lifescienceart.com\/sv\/wp-json\/wp\/v2\/users\/4"}],"replies":[{"embeddable":true,"href":"https:\/\/www.lifescienceart.com\/sv\/wp-json\/wp\/v2\/comments?post=2866"}],"version-history":[{"count":1,"href":"https:\/\/www.lifescienceart.com\/sv\/wp-json\/wp\/v2\/posts\/2866\/revisions"}],"predecessor-version":[{"id":2867,"href":"https:\/\/www.lifescienceart.com\/sv\/wp-json\/wp\/v2\/posts\/2866\/revisions\/2867"}],"wp:attachment":[{"href":"https:\/\/www.lifescienceart.com\/sv\/wp-json\/wp\/v2\/media?parent=2866"}],"wp:term":[{"taxonomy":"category","embeddable":true,"href":"https:\/\/www.lifescienceart.com\/sv\/wp-json\/wp\/v2\/categories?post=2866"},{"taxonomy":"post_tag","embeddable":true,"href":"https:\/\/www.lifescienceart.com\/sv\/wp-json\/wp\/v2\/tags?post=2866"}],"curies":[{"name":"wp","href":"https:\/\/api.w.org\/{rel}","templated":true}]}}