{"id":3126,"date":"2020-11-11T15:20:42","date_gmt":"2020-11-11T15:20:42","guid":{"rendered":"https:\/\/www.lifescienceart.com\/?p=3126"},"modified":"2020-11-11T15:20:42","modified_gmt":"2020-11-11T15:20:42","slug":"jefferson-davis-statue-valentine-museum","status":"publish","type":"post","link":"https:\/\/www.lifescienceart.com\/sv\/uncategorized\/jefferson-davis-statue-valentine-museum\/","title":{"rendered":"Vanst\u00e4lld Jefferson Davis-staty ska st\u00e4llas ut p\u00e5 Valentine Museum"},"content":{"rendered":"<h2 class=\"wp-block-heading\">Jefferson Davis staty ska st\u00e4llas ut p\u00e5 Valentine Museum<\/h2>\n\n<h2 class=\"wp-block-heading\">Historisk kontext<\/h2>\n\n<p>Edward Valentine, en k\u00e4nd amerikansk skulpt\u00f6r, levde under en tid av \u00f6kade rasrelaterade sp\u00e4nningar i USA. Valentine, som \u00e4r k\u00e4nd f\u00f6r sina skickliga sniderier av tidigare presidenter och ledare f\u00f6r Konfederationen, har genom sina skulpturer b\u00e5de uppr\u00e4tth\u00e5llit och \u00e5terspeglat den r\u00e5dande myten om den f\u00f6rlorade saken, som glorifierade Konfederationen och f\u00f6rminskade slaveriets roll i inb\u00f6rdeskriget.<\/p>\n\n<h2 class=\"wp-block-heading\">Vanst\u00e4lld och borttagen<\/h2>\n\n<p>Under Black Lives Matter-protesterna i Richmond, Virginia, i juni 2020, v\u00e4lte och vanst\u00e4llde aktivister Valentines staty av Konfederationens president Jefferson Davis. Statyn, som hade st\u00e5tt p\u00e5 Richmonds Monument Avenue sedan 1907, blev nedst\u00e4nkt med svart och rosa f\u00e4rg, vilket gjorde dess drag n\u00e4stan oigenk\u00e4nnliga.<\/p>\n\n<h2 class=\"wp-block-heading\">Museets plan<\/h2>\n\n<p>Valentine Museum, som grundades av Valentines bror, har beg\u00e4rt tillst\u00e5nd av staden Richmond att st\u00e4lla ut den skadade Davis-statyn i konstn\u00e4rens atelj\u00e9. Museets chef, Bill Martin, anser att det finns en unik kraft i att visa upp den vanst\u00e4llda statyn f\u00f6r att bem\u00f6ta statyns problematiska arv och g\u00f6ra upp med myten om den f\u00f6rlorade saken.<\/p>\n\n<h2 class=\"wp-block-heading\">Kontrovers och motst\u00e5nd<\/h2>\n\n<p>En del av Richmonds inv\u00e5nare har protesterat mot museets planer och h\u00e4vdat att de f\u00f6rh\u00e4rligar konfederationens principer, \u00e4ven i sitt vanst\u00e4llda skick. De h\u00e4vdar att statyn inte b\u00f6r ges en plattform, eftersom den uppr\u00e4tth\u00e5ller en skadlig ber\u00e4ttelse om Konfederationen och slaveriet.<\/p>\n\n<h2 class=\"wp-block-heading\">Omtolkning av konfederationsmonument<\/h2>\n\n<p>Valentine Museums plan att st\u00e4lla ut Davis-statyn \u00e4r en del av en st\u00f6rre trend d\u00e4r museer omv\u00e4rderar sin roll i hur de presenterar konfederationsmonument. Konstkritikern Holland Cotter har h\u00e4vdat att museer m\u00e5ste sl\u00e4ppa sitt f\u00f6regivande om ideologisk neutralitet och bli &#8220;sanningss\u00e4gande institutioner&#8221; som presenterar konfederationsmonument som den propaganda de \u00e4r.<\/p>\n\n<h2 class=\"wp-block-heading\">K\u00e4nslom\u00e4ssigt arv och bes\u00f6kares perspektiv<\/h2>\n\n<p>Forskning har visat att bes\u00f6kare av historiska platser ofta f\u00f6rst\u00e4rker sina befintliga uppfattningar och f\u00f6rst\u00e5else, \u00e4ven n\u00e4r de presenteras med motstridig information. Detta utg\u00f6r en utmaning f\u00f6r museer som f\u00f6rs\u00f6ker ge en mer nyanserad och korrekt bild av konfederationen.<\/p>\n\n<h2 class=\"wp-block-heading\">Valentine Museums utveckling<\/h2>\n\n<p>Valentine Museum har utvecklats \u00f6ver tid fr\u00e5n ett mer allm\u00e4nt museum f\u00f6r konst och historia till en institution dedikerad \u00e5t att dokumentera Richmonds historia. Museets nuvarande anstr\u00e4ngningar att konfrontera sitt sm\u00e4rtsamma f\u00f6rflutna och ber\u00e4tta historier om rasrelaterad or\u00e4ttvisa \u00e4r ett bevis p\u00e5 dess f\u00f6r\u00e4ndrade uppdrag.<\/p>\n\n<h2 class=\"wp-block-heading\">Vikten av att konfrontera det f\u00f6rflutna<\/h2>\n\n<p>Bill Martin, museets chef, anser att det \u00e4r avg\u00f6rande att konfrontera det f\u00f6rflutna f\u00f6r att kunna skapa f\u00f6r\u00e4ndring. Han s\u00e4ger: &#8220;Det som denna plats bevisar \u00e4r att m\u00e4nniskor och institutioner kan f\u00f6r\u00e4ndras. Vi har inte f\u00f6r\u00e4ndrats tillr\u00e4ckligt. Vi har en hel del f\u00f6r\u00e4ndringar framf\u00f6r oss. Men vi har denna unika m\u00f6jlighet just nu, och dessa ber\u00e4ttelser m\u00e5ste ber\u00e4ttas.&#8221;<\/p>\n\n<h2 class=\"wp-block-heading\">Slutsats<\/h2>\n\n<p>Valentine Museums plan att st\u00e4lla ut den vanst\u00e4llda statyn av Jefferson Davis \u00e4r en komplex och kontroversiell fr\u00e5ga som v\u00e4cker viktiga fr\u00e5gor om museers roll i att konfrontera konfederationens historia och fr\u00e4mja r\u00e4ttvisa mellan olika folkgrupper. Museets anstr\u00e4ngningar att omtolka konfederationsmonument och ber\u00e4tta historier om sm\u00e4rtsamma h\u00e4ndelser i det f\u00f6rflutna \u00e4r ett steg i r\u00e4tt riktning mot att skapa en mer inkluderande och sanningsenlig f\u00f6rst\u00e5else av amerikansk historia.<\/p>","protected":false},"excerpt":{"rendered":"<p>Jefferson Davis staty ska st\u00e4llas ut p\u00e5 Valentine Museum Historisk kontext Edward Valentine, en k\u00e4nd amerikansk skulpt\u00f6r, levde under en tid av \u00f6kade rasrelaterade sp\u00e4nningar i USA. Valentine, som \u00e4r&hellip;<\/p>\n","protected":false},"author":1,"featured_media":0,"comment_status":"closed","ping_status":"closed","sticky":false,"template":"","format":"standard","meta":{"footnotes":""},"categories":[1],"tags":[2014,2230,1994,6088,764,6089],"class_list":["post-3126","post","type-post","status-publish","format-standard","hentry","category-uncategorized","tag-historical-preservation","tag-confederate-monuments","tag-lost-cause-myth","tag-museum-ethics","tag-racial-justice","tag-truth-telling-institutions"],"_links":{"self":[{"href":"https:\/\/www.lifescienceart.com\/sv\/wp-json\/wp\/v2\/posts\/3126","targetHints":{"allow":["GET"]}}],"collection":[{"href":"https:\/\/www.lifescienceart.com\/sv\/wp-json\/wp\/v2\/posts"}],"about":[{"href":"https:\/\/www.lifescienceart.com\/sv\/wp-json\/wp\/v2\/types\/post"}],"author":[{"embeddable":true,"href":"https:\/\/www.lifescienceart.com\/sv\/wp-json\/wp\/v2\/users\/1"}],"replies":[{"embeddable":true,"href":"https:\/\/www.lifescienceart.com\/sv\/wp-json\/wp\/v2\/comments?post=3126"}],"version-history":[{"count":1,"href":"https:\/\/www.lifescienceart.com\/sv\/wp-json\/wp\/v2\/posts\/3126\/revisions"}],"predecessor-version":[{"id":3127,"href":"https:\/\/www.lifescienceart.com\/sv\/wp-json\/wp\/v2\/posts\/3126\/revisions\/3127"}],"wp:attachment":[{"href":"https:\/\/www.lifescienceart.com\/sv\/wp-json\/wp\/v2\/media?parent=3126"}],"wp:term":[{"taxonomy":"category","embeddable":true,"href":"https:\/\/www.lifescienceart.com\/sv\/wp-json\/wp\/v2\/categories?post=3126"},{"taxonomy":"post_tag","embeddable":true,"href":"https:\/\/www.lifescienceart.com\/sv\/wp-json\/wp\/v2\/tags?post=3126"}],"curies":[{"name":"wp","href":"https:\/\/api.w.org\/{rel}","templated":true}]}}