{"id":4698,"date":"2023-06-13T05:17:19","date_gmt":"2023-06-13T05:17:19","guid":{"rendered":"https:\/\/www.lifescienceart.com\/?p=4698"},"modified":"2023-06-13T05:17:19","modified_gmt":"2023-06-13T05:17:19","slug":"plastic-bag-taxes-and-bans-a-global-perspective","status":"publish","type":"post","link":"https:\/\/www.lifescienceart.com\/sv\/science\/environmental-science\/plastic-bag-taxes-and-bans-a-global-perspective\/","title":{"rendered":"Plastp\u00e5sar: En global \u00f6versikt av skatter och f\u00f6rbud"},"content":{"rendered":"<h2 class=\"wp-block-heading\">Plastp\u00e5sar: skatter och f\u00f6rbud: ett globalt perspektiv<\/h2>\n\n<h2 class=\"wp-block-heading\">Vad kostar en plastp\u00e5se?<\/h2>\n\n<p>I januari 2023 ansl\u00f6t sig Washington, D.C., till ett v\u00e4xande antal st\u00e4der och l\u00e4nder som har inf\u00f6rt skatter eller f\u00f6rbud p\u00e5 plastp\u00e5sar. M\u00e5let med dessa \u00e5tg\u00e4rder \u00e4r att minska milj\u00f6p\u00e5verkan fr\u00e5n plastp\u00e5sar, som \u00e4r en stor k\u00e4lla till marint skr\u00e4p och f\u00f6roreningar.<\/p>\n\n<h2 class=\"wp-block-heading\">Globala p\u00e5sf\u00f6rbud och skatter<\/h2>\n\n<p>Irland var det f\u00f6rsta landet att inf\u00f6ra en skatt p\u00e5 plastp\u00e5sar 2002. Sedan dess har m\u00e5nga andra l\u00e4nder f\u00f6ljt efter, inklusive Kina, Kenya, Uganda och USA. I USA blev San Francisco den f\u00f6rsta staden som f\u00f6rbj\u00f6d plastp\u00e5sar 2007, och flera andra st\u00e4der har sedan dess inf\u00f6rt liknande f\u00f6rbud.<\/p>\n\n<h2 class=\"wp-block-heading\">Milj\u00f6p\u00e5verkan fr\u00e5n plastp\u00e5sar<\/h2>\n\n<p>Plastp\u00e5sar \u00e4r ett stort milj\u00f6problem. De \u00e4r gjorda av icke-biologiskt nedbrytbara material, vilket inneb\u00e4r att de kan ta hundratals \u00e5r att brytas ned. Som ett resultat ackumuleras plastp\u00e5sar p\u00e5 soptippar och i haven, d\u00e4r de kan skada djurlivet och f\u00f6rorena ekosystem.<\/p>\n\n<h2 class=\"wp-block-heading\">F\u00f6rdelar med att minska anv\u00e4ndningen av plastp\u00e5sar<\/h2>\n\n<p>Att minska anv\u00e4ndningen av plastp\u00e5sar har flera milj\u00f6f\u00f6rdelar. Det hj\u00e4lper till att:<\/p>\n\n<ul class=\"wp-block-list\">\n<li>Minska marint skr\u00e4p och f\u00f6roreningar<\/li>\n<li>Skydda djurlivet<\/li>\n<li>Bevara resurser<\/li>\n<li>Spara energi<\/li>\n<\/ul>\n\n<h2 class=\"wp-block-heading\">Alternativ till plastp\u00e5sar<\/h2>\n\n<p>Det finns m\u00e5nga alternativ till plastp\u00e5sar, inklusive:<\/p>\n\n<ul class=\"wp-block-list\">\n<li>\u00c5teranv\u00e4ndbara p\u00e5sar<\/li>\n<li>Pappersp\u00e5sar<\/li>\n<li>Korgar<\/li>\n<li>Komposterbara p\u00e5sar<\/li>\n<\/ul>\n\n<h2 class=\"wp-block-heading\">Argument f\u00f6r och emot p\u00e5seskatter och f\u00f6rbud<\/h2>\n\n<h2 class=\"wp-block-heading\">Argument f\u00f6r p\u00e5seskatter och f\u00f6rbud:<\/h2>\n\n<ul class=\"wp-block-list\">\n<li>Minska anv\u00e4ndningen av plastp\u00e5sar<\/li>\n<li>Skydda milj\u00f6n<\/li>\n<li>\u00d6ka medvetenheten om plastf\u00f6roreningar<\/li>\n<li>Ge finansiering f\u00f6r milj\u00f6program<\/li>\n<\/ul>\n\n<h2 class=\"wp-block-heading\">Argument mot p\u00e5seskatter och f\u00f6rbud:<\/h2>\n\n<ul class=\"wp-block-list\">\n<li>Kanske inte \u00e4r effektiva f\u00f6r att minska anv\u00e4ndningen av plastp\u00e5sar<\/li>\n<li>Kan vara besv\u00e4rligt f\u00f6r konsumenterna<\/li>\n<li>Kan \u00f6ka kostnaden f\u00f6r matvaror<\/li>\n<\/ul>\n\n<h2 class=\"wp-block-heading\">Konsumentbeteende och p\u00e5seskatter<\/h2>\n\n<p>Studier har visat att p\u00e5seskatter och f\u00f6rbud kan minska anv\u00e4ndningen av plastp\u00e5sar avsev\u00e4rt. Irlands p\u00e5seskatt ledde till exempel till en minskning av p\u00e5skonsumtionen med 90 % inom ett \u00e5r. Men vissa konsumenter kan helt enkelt g\u00e5 \u00f6ver till att anv\u00e4nda pappersp\u00e5sar, som ocks\u00e5 har milj\u00f6p\u00e5verkan.<\/p>\n\n<h2 class=\"wp-block-heading\">Kreativa s\u00e4tt att \u00e5teranv\u00e4nda plastp\u00e5sar<\/h2>\n\n<p>\u00c4ven om du undviker att anv\u00e4nda plastp\u00e5sar f\u00f6r matvaror finns det m\u00e5nga andra s\u00e4tt att \u00e5teranv\u00e4nda dem p\u00e5, till exempel:<\/p>\n\n<ul class=\"wp-block-list\">\n<li>Samla in \u00e5tervinningsbara material<\/li>\n<li>F\u00f6rvara husdjursavfall<\/li>\n<li>Kl\u00e4da soptunnor<\/li>\n<li>Skydda \u00f6mt\u00e5liga f\u00f6rem\u00e5l under flytt<\/li>\n<\/ul>\n\n<h2 class=\"wp-block-heading\">G\u00f6ra skillnad<\/h2>\n\n<p>Att minska v\u00e5rt beroende av plastp\u00e5sar \u00e4r ett litet men viktigt steg vi kan ta f\u00f6r att hj\u00e4lpa planeten. Genom att ta med dina egna p\u00e5sar till mataff\u00e4ren, v\u00e4lja \u00e5teranv\u00e4ndbara alternativ och \u00e5teranv\u00e4nda plastp\u00e5sar n\u00e4r det \u00e4r m\u00f6jligt kan du g\u00f6ra skillnad.<\/p>\n\n<h2 class=\"wp-block-heading\">S\u00f6kord med l\u00e5ng svans:<\/h2>\n\n<ul class=\"wp-block-list\">\n<li>Hur kan vi minska anv\u00e4ndningen av plastp\u00e5sar?<\/li>\n<li>Vad \u00e4r milj\u00f6p\u00e5verkan fr\u00e5n plastp\u00e5sar?<\/li>\n<li>Vilka \u00e4r f\u00f6rdelarna med att minska anv\u00e4ndningen av plastp\u00e5sar?<\/li>\n<li>Vilka \u00e4r argumenten f\u00f6r och emot skatter och f\u00f6rbud p\u00e5 plastp\u00e5sar?<\/li>\n<li>Hur kan vi g\u00f6ra sm\u00e5 f\u00f6r\u00e4ndringar f\u00f6r att hj\u00e4lpa planeten?<\/li>\n<\/ul>","protected":false},"excerpt":{"rendered":"<p>Plastp\u00e5sar: skatter och f\u00f6rbud: ett globalt perspektiv Vad kostar en plastp\u00e5se? I januari 2023 ansl\u00f6t sig Washington, D.C., till ett v\u00e4xande antal st\u00e4der och l\u00e4nder som har inf\u00f6rt skatter eller&hellip;<\/p>\n","protected":false},"author":6,"featured_media":0,"comment_status":"closed","ping_status":"closed","sticky":false,"template":"","format":"standard","meta":{"footnotes":""},"categories":[38],"tags":[8483,998,177,120,8482,368,8481],"class_list":["post-4698","post","type-post","status-publish","format-standard","hentry","category-environmental-science","tag-reusable-bags","tag-recycling","tag-pollution","tag-sustainability","tag-marine-debris","tag-environmental-impact","tag-plastic-bags"],"_links":{"self":[{"href":"https:\/\/www.lifescienceart.com\/sv\/wp-json\/wp\/v2\/posts\/4698","targetHints":{"allow":["GET"]}}],"collection":[{"href":"https:\/\/www.lifescienceart.com\/sv\/wp-json\/wp\/v2\/posts"}],"about":[{"href":"https:\/\/www.lifescienceart.com\/sv\/wp-json\/wp\/v2\/types\/post"}],"author":[{"embeddable":true,"href":"https:\/\/www.lifescienceart.com\/sv\/wp-json\/wp\/v2\/users\/6"}],"replies":[{"embeddable":true,"href":"https:\/\/www.lifescienceart.com\/sv\/wp-json\/wp\/v2\/comments?post=4698"}],"version-history":[{"count":1,"href":"https:\/\/www.lifescienceart.com\/sv\/wp-json\/wp\/v2\/posts\/4698\/revisions"}],"predecessor-version":[{"id":4699,"href":"https:\/\/www.lifescienceart.com\/sv\/wp-json\/wp\/v2\/posts\/4698\/revisions\/4699"}],"wp:attachment":[{"href":"https:\/\/www.lifescienceart.com\/sv\/wp-json\/wp\/v2\/media?parent=4698"}],"wp:term":[{"taxonomy":"category","embeddable":true,"href":"https:\/\/www.lifescienceart.com\/sv\/wp-json\/wp\/v2\/categories?post=4698"},{"taxonomy":"post_tag","embeddable":true,"href":"https:\/\/www.lifescienceart.com\/sv\/wp-json\/wp\/v2\/tags?post=4698"}],"curies":[{"name":"wp","href":"https:\/\/api.w.org\/{rel}","templated":true}]}}