{"id":4883,"date":"2021-10-18T07:44:18","date_gmt":"2021-10-18T07:44:18","guid":{"rendered":"https:\/\/www.lifescienceart.com\/?p=4883"},"modified":"2021-10-18T07:44:18","modified_gmt":"2021-10-18T07:44:18","slug":"martin-luther-king-jr-a-complex-legacy","status":"publish","type":"post","link":"https:\/\/www.lifescienceart.com\/sv\/life\/history\/martin-luther-king-jr-a-complex-legacy\/","title":{"rendered":"Martin Luther King Jr.: Ett komplext arv"},"content":{"rendered":"<h2 class=\"wp-block-heading\">Martin Luther King Jr.: Ett komplext arv<\/h2>\n\n<h2 class=\"wp-block-heading\">Offentlig uppfattning och ogillande<\/h2>\n\n<p>1968 var Martin Luther King Jr. en v\u00f6rdad person, men han var ocks\u00e5 ogillad av den amerikanska allm\u00e4nheten. En opinionsunders\u00f6kning gjord av Harris strax f\u00f6re hans m\u00f6rdande visade att 75 % av amerikanerna ogillade honom. Detta ogillande h\u00e4rr\u00f6rde fr\u00e5n hans uttalade motst\u00e5nd mot Vietnamkriget och hans f\u00f6respr\u00e5kande f\u00f6r ekonomisk j\u00e4mlikhet.<\/p>\n\n<h2 class=\"wp-block-heading\">Kamp f\u00f6r medborgerliga r\u00e4ttigheter och arbetarr\u00f6relse<\/h2>\n\n<p>Kings tidiga aktivism fokuserade p\u00e5 att bek\u00e4mpa rasdiskriminering i s\u00f6dern. Men i mitten av 1960-talet utvidgade han sitt arbete till att omfatta fr\u00e5gor om ekonomisk och social r\u00e4ttvisa. Han ledde protester mot arbetsexploatering och efterlyste en &#8220;v\u00e4rderingsrevolution&#8221; som skulle ta itu med de skriande skillnaderna mellan rika och fattiga.<\/p>\n\n<h2 class=\"wp-block-heading\">Vietnamkriget och antiimperialism<\/h2>\n\n<p>Kings motst\u00e5nd mot Vietnamkriget st\u00f6tte bort m\u00e5nga amerikaner. Han f\u00f6rd\u00f6mde hyckleriet med att skicka unga svarta m\u00e4n f\u00f6r att sl\u00e5ss i Sydostasien medan de m\u00f6tte diskriminering i hemlandet. Han kritiserade ocks\u00e5 den amerikanska regeringens roll i att destabilisera Vietnam och p\u00e5pekade den f\u00f6r\u00f6dande inverkan p\u00e5 civilbefolkningen.<\/p>\n\n<h2 class=\"wp-block-heading\">Svart militantism och icke-v\u00e5ld<\/h2>\n\n<p>Kings engagemang f\u00f6r ickev\u00e5ld utmanades av en yngre generation svarta ledare som f\u00f6respr\u00e5kade mer militanta taktiker. Vissa h\u00e5nade hans &#8220;De Lawd&#8221;-retorik och anklagade honom f\u00f6r att vara f\u00f6r l\u00e5ngsam och ineffektiv. Trots denna kritik f\u00f6rblev King orubblig i sin tro att ickev\u00e5ld var det enda s\u00e4ttet att uppn\u00e5 varaktig f\u00f6r\u00e4ndring.<\/p>\n\n<h2 class=\"wp-block-heading\">Memphis sanitetsarbetares strejk och mord<\/h2>\n\n<p>1968 reste King till Memphis f\u00f6r att st\u00f6dja strejkande sanitetsarbetare. En marsch den 28 mars blev v\u00e5ldsam och King tvingades \u00e5terv\u00e4nda en vecka senare f\u00f6r ytterligare en marsch. Den 4 april 1968 m\u00f6rdades King av ett enda skott.<\/p>\n\n<h2 class=\"wp-block-heading\">Arv och p\u00e5verkan<\/h2>\n\n<p>Kings m\u00f6rdande utl\u00f6ste upplopp i \u00f6ver 100 st\u00e4der, vilket avsl\u00f6jade de djupa rassp\u00e4nningar som fortfarande existerade i USA. Hans d\u00f6d ledde dock ocks\u00e5 till en omv\u00e4rdering av hans arv. Idag betraktas King allm\u00e4nt som en av de viktigaste personerna i amerikansk historia. Hans budskap om ickev\u00e5ld, j\u00e4mlikhet och social r\u00e4ttvisa forts\u00e4tter att inspirera aktivister v\u00e4rlden \u00f6ver.<\/p>\n\n<h2 class=\"wp-block-heading\">F\u00f6rbisedda kamper och komplexiteter<\/h2>\n\n<p>\u00c4ven om Kings insatser i medborgarr\u00e4ttsr\u00f6relsen \u00e4r obestridliga \u00e4r det viktigt att erk\u00e4nna de utmaningar och komplexiteter han m\u00f6tte. Hans f\u00f6respr\u00e5kande f\u00f6r ekonomisk j\u00e4mlikhet och hans motst\u00e5nd mot Vietnamkriget st\u00f6tte bort m\u00e5nga vita amerikaner. Dessutom pr\u00f6vades hans engagemang f\u00f6r ickev\u00e5ld av den v\u00e4xande militantismen inom Black Power-r\u00f6relsen.<\/p>\n\n<h2 class=\"wp-block-heading\">Varaktig relevans<\/h2>\n\n<p>Trots de utmaningar han m\u00f6tte \u00e4r Kings vision om ett mer r\u00e4ttvist och j\u00e4mlikt samh\u00e4lle fortfarande relevant i dag. Hans budskap om ickev\u00e5ld, hans uppmaning till en &#8220;v\u00e4rderingsrevolution&#8221; och hans orubbliga tro p\u00e5 m\u00e4nniskors makt att skapa f\u00f6r\u00e4ndring forts\u00e4tter att inspirera s\u00e5v\u00e4l aktivister som vanliga medborgare.<\/p>","protected":false},"excerpt":{"rendered":"<p>Martin Luther King Jr.: Ett komplext arv Offentlig uppfattning och ogillande 1968 var Martin Luther King Jr. en v\u00f6rdad person, men han var ocks\u00e5 ogillad av den amerikanska allm\u00e4nheten. En&hellip;<\/p>\n","protected":false},"author":1,"featured_media":0,"comment_status":"closed","ping_status":"","sticky":false,"template":"","format":"standard","meta":{"footnotes":""},"categories":[767],"tags":[1368,3064,8749,6026,1879,527],"class_list":["post-4883","post","type-post","status-publish","format-standard","hentry","category-history","tag-activism","tag-legacy","tag-nonviolence","tag-martin-luther-king-jr","tag-civil-rights","tag-social-justice"],"_links":{"self":[{"href":"https:\/\/www.lifescienceart.com\/sv\/wp-json\/wp\/v2\/posts\/4883","targetHints":{"allow":["GET"]}}],"collection":[{"href":"https:\/\/www.lifescienceart.com\/sv\/wp-json\/wp\/v2\/posts"}],"about":[{"href":"https:\/\/www.lifescienceart.com\/sv\/wp-json\/wp\/v2\/types\/post"}],"author":[{"embeddable":true,"href":"https:\/\/www.lifescienceart.com\/sv\/wp-json\/wp\/v2\/users\/1"}],"replies":[{"embeddable":true,"href":"https:\/\/www.lifescienceart.com\/sv\/wp-json\/wp\/v2\/comments?post=4883"}],"version-history":[{"count":1,"href":"https:\/\/www.lifescienceart.com\/sv\/wp-json\/wp\/v2\/posts\/4883\/revisions"}],"predecessor-version":[{"id":4884,"href":"https:\/\/www.lifescienceart.com\/sv\/wp-json\/wp\/v2\/posts\/4883\/revisions\/4884"}],"wp:attachment":[{"href":"https:\/\/www.lifescienceart.com\/sv\/wp-json\/wp\/v2\/media?parent=4883"}],"wp:term":[{"taxonomy":"category","embeddable":true,"href":"https:\/\/www.lifescienceart.com\/sv\/wp-json\/wp\/v2\/categories?post=4883"},{"taxonomy":"post_tag","embeddable":true,"href":"https:\/\/www.lifescienceart.com\/sv\/wp-json\/wp\/v2\/tags?post=4883"}],"curies":[{"name":"wp","href":"https:\/\/api.w.org\/{rel}","templated":true}]}}