{"id":5501,"date":"2022-01-19T20:23:30","date_gmt":"2022-01-19T20:23:30","guid":{"rendered":"https:\/\/www.lifescienceart.com\/?p=5501"},"modified":"2022-01-19T20:23:30","modified_gmt":"2022-01-19T20:23:30","slug":"grow-aloe-ferox-comprehensive-guide","status":"publish","type":"post","link":"https:\/\/www.lifescienceart.com\/sv\/science\/botany\/grow-aloe-ferox-comprehensive-guide\/","title":{"rendered":"Odla Aloe Ferox: Den kompletta guiden"},"content":{"rendered":"<h2 class=\"wp-block-heading\">Hur man odlar Aloe ferox: En komplett guide<\/h2>\n\n<h2 class=\"wp-block-heading\">\u00d6versikt<\/h2>\n\n<p>Aloe ferox, \u00e4ven k\u00e4nd som Kapaloe eller bitteraloe, \u00e4r en saftig st\u00e4dsegr\u00f6n v\u00e4xt som \u00e4r inf\u00f6dd i s\u00f6dra Afrika. Den \u00e4r k\u00e4nd f\u00f6r sina tjocka, taggiga blad och h\u00f6ga klasar av orange blommor. Den h\u00e4r artikeln ger en komplett guide till hur man odlar och sk\u00f6ter om aloe ferox, b\u00e5de inomhus och utomhus.<\/p>\n\n<h2 class=\"wp-block-heading\">Odling<\/h2>\n\n<p><strong>Solljus:<\/strong> Aloe ferox trivs i full sol men t\u00e5l l\u00e4tt eftermiddagsskugga i mycket varma klimat.<\/p>\n\n<p><strong>Jord:<\/strong> Plantera i v\u00e4ldr\u00e4nerad, sandig lerjord. Du kan k\u00f6pa kaktusjord eller tills\u00e4tta perlit eller grov sand till vanlig krukjord f\u00f6r att f\u00f6rb\u00e4ttra dr\u00e4neringen.<\/p>\n\n<p><strong>Vatten:<\/strong> Aloe ferox \u00e4r torkt\u00e5lig och f\u00f6redrar s\u00e4llan vattning. L\u00e5t jorden torka ut helt innan du vattnar ordentligt. \u00d6vervattning kan leda till r\u00f6ta.<\/p>\n\n<p><strong>Temperatur och luftfuktighet:<\/strong> Aloe ferox f\u00f6redrar varma, tempererade f\u00f6rh\u00e5llanden och t\u00e5l inte temperaturer under 25 grader Fahrenheit eller \u00f6ver 115 grader Fahrenheit. Den \u00e4r van vid torra f\u00f6rh\u00e5llanden och anpassar sig v\u00e4l till genomsnittliga luftfuktighetsniv\u00e5er inomhus.<\/p>\n\n<p><strong>G\u00f6dsling:<\/strong> Aloe ferox beh\u00f6ver minimalt med g\u00f6dsel. G\u00f6dsla inomhusv\u00e4xter med ett balanserat flytande g\u00f6dsel f\u00f6r krukv\u00e4xter utsp\u00e4tt till h\u00e4lften p\u00e5 v\u00e5ren.<\/p>\n\n<h2 class=\"wp-block-heading\">Sk\u00f6tsel<\/h2>\n\n<p><strong>Besk\u00e4rning:<\/strong> Aloe ferox kr\u00e4ver ingen regelbunden besk\u00e4rning. Men du kan ta bort d\u00f6da eller skadade blad vid plantans bas efter behov.<\/p>\n\n<p><strong>F\u00f6r\u00f6kning:<\/strong> Du kan f\u00f6r\u00f6ka aloe ferox genom att ta stj\u00e4lksticklingar fr\u00e5n mogna plantor. L\u00e5t sticklingarna torka i n\u00e5gra dagar innan du planterar dem i kaktusjord. H\u00e5ll jorden fuktig men undvik \u00f6vervattning.<\/p>\n\n<p><strong>Odla fr\u00e5n fr\u00f6:<\/strong> Det \u00e4r m\u00f6jligt att odla aloe ferox fr\u00e5n fr\u00f6, men det kan ta flera \u00e5r innan den blommar. Plantera fr\u00f6n i en grusig, v\u00e4ldr\u00e4nerad s\u00e5jord och h\u00e5ll odlingsmediet j\u00e4mnt fuktigt. N\u00e4r plantorna \u00e4r ungef\u00e4r en tum h\u00f6ga, plantera om dem i enskilda krukor.<\/p>\n\n<p><strong>Skadedjur och sjukdomar:<\/strong> Aloe ferox \u00e4r mottaglig f\u00f6r vanliga krukv\u00e4xtsskadedjur som spinnkvalster och svampmyggor, samt sl\u00e4ktspecifika skadedjur som gallkvalster. \u00d6vervattnade v\u00e4xter \u00e4r mottagliga f\u00f6r rotr\u00f6ta eller kronr\u00f6ta.<\/p>\n\n<h2 class=\"wp-block-heading\">Blomning<\/h2>\n\n<p>Aloe ferox-plantor beh\u00f6ver mycket starkt solljus och tillr\u00e4ckligt med vatten f\u00f6r att blomma. Beroende p\u00e5 var de odlas kan de blomma p\u00e5 h\u00f6sten, vintern eller tidig v\u00e5r. Blommorna \u00e4r vanligtvis ljust orange eller r\u00f6da men kan ocks\u00e5 vara gula, rosa eller vita.<\/p>\n\n<h2 class=\"wp-block-heading\">Vanliga problem<\/h2>\n\n<p><strong>Mjuka, svampiga blad:<\/strong> \u00d6vervattning kan orsaka mjuka, svampiga blad. Plantera om v\u00e4xten i en grusig, snabbt dr\u00e4nerande saftig blandning och l\u00e5t den torka helt innan du vattnar.<\/p>\n\n<p><strong>Gula eller bruna fl\u00e4ckar p\u00e5 blad:<\/strong> M\u00f6rka fl\u00e4ckar p\u00e5 blad kan vara ett tecken p\u00e5 aloeros, en svampsjukdom. Sk\u00e4r bort sjuka delar av v\u00e4xten och behandla den med organiskt svampmedel.<\/p>\n\n<p><strong>Svart eller brun stam:<\/strong> En svart eller brun stam som \u00e4r mjuk kan vara ett tecken p\u00e5 rotr\u00f6ta. Omplantering kan vara n\u00f6dv\u00e4ndig f\u00f6r att r\u00e4dda v\u00e4xten.<\/p>\n\n<h2 class=\"wp-block-heading\">Vanliga fr\u00e5gor<\/h2>\n\n<h2 class=\"wp-block-heading\">\u00c4r aloe ferox samma sak som aloe vera?<\/h2>\n\n<p>Nej, aloe ferox och aloe vera \u00e4r distinkta arter. Aloe ferox har taggiga bladkanter, ljusformade blomsterstj\u00e4lkar och en h\u00f6g, tr\u00e4dliknande v\u00e4xts\u00e4tt.<\/p>\n\n<h2 class=\"wp-block-heading\">Hur stor blir aloe ferox?<\/h2>\n\n<p>Aloe ferox-plantor som odlas utomhus kan bli upp till 12 fot h\u00f6ga och 5 fot breda vid mognad.<\/p>\n\n<h2 class=\"wp-block-heading\">\u00c4r aloe ferox en vintergr\u00f6n v\u00e4xt?<\/h2>\n\n<p>Ja, aloe ferox \u00e4r en vintergr\u00f6n suckulent, vilket inneb\u00e4r att den beh\u00e5ller sina gr\u00f6na blad \u00e5ret runt.<\/p>","protected":false},"excerpt":{"rendered":"<p>Hur man odlar Aloe ferox: En komplett guide \u00d6versikt Aloe ferox, \u00e4ven k\u00e4nd som Kapaloe eller bitteraloe, \u00e4r en saftig st\u00e4dsegr\u00f6n v\u00e4xt som \u00e4r inf\u00f6dd i s\u00f6dra Afrika. Den \u00e4r&hellip;<\/p>\n","protected":false},"author":6,"featured_media":0,"comment_status":"closed","ping_status":"","sticky":false,"template":"","format":"standard","meta":{"footnotes":""},"categories":[1823],"tags":[9724,9032,6251,9725,8848],"class_list":["post-5501","post","type-post","status-publish","format-standard","hentry","category-botany","tag-aloe-ferox","tag-houseplants","tag-medicinal-plants","tag-succulents","tag-gardening"],"_links":{"self":[{"href":"https:\/\/www.lifescienceart.com\/sv\/wp-json\/wp\/v2\/posts\/5501","targetHints":{"allow":["GET"]}}],"collection":[{"href":"https:\/\/www.lifescienceart.com\/sv\/wp-json\/wp\/v2\/posts"}],"about":[{"href":"https:\/\/www.lifescienceart.com\/sv\/wp-json\/wp\/v2\/types\/post"}],"author":[{"embeddable":true,"href":"https:\/\/www.lifescienceart.com\/sv\/wp-json\/wp\/v2\/users\/6"}],"replies":[{"embeddable":true,"href":"https:\/\/www.lifescienceart.com\/sv\/wp-json\/wp\/v2\/comments?post=5501"}],"version-history":[{"count":1,"href":"https:\/\/www.lifescienceart.com\/sv\/wp-json\/wp\/v2\/posts\/5501\/revisions"}],"predecessor-version":[{"id":5502,"href":"https:\/\/www.lifescienceart.com\/sv\/wp-json\/wp\/v2\/posts\/5501\/revisions\/5502"}],"wp:attachment":[{"href":"https:\/\/www.lifescienceart.com\/sv\/wp-json\/wp\/v2\/media?parent=5501"}],"wp:term":[{"taxonomy":"category","embeddable":true,"href":"https:\/\/www.lifescienceart.com\/sv\/wp-json\/wp\/v2\/categories?post=5501"},{"taxonomy":"post_tag","embeddable":true,"href":"https:\/\/www.lifescienceart.com\/sv\/wp-json\/wp\/v2\/tags?post=5501"}],"curies":[{"name":"wp","href":"https:\/\/api.w.org\/{rel}","templated":true}]}}