{"id":7562,"date":"2023-08-18T09:51:56","date_gmt":"2023-08-18T09:51:56","guid":{"rendered":"https:\/\/www.lifescienceart.com\/?p=7562"},"modified":"2023-08-18T09:51:56","modified_gmt":"2023-08-18T09:51:56","slug":"window-header-size-types-installation","status":"publish","type":"post","link":"https:\/\/www.lifescienceart.com\/sv\/uncategorized\/window-header-size-types-installation\/","title":{"rendered":"F\u00f6nsterhuvud: Storlek, typer och installation"},"content":{"rendered":"<h2 class=\"wp-block-heading\">F\u00f6nsterhuvud: Storlek, typer och installation<\/h2>\n\n<h2 class=\"wp-block-heading\">Vad \u00e4r ett f\u00f6nsterhuvud?<\/h2>\n\n<p>Ett f\u00f6nsterhuvud \u00e4r en b\u00e4rande balk som sp\u00e4nner \u00f6ver toppen av en f\u00f6nster\u00f6ppning och g\u00f6r det m\u00f6jligt f\u00f6r utrymmet under att f\u00f6rbli \u00f6ppet. Den ers\u00e4tter en del av ytterv\u00e4ggen och uppr\u00e4tth\u00e5ller strukturell integritet genom att b\u00e4ra vikten ovanf\u00f6r den.<\/p>\n\n<h2 class=\"wp-block-heading\">Varf\u00f6r \u00e4r det viktigt att dimensionera ett f\u00f6nsterhuvud korrekt?<\/h2>\n\n<p>Att dimensionera f\u00f6nsterhuvudet p\u00e5 r\u00e4tt s\u00e4tt \u00e4r avg\u00f6rande av flera sk\u00e4l:<\/p>\n\n<ul class=\"wp-block-list\">\n<li><strong>F\u00f6nsterfunktion:<\/strong> Ett f\u00f6nsterhuvud med felaktig storlek kan f\u00f6rhindra att f\u00f6nster \u00f6ppnas och st\u00e4ngs smidigt.<\/li>\n<li><strong>Strukturell integritet:<\/strong> Ett f\u00f6r litet huvud kan leda till strukturella problem, vilket potentiellt kan orsaka skador p\u00e5 byggnaden.<\/li>\n<li><strong>V\u00e4derskydd:<\/strong> Ett underdimensionerat huvud kanske inte ger tillr\u00e4ckligt st\u00f6d f\u00f6r f\u00f6nsterkarmen, vilket leder till vattenl\u00e4ckor och drag.<\/li>\n<\/ul>\n\n<h2 class=\"wp-block-heading\">Vanliga f\u00f6nsterhuvudstorlekar<\/h2>\n\n<p>Storleken p\u00e5 ett f\u00f6nsterhuvud beror p\u00e5 sp\u00e4nnvidden p\u00e5 f\u00f6nster\u00f6ppningen. Vanliga huvudstorlekar inkluderar:<\/p>\n\n<ul class=\"wp-block-list\">\n<li>Tv\u00e5 2&#215;4: F\u00f6r f\u00f6nster med en sp\u00e4nnvidd p\u00e5 upp till 3 fot<\/li>\n<li>Tv\u00e5 2&#215;6: F\u00f6r f\u00f6nster med en sp\u00e4nnvidd p\u00e5 4 fot, 6 tum<\/li>\n<li>Tv\u00e5 2&#215;8: F\u00f6r f\u00f6nster med en sp\u00e4nnvidd p\u00e5 5 fot, 9 tum<\/li>\n<\/ul>\n\n<h2 class=\"wp-block-heading\">S\u00e5 h\u00e4r best\u00e4mmer du r\u00e4tt huvudstorlek f\u00f6r en specifik f\u00f6nster\u00f6ppning<\/h2>\n\n<p>F\u00f6r att best\u00e4mma r\u00e4tt huvudstorlek f\u00f6r ett f\u00f6nster kan du anv\u00e4nda f\u00f6ljande riktlinjer:<\/p>\n\n<ul class=\"wp-block-list\">\n<li><strong>F\u00f6r f\u00f6nster med en sp\u00e4nnvidd p\u00e5 3 fot eller mindre:<\/strong> Anv\u00e4nd tv\u00e5 2&#215;4 eller en 4 \u00d7 4.<\/li>\n<li><strong>F\u00f6r f\u00f6nster med en sp\u00e4nnvidd p\u00e5 4 fot, 6 tum eller mindre:<\/strong> \u00d6ka huvudstorleken till tv\u00e5 2&#215;6.<\/li>\n<li><strong>F\u00f6r f\u00f6nster med en sp\u00e4nnvidd p\u00e5 5 fot, 9 tum eller mindre:<\/strong> Anv\u00e4nd tv\u00e5 2&#215;8.<\/li>\n<\/ul>\n\n<h2 class=\"wp-block-heading\">Faktorer som kan \u00e4ndra huvudstorlekar<\/h2>\n\n<p>Flera faktorer kan p\u00e5verka storleken p\u00e5 ett f\u00f6nsterhuvud, inklusive:<\/p>\n\n<ul class=\"wp-block-list\">\n<li><strong>Byggnadsbredd:<\/strong> Smalare byggnader kr\u00e4ver kortare huvudsp\u00e4nnvidder.<\/li>\n<li><strong>Sn\u00f6last:<\/strong> Stora sn\u00f6ansamlingar kan \u00f6ka vikten p\u00e5 huvudet, vilket kr\u00e4ver en st\u00f6rre storlek.<\/li>\n<li><strong>\u00d6verbyggnad:<\/strong> Vissa byggare kan \u00f6verbygga huvud f\u00f6r extra f\u00f6rsiktighet, med tjockare virke eller flera lager.<\/li>\n<\/ul>\n\n<h2 class=\"wp-block-heading\">S\u00e5 h\u00e4r \u00f6verbygger du ett f\u00f6nsterhuvud<\/h2>\n\n<p>Att \u00f6verbygga ett f\u00f6nsterhuvud kan ge extra styrka och sinnesfrid. Vanliga metoder inkluderar:<\/p>\n\n<ul class=\"wp-block-list\">\n<li>Att anv\u00e4nda tv\u00e5 2&#215;12 sida vid sida f\u00f6r breda f\u00f6nster\u00f6ppningar eller altand\u00f6rrar.<\/li>\n<li>Att l\u00e4gga till extra st\u00f6dreglar f\u00f6r att st\u00f6dja huvudet.<\/li>\n<\/ul>\n\n<h2 class=\"wp-block-heading\">Kungs- och st\u00f6dreglar<\/h2>\n\n<p>Varje f\u00f6nsterhuvud kr\u00e4ver tv\u00e5 kungsreglar och tv\u00e5 st\u00f6dreglar. Kungsreglar \u00e4r vertikala st\u00f6d som str\u00e4cker sig fr\u00e5n golvet till huvudet. St\u00f6dreglar \u00e4r kortare reglar som f\u00f6rbinder huvudet med kungsreglarna. Allteftersom f\u00f6nsterbredden \u00f6kar kan ytterligare st\u00f6dreglar beh\u00f6vas.<\/p>\n\n<h2 class=\"wp-block-heading\">Limfogtr\u00e4 (LVL) f\u00f6r f\u00f6nsterhuvuden<\/h2>\n\n<p>F\u00f6rutom s\u00e5gat virke kan limfogtr\u00e4 (LVL) anv\u00e4ndas f\u00f6r f\u00f6nsterhuvuden. LVL skapas genom att limma ihop tunna fanerskikt, vilket resulterar i en starkare och styvare balk. LVL \u00e4r s\u00e4rskilt v\u00e4rdefullt f\u00f6r stora huvudsp\u00e4nnvidder, s\u00e5som de f\u00f6r garageportar eller franska d\u00f6rrar.<\/p>\n\n<h2 class=\"wp-block-heading\">Installation av f\u00f6nsterhuvuden<\/h2>\n\n<p>F\u00f6nsterhuvuden installeras vanligtvis enligt f\u00f6ljande:<\/p>\n\n<ol class=\"wp-block-list\">\n<li>Kungsreglar f\u00e4sts vid golv och tak.<\/li>\n<li>St\u00f6dreglar f\u00e4sts vid kungsreglarna.<\/li>\n<li>Huvudet placeras ovanp\u00e5 st\u00f6dreglarna och s\u00e4kras med bultar eller spikar.<\/li>\n<li>F\u00f6nsterkarmen installeras i huvud\u00f6ppningen.<\/li>\n<li>Huvudet isoleras och t\u00e4cks med gips eller annat ytmaterial.<\/li>\n<\/ol>\n\n<p>Genom att f\u00f6rst\u00e5 vikten av att dimensionera och installera f\u00f6nsterhuvuden p\u00e5 r\u00e4tt s\u00e4tt kan du s\u00e4kerst\u00e4lla den strukturella integriteten och v\u00e4derbest\u00e4ndigheten hos din byggnad samtidigt som du f\u00f6rb\u00e4ttrar funktionaliteten och det estetiska utseendet p\u00e5 dina f\u00f6nster.<\/p>","protected":false},"excerpt":{"rendered":"<p>F\u00f6nsterhuvud: Storlek, typer och installation Vad \u00e4r ett f\u00f6nsterhuvud? Ett f\u00f6nsterhuvud \u00e4r en b\u00e4rande balk som sp\u00e4nner \u00f6ver toppen av en f\u00f6nster\u00f6ppning och g\u00f6r det m\u00f6jligt f\u00f6r utrymmet under att&hellip;<\/p>\n","protected":false},"author":1,"featured_media":0,"comment_status":"closed","ping_status":"","sticky":false,"template":"","format":"standard","meta":{"footnotes":""},"categories":[1],"tags":[12043,12044,8820,11628],"class_list":["post-7562","post","type-post","status-publish","format-standard","hentry","category-uncategorized","tag-window-header","tag-window-installation","tag-home-improvement","tag-structural-integrity"],"_links":{"self":[{"href":"https:\/\/www.lifescienceart.com\/sv\/wp-json\/wp\/v2\/posts\/7562","targetHints":{"allow":["GET"]}}],"collection":[{"href":"https:\/\/www.lifescienceart.com\/sv\/wp-json\/wp\/v2\/posts"}],"about":[{"href":"https:\/\/www.lifescienceart.com\/sv\/wp-json\/wp\/v2\/types\/post"}],"author":[{"embeddable":true,"href":"https:\/\/www.lifescienceart.com\/sv\/wp-json\/wp\/v2\/users\/1"}],"replies":[{"embeddable":true,"href":"https:\/\/www.lifescienceart.com\/sv\/wp-json\/wp\/v2\/comments?post=7562"}],"version-history":[{"count":1,"href":"https:\/\/www.lifescienceart.com\/sv\/wp-json\/wp\/v2\/posts\/7562\/revisions"}],"predecessor-version":[{"id":7563,"href":"https:\/\/www.lifescienceart.com\/sv\/wp-json\/wp\/v2\/posts\/7562\/revisions\/7563"}],"wp:attachment":[{"href":"https:\/\/www.lifescienceart.com\/sv\/wp-json\/wp\/v2\/media?parent=7562"}],"wp:term":[{"taxonomy":"category","embeddable":true,"href":"https:\/\/www.lifescienceart.com\/sv\/wp-json\/wp\/v2\/categories?post=7562"},{"taxonomy":"post_tag","embeddable":true,"href":"https:\/\/www.lifescienceart.com\/sv\/wp-json\/wp\/v2\/tags?post=7562"}],"curies":[{"name":"wp","href":"https:\/\/api.w.org\/{rel}","templated":true}]}}