{"id":11231,"date":"2024-06-10T01:01:20","date_gmt":"2024-06-10T01:01:20","guid":{"rendered":"https:\/\/www.lifescienceart.com\/?p=11231"},"modified":"2024-06-10T01:01:20","modified_gmt":"2024-06-10T01:01:20","slug":"wolf-hunts-and-livestock-deaths","status":"publish","type":"post","link":"https:\/\/www.lifescienceart.com\/tr\/science\/ecology-and-conservation\/wolf-hunts-and-livestock-deaths\/","title":{"rendered":"Kurt Avlar\u0131 Ger\u00e7ekten Hayvan Kay\u0131plar\u0131n\u0131 Azalt\u0131yor mu?"},"content":{"rendered":"<h2 class=\"wp-block-heading\">Kurt Avlar\u0131: Ger\u00e7ekten Hayvan Kay\u0131plar\u0131n\u0131 Azalt\u0131yor mu?<\/h2>\n\n<h2 class=\"wp-block-heading\">Kurt Avlar\u0131 \u00dczerine Tart\u0131\u015fma<\/h2>\n\n<p>Kurtlar ikonik Kuzey Amerika hayvanlar\u0131d\u0131r, ancak ayn\u0131 zamanda avlad\u0131klar\u0131 hayvanc\u0131l\u0131k sahipleri i\u00e7in bir tehdit olu\u015ftururlar. Kurt avlar\u0131, kurt pop\u00fclasyonlar\u0131n\u0131 y\u00f6netmenin ve hayvan kay\u0131plar\u0131n\u0131 azaltman\u0131n bir yoludur, ancak bunlar\u0131n etkinli\u011fi tart\u0131\u015fmal\u0131d\u0131r.<\/p>\n\n<h2 class=\"wp-block-heading\">Yeni Ara\u015ft\u0131rma Bulgular\u0131<\/h2>\n\n<p>Washington State \u00dcniversitesi&#8217;nden yap\u0131lan yeni bir ara\u015ft\u0131rma, kurtlar\u0131n \u00f6ld\u00fcr\u00fclmesinin asl\u0131nda sonraki y\u0131l daha fazla hayvan kayb\u0131na yol a\u00e7abilece\u011fini ortaya \u00e7\u0131kard\u0131. Ara\u015ft\u0131rmac\u0131lar, Montana&#8217;da 25 y\u0131ll\u0131k ve Idaho ile Wyoming&#8217;de 17 y\u0131ll\u0131k bir s\u00fcre boyunca kurt \u00f6ld\u00fcrme ve hayvan kay\u0131plar\u0131 verilerini analiz ettiler. \u00d6nceki y\u0131l \u00f6ld\u00fcr\u00fclen her kurt i\u00e7in koyunlar\u0131n telef olma ihtimalinin y\u00fczde 4, s\u0131\u011f\u0131rlar\u0131n telef olma ihtimalinin ise y\u00fczde 5-6 artt\u0131\u011f\u0131n\u0131 buldular.<\/p>\n\n<h2 class=\"wp-block-heading\">Kurt Avlar\u0131n\u0131n Hayvan Kay\u0131plar\u0131n\u0131 Neden Art\u0131rabilece\u011fi<\/h2>\n\n<p>Ara\u015ft\u0131rmac\u0131lar, kurt avlar\u0131n\u0131n kurt s\u00fcr\u00fclerinin sosyal b\u00fct\u00fcnl\u00fc\u011f\u00fcn\u00fc bozdu\u011funa inan\u0131yorlar. \u00c7iftle\u015fen \u00e7iftler \u00f6ld\u00fcr\u00fcld\u00fc\u011f\u00fcnde, cinsel a\u00e7\u0131dan olgun yavrular serbest\u00e7e \u00fcreyebilir ve bu da \u00e7iftle\u015fen \u00e7iftlerde art\u0131\u015fa yol a\u00e7abilir. \u00c7iftle\u015fen \u00e7iftlerin yavrular\u0131 oldu\u011funda, belirli bir b\u00f6lgeye daha fazla ba\u011flan\u0131rlar ve geyik ve elk avlamakta daha az yetenekli olurlar. Bu, onlar\u0131 yiyecek kayna\u011f\u0131 olarak hayvanlara y\u00f6neltebilir.<\/p>\n\n<h2 class=\"wp-block-heading\">Kurt Avlar\u0131na Alternatif Stratejiler<\/h2>\n\n<p>\u00c7al\u0131\u015fma, \u00e7oban k\u00f6pekleri, \u0131\u015f\u0131klar ve sesler gibi \u00f6ld\u00fcr\u00fcc\u00fc olmayan kontrol \u00f6nlemlerinin hayvan kay\u0131plar\u0131n\u0131 azaltmada kurt avlar\u0131ndan daha etkili olabilece\u011fini \u00f6ne s\u00fcr\u00fcyor. Bu \u00f6nlemler, kurtlara zarar vermeden veya s\u00fcr\u00fcn\u00fcn dinamiklerini bozmadan onlar\u0131 cayd\u0131r\u0131r.<\/p>\n\n<h2 class=\"wp-block-heading\">Kurt-Hayvan \u00c7at\u0131\u015fmas\u0131n\u0131 \u00d6nlemenin \u00d6nemi<\/h2>\n\n<p>Kurt \u00f6ld\u00fcrmelerinin incelenen b\u00f6lgelerdeki toplam hayvan \u00f6l\u00fcmlerinde \u00e7ok k\u00fc\u00e7\u00fck bir y\u00fczdesi olu\u015fturdu\u011fu g\u00f6r\u00fcl\u00fcyor. Ancak hayvanc\u0131l\u0131\u011fa ba\u011f\u0131ml\u0131 hayvanc\u0131lar i\u00e7in y\u0131rt\u0131c\u0131 hayvanlar taraf\u0131ndan ger\u00e7ekle\u015fen her t\u00fcrl\u00fc \u00f6l\u00fcm \u00f6nemli bir kay\u0131p olabilir. Kurt-hayvan \u00e7at\u0131\u015fmalar\u0131n\u0131 \u00f6nlemek, hem kurtlar\u0131n korunmas\u0131 hem de hayvanc\u0131lar\u0131n ge\u00e7im kaynaklar\u0131 i\u00e7in \u00e7ok \u00f6nemlidir.<\/p>\n\n<h2 class=\"wp-block-heading\">Veriye Dayal\u0131 Kurt Y\u00f6netimi<\/h2>\n\n<p>Hangi kurt y\u00f6netimi stratejilerinin en etkili oldu\u011funu belirlemenin tek yolu verilere bakmakt\u0131r. Yeni \u00e7al\u0131\u015fma, kurt avc\u0131l\u0131\u011f\u0131 ile hayvan kay\u0131plar\u0131 aras\u0131ndaki ili\u015fki hakk\u0131nda de\u011ferli bilgiler sa\u011fl\u0131yor. S\u00fcre\u00e7teki karma\u015f\u0131k fakt\u00f6rleri anlayarak, kurtlarla bir arada ya\u015famak i\u00e7in daha etkili stratejiler geli\u015ftirebiliriz.<\/p>\n\n<h2 class=\"wp-block-heading\">Ek Hususlar<\/h2>\n\n<ul class=\"wp-block-list\">\n<li><strong>Kurt av\u0131n\u0131n kurt pop\u00fclasyonlar\u0131 \u00fczerindeki etkisi:<\/strong> Kurtlar\u0131n \u00f6ld\u00fcr\u00fclmesi kurt pop\u00fclasyonlar\u0131n\u0131 azaltabilir ve bunun ekosistem \u00fczerinde olumsuz bir etkisi olabilir. Kurtlar, geyik ve elk pop\u00fclasyonlar\u0131n\u0131 d\u00fczenlemede \u00f6nemli bir rol oynarlar ve bunlar\u0131n ortadan kald\u0131r\u0131lmas\u0131 bu av t\u00fcrlerinde bir art\u0131\u015fa yol a\u00e7abilir.<\/li>\n<li><strong>Kurtlar\u0131n sosyal ve k\u00fclt\u00fcrel \u00f6nemi:<\/strong> Kurtlar, bir\u00e7ok K\u0131z\u0131lderili kabilesinin k\u00fclt\u00fcrel miras\u0131n\u0131n \u00f6nemli bir par\u00e7as\u0131d\u0131r. Ayr\u0131ca bir\u00e7ok insan i\u00e7in vah\u015fi do\u011fan\u0131n ve \u00f6zg\u00fcrl\u00fc\u011f\u00fcn simgesidirler. Kurtlar\u0131n \u00f6ld\u00fcr\u00fclmesi bu k\u00fclt\u00fcrel ve sosyal de\u011ferler \u00fczerinde olumsuz bir etki yaratabilir.<\/li>\n<li><strong>\u0130\u015fbirli\u011fine duyulan ihtiya\u00e7:<\/strong> Kurt-hayvan \u00e7at\u0131\u015fmas\u0131na \u00e7\u00f6z\u00fcm bulmak, hayvanc\u0131lar, korumac\u0131lar ve devlet kurumlar\u0131 aras\u0131nda i\u015fbirli\u011fi gerektirir. Birlikte \u00e7al\u0131\u015farak hem hayvanlar\u0131 hem de kurtlar\u0131 koruyan stratejiler geli\u015ftirebiliriz.<\/li>\n<\/ul>","protected":false},"excerpt":{"rendered":"<p>Kurt Avlar\u0131: Ger\u00e7ekten Hayvan Kay\u0131plar\u0131n\u0131 Azalt\u0131yor mu? Kurt Avlar\u0131 \u00dczerine Tart\u0131\u015fma Kurtlar ikonik Kuzey Amerika hayvanlar\u0131d\u0131r, ancak ayn\u0131 zamanda avlad\u0131klar\u0131 hayvanc\u0131l\u0131k sahipleri i\u00e7in bir tehdit olu\u015ftururlar. Kurt avlar\u0131, kurt pop\u00fclasyonlar\u0131n\u0131&hellip;<\/p>\n","protected":false},"author":6,"featured_media":23636,"comment_status":"closed","ping_status":"closed","sticky":false,"template":"","format":"standard","meta":{"footnotes":""},"categories":[1142],"tags":[2283,607,15197,15198,1552],"class_list":["post-11231","post","type-post","status-publish","format-standard","has-post-thumbnail","hentry","category-ecology-and-conservation","tag-predator-prey-relationships","tag-livestock-protection","tag-wolf-conservation","tag-data-driven-decision-making","tag-wildlife-management"],"_links":{"self":[{"href":"https:\/\/www.lifescienceart.com\/tr\/wp-json\/wp\/v2\/posts\/11231","targetHints":{"allow":["GET"]}}],"collection":[{"href":"https:\/\/www.lifescienceart.com\/tr\/wp-json\/wp\/v2\/posts"}],"about":[{"href":"https:\/\/www.lifescienceart.com\/tr\/wp-json\/wp\/v2\/types\/post"}],"author":[{"embeddable":true,"href":"https:\/\/www.lifescienceart.com\/tr\/wp-json\/wp\/v2\/users\/6"}],"replies":[{"embeddable":true,"href":"https:\/\/www.lifescienceart.com\/tr\/wp-json\/wp\/v2\/comments?post=11231"}],"version-history":[{"count":1,"href":"https:\/\/www.lifescienceart.com\/tr\/wp-json\/wp\/v2\/posts\/11231\/revisions"}],"predecessor-version":[{"id":11232,"href":"https:\/\/www.lifescienceart.com\/tr\/wp-json\/wp\/v2\/posts\/11231\/revisions\/11232"}],"wp:featuredmedia":[{"embeddable":true,"href":"https:\/\/www.lifescienceart.com\/tr\/wp-json\/wp\/v2\/media\/23636"}],"wp:attachment":[{"href":"https:\/\/www.lifescienceart.com\/tr\/wp-json\/wp\/v2\/media?parent=11231"}],"wp:term":[{"taxonomy":"category","embeddable":true,"href":"https:\/\/www.lifescienceart.com\/tr\/wp-json\/wp\/v2\/categories?post=11231"},{"taxonomy":"post_tag","embeddable":true,"href":"https:\/\/www.lifescienceart.com\/tr\/wp-json\/wp\/v2\/tags?post=11231"}],"curies":[{"name":"wp","href":"https:\/\/api.w.org\/{rel}","templated":true}]}}