{"id":11310,"date":"2024-07-23T01:06:31","date_gmt":"2024-07-23T01:06:31","guid":{"rendered":"https:\/\/www.lifescienceart.com\/?p=11310"},"modified":"2024-07-23T01:06:31","modified_gmt":"2024-07-23T01:06:31","slug":"upcoming-space-missions-from-india-and-other-countries","status":"publish","type":"post","link":"https:\/\/www.lifescienceart.com\/tr\/science\/space-exploration\/upcoming-space-missions-from-india-and-other-countries\/","title":{"rendered":"Hindistan ve Di\u011fer \u00dclkelerin Yakla\u015fan Uzay G\u00f6revleri"},"content":{"rendered":"<h2 class=\"wp-block-heading\">Hindistan ve Di\u011fer \u00dclkeler Yakla\u015fan Uzay G\u00f6revlerine Haz\u0131rlan\u0131yor<\/h2>\n\n<h2 class=\"wp-block-heading\">Mars G\u00f6revleri<\/h2>\n\n<p>Hindistan, Mars&#8217;\u0131n ke\u015ffi i\u00e7in iddial\u0131 planlar\u0131 olan tek \u00fclke de\u011fil. Hindistan Uzay Ara\u015ft\u0131rma \u00d6rg\u00fct\u00fc (ISRO), K\u0131z\u0131l Gezegen&#8217;e Kas\u0131m 2013&#8217;te bir uydu g\u00f6ndermeye haz\u0131rlan\u0131yor. Uydu, Mars&#8217;\u0131n iklimini ve jeolojisini y\u00f6r\u00fcngeden inceleyecek.<\/p>\n\n<p>NASA da Mars Atmosphere and Volatile Evolution (MAVEN) adl\u0131 ba\u015fka bir Mars g\u00f6revini planl\u0131yor. MAVEN, Mars&#8217;\u0131n atmosferinin G\u00fcne\u015f&#8217;le nas\u0131l etkile\u015fime girdi\u011fini inceleyecek. G\u00f6revin 2013&#8217;te f\u0131rlat\u0131lmas\u0131 planlan\u0131yor.<\/p>\n\n<h2 class=\"wp-block-heading\">Ay G\u00f6revleri<\/h2>\n\n<p>Avrupa Uzay Ajans\u0131 (ESA), 2018&#8217;de Ay&#8217;a insans\u0131z bir ini\u015f arac\u0131 g\u00f6ndermeyi planl\u0131yor. \u0130ni\u015f arac\u0131, nispeten ke\u015ffedilmemi\u015f bir b\u00f6lge olan Ay&#8217;\u0131n g\u00fcney kutbunu inceleyecek.<\/p>\n\n<p>\u00c7in de 2013&#8217;\u00fcn ikinci yar\u0131s\u0131nda Ay&#8217;a bir sonda indirmeyi planl\u0131yor. \u00c7in, kendi y\u00f6r\u00fcngedeki uzay laboratuvar\u0131 ve Chang&#8217;e 1 Ay y\u00f6r\u00fcnge arac\u0131 da dahil olmak \u00fczere son zamanlarda bir dizi ba\u015far\u0131l\u0131 uzay g\u00f6revi ger\u00e7ekle\u015ftirdi.<\/p>\n\n<h2 class=\"wp-block-heading\">Di\u011fer Uzay G\u00f6revleri<\/h2>\n\n<p>\u0130ran, \u00f6n\u00fcm\u00fczdeki ay bir rez\u00fcs maymununu uzaya f\u0131rlatmay\u0131 planl\u0131yor. Bu, \u0130ran&#8217;\u0131n canl\u0131 bir yarat\u0131\u011f\u0131 i\u00e7eren ilk uzay g\u00f6revi olacak.<\/p>\n\n<h2 class=\"wp-block-heading\">NASA&#8217;n\u0131n Curiosity Gezgini \u0130ni\u015fi<\/h2>\n\n<p>T\u00fcm g\u00f6zler, birka\u00e7 g\u00fcn i\u00e7inde Mars&#8217;a inmesi planlanan NASA&#8217;n\u0131n Curiosity gezginine \u00e7evrildi. Gezgin, Mars y\u00fczeyini inceleyecek ve ge\u00e7mi\u015f veya g\u00fcncel ya\u015fam belirtilerini arayacak.<\/p>\n\n<h2 class=\"wp-block-heading\">Curiosity Gezgini \u0130ni\u015fini Nas\u0131l \u0130zleyebilirim?<\/h2>\n\n<p>Curiosity gezgini ini\u015fini izlemekle ilgileniyorsan\u0131z, bunu yapman\u0131n birka\u00e7 yolu var. NASA TV&#8217;de canl\u0131 izleyebilir veya sosyal medyada takip edebilirsiniz. NASA, ini\u015f s\u00fcreci boyunca Twitter ve Facebook&#8217;ta g\u00fcncellemeler sa\u011flayacak.<\/p>\n\n<h2 class=\"wp-block-heading\">Smithsonian.com&#8217;dan Daha Fazlas\u0131:<\/h2>\n\n<ul class=\"wp-block-list\">\n<li>Ay&#8217;a Gitmek&#8230; Ya da Gitmemek<\/li>\n<li>Merhaba Mars &#8211; Buras\u0131 D\u00fcnya!<\/li>\n<li>Mars&#8217;a Giden Engebeli Bir Yol<\/li>\n<\/ul>\n\n<h2 class=\"wp-block-heading\">Yakla\u015fan Uzay G\u00f6revlerine \u0130li\u015fkin Ek Ayr\u0131nt\u0131lar:<\/h2>\n\n<ul class=\"wp-block-list\">\n<li><strong>Hindistan&#8217;\u0131n Mars g\u00f6revi:<\/strong> Hint uydusu, Mars&#8217;\u0131n iklimini ve jeolojisini y\u00f6r\u00fcngeden incelemek \u00fczere tasarland\u0131. Kas\u0131m 2013&#8217;te f\u0131rlat\u0131lacak ve Mars&#8217;a ula\u015fmadan \u00f6nce 300 g\u00fcn yolculuk yapacak.<\/li>\n<li><strong>\u00c7in&#8217;in Ay g\u00f6revi:<\/strong> \u00c7in sondas\u0131, Ay&#8217;\u0131n y\u00fczeyine inmek ve Ay topra\u011f\u0131 \u00f6rnekleri toplamak \u00fczere tasarland\u0131. 2013&#8217;\u00fcn ikinci yar\u0131s\u0131nda f\u0131rlat\u0131lmas\u0131 planlan\u0131yor.<\/li>\n<li><strong>ESA&#8217;n\u0131n Ay g\u00f6revi:<\/strong> ESA&#8217;n\u0131n ini\u015f arac\u0131, Ay&#8217;\u0131n g\u00fcney kutbunu incelemek \u00fczere tasarland\u0131. 2018&#8217;de f\u0131rlat\u0131lacak ve Ay&#8217;\u0131n y\u00fczeyine inecek.<\/li>\n<li><strong>\u0130ran&#8217;\u0131n uzay g\u00f6revi:<\/strong> \u0130ran&#8217;\u0131n uzay g\u00f6revi, bir rez\u00fcs maymununu uzaya f\u0131rlatmay\u0131 i\u00e7eriyor. Maymun, hayati belirtilerini izlemek i\u00e7in sens\u00f6rlerle donat\u0131lacak.<\/li>\n<li><strong>NASA&#8217;n\u0131n MAVEN g\u00f6revi:<\/strong> NASA&#8217;n\u0131n MAVEN g\u00f6revi, Mars&#8217;\u0131n atmosferinin G\u00fcne\u015f&#8217;le nas\u0131l etkile\u015fime girdi\u011fini inceleyecek. 2013&#8217;te f\u0131rlat\u0131lacak ve bir Mars y\u0131l\u0131 (yakla\u015f\u0131k iki D\u00fcnya y\u0131l\u0131) boyunca Mars&#8217;\u0131n y\u00f6r\u00fcngesinde d\u00f6necek.<\/li>\n<\/ul>","protected":false},"excerpt":{"rendered":"<p>Hindistan ve Di\u011fer \u00dclkeler Yakla\u015fan Uzay G\u00f6revlerine Haz\u0131rlan\u0131yor Mars G\u00f6revleri Hindistan, Mars&#8217;\u0131n ke\u015ffi i\u00e7in iddial\u0131 planlar\u0131 olan tek \u00fclke de\u011fil. Hindistan Uzay Ara\u015ft\u0131rma \u00d6rg\u00fct\u00fc (ISRO), K\u0131z\u0131l Gezegen&#8217;e Kas\u0131m 2013&#8217;te bir&hellip;<\/p>\n","protected":false},"author":1,"featured_media":23925,"comment_status":"closed","ping_status":"closed","sticky":false,"template":"","format":"standard","meta":{"footnotes":""},"categories":[494],"tags":[435,3067,5320,97,3277,2369,5873,15309,434],"class_list":["post-11310","post","type-post","status-publish","format-standard","has-post-thumbnail","hentry","category-space-exploration","tag-astronomy","tag-europe","tag-moon-landing","tag-science","tag-china","tag-india","tag-iran","tag-mars-mission","tag-space-exploration"],"_links":{"self":[{"href":"https:\/\/www.lifescienceart.com\/tr\/wp-json\/wp\/v2\/posts\/11310","targetHints":{"allow":["GET"]}}],"collection":[{"href":"https:\/\/www.lifescienceart.com\/tr\/wp-json\/wp\/v2\/posts"}],"about":[{"href":"https:\/\/www.lifescienceart.com\/tr\/wp-json\/wp\/v2\/types\/post"}],"author":[{"embeddable":true,"href":"https:\/\/www.lifescienceart.com\/tr\/wp-json\/wp\/v2\/users\/1"}],"replies":[{"embeddable":true,"href":"https:\/\/www.lifescienceart.com\/tr\/wp-json\/wp\/v2\/comments?post=11310"}],"version-history":[{"count":1,"href":"https:\/\/www.lifescienceart.com\/tr\/wp-json\/wp\/v2\/posts\/11310\/revisions"}],"predecessor-version":[{"id":11311,"href":"https:\/\/www.lifescienceart.com\/tr\/wp-json\/wp\/v2\/posts\/11310\/revisions\/11311"}],"wp:featuredmedia":[{"embeddable":true,"href":"https:\/\/www.lifescienceart.com\/tr\/wp-json\/wp\/v2\/media\/23925"}],"wp:attachment":[{"href":"https:\/\/www.lifescienceart.com\/tr\/wp-json\/wp\/v2\/media?parent=11310"}],"wp:term":[{"taxonomy":"category","embeddable":true,"href":"https:\/\/www.lifescienceart.com\/tr\/wp-json\/wp\/v2\/categories?post=11310"},{"taxonomy":"post_tag","embeddable":true,"href":"https:\/\/www.lifescienceart.com\/tr\/wp-json\/wp\/v2\/tags?post=11310"}],"curies":[{"name":"wp","href":"https:\/\/api.w.org\/{rel}","templated":true}]}}