{"id":12584,"date":"2023-08-12T21:57:26","date_gmt":"2023-08-12T21:57:26","guid":{"rendered":"https:\/\/www.lifescienceart.com\/?p=12584"},"modified":"2023-08-12T21:57:26","modified_gmt":"2023-08-12T21:57:26","slug":"crows-consciousness-evolution","status":"publish","type":"post","link":"https:\/\/www.lifescienceart.com\/tr\/science\/animal-behavior\/crows-consciousness-evolution\/","title":{"rendered":"Kargalar: Bilincin Evrimine Bir Pencere"},"content":{"rendered":"<h2 class=\"wp-block-heading\">Kargalar: Bilincin Evrimine Bir Pencere<\/h2>\n\n<h2 class=\"wp-block-heading\">Yeni Bir Ara\u015ft\u0131rma Kargalar\u0131n Bir T\u00fcr Bilince Sahip Oldu\u011funu \u00d6nermektedir<\/h2>\n\n<p>Son ara\u015ft\u0131rmalar, kargalar\u0131n dikkate de\u011fer bili\u015fsel yeteneklerine \u0131\u015f\u0131k tutarak, bu zeki ku\u015flar\u0131n daha \u00f6nce yaln\u0131zca insanlara ve baz\u0131 primatlara \u00f6zg\u00fc oldu\u011fu d\u00fc\u015f\u00fcn\u00fclen bir t\u00fcr bilince sahip olabileceklerini \u00f6ne s\u00fcrmektedir.<\/p>\n\n<h2 class=\"wp-block-heading\">Bilin\u00e7 Nedir?<\/h2>\n\n<p>Bilin\u00e7, etraf\u0131m\u0131zdaki d\u00fcnyan\u0131n \u00f6znel deneyimidir. D\u00fc\u015f\u00fcncelerimizi, duygular\u0131m\u0131z\u0131 ve alg\u0131lar\u0131m\u0131z\u0131 i\u00e7erir. Yak\u0131n zamana kadar bilim insanlar\u0131 yaln\u0131zca insanlar\u0131n ve di\u011fer primatlar\u0131n bu yetene\u011fe sahip oldu\u011funa inan\u0131yordu.<\/p>\n\n<h2 class=\"wp-block-heading\">Kargalar ve Bilin\u00e7<\/h2>\n\n<p>Bununla birlikte, yeni ara\u015ft\u0131rmalar bu varsay\u0131m\u0131 \u00e7\u00fcr\u00fctmektedir. Bilim insanlar\u0131, kargalar\u0131n \u00f6znel deneyimle ili\u015fkili beyin aktivitesi kal\u0131plar\u0131 sergiledi\u011fini ke\u015ffetmi\u015flerdir. Ba\u015fka bir deyi\u015fle, kargalar kendi d\u00fc\u015f\u00fcncelerinin ve alg\u0131lar\u0131n\u0131n fark\u0131nda olabilirler.<\/p>\n\n<h2 class=\"wp-block-heading\">\u00c7al\u0131\u015fma<\/h2>\n\n<p>Science dergisinde yay\u0131nlanan \u00e7\u0131\u011f\u0131r a\u00e7an bir \u00e7al\u0131\u015fmada ara\u015ft\u0131rmac\u0131lar, g\u00f6rsel bir g\u00f6rev ger\u00e7ekle\u015ftiren iki karg\u0131n\u0131n beyin aktivitesini \u00f6l\u00e7t\u00fcler. Kargalar, bir ekranda bir \u015fekil belirirse renkli bir \u0131\u015f\u0131\u011f\u0131 gagalayacak \u015fekilde e\u011fitilmi\u015flerdi.<\/p>\n\n<p>Ara\u015ft\u0131rmac\u0131lar, kargalar\u0131n beyin aktivitesinin iki farkl\u0131 katman sergiledi\u011fini bulmu\u015flard\u0131r:<\/p>\n\n<ul class=\"wp-block-list\">\n<li><strong>Birincil bilin\u00e7:<\/strong> Bu katman, g\u00f6rsel uyar\u0131c\u0131n\u0131n temel duyusal deneyimine kar\u015f\u0131l\u0131k gelir.<\/li>\n<li><strong>\u0130kincil bilin\u00e7:<\/strong> Bu katman, kargalar\u0131n uyar\u0131c\u0131y\u0131 \u00f6znel yorumunu temsil eder.<\/li>\n<\/ul>\n\n<h2 class=\"wp-block-heading\">Bilincin Evrimi \u0130\u00e7in Etkileri<\/h2>\n\n<p>Kargalarda bilincin ke\u015ffi, bu karma\u015f\u0131k fenomenin evrimi hakk\u0131ndaki anlay\u0131\u015f\u0131m\u0131z i\u00e7in \u00f6nemli etkilere sahiptir. Bilincin primatlara \u00f6zg\u00fc benzersiz bir \u00f6zellik olmaktan ziyade, farkl\u0131 hayvan gruplar\u0131nda ba\u011f\u0131ms\u0131z olarak evrimle\u015fmi\u015f olabilece\u011fini d\u00fc\u015f\u00fcnd\u00fcrmektedir.<\/p>\n\n<h2 class=\"wp-block-heading\">Kargalar D\u00fcnyay\u0131 Nas\u0131l Alg\u0131lar?<\/h2>\n\n<p>\u00c7al\u0131\u015fma ayr\u0131ca kargalar\u0131n etraflar\u0131ndaki d\u00fcnyay\u0131 nas\u0131l alg\u0131lad\u0131klar\u0131na dair de fikir vermektedir. Ara\u015ft\u0131rmac\u0131lar, kargalar\u0131n \u00f6znel deneyimlerinin yaln\u0131zca g\u00f6rsel uyaranlar\u0131n parlakl\u0131\u011f\u0131 veya netli\u011fi taraf\u0131ndan belirlenmedi\u011fini bulmu\u015flard\u0131r. Bu, kargalar\u0131n duyusal deneyimlerini yorumlamalar\u0131na ve anlamland\u0131rmalar\u0131na olanak tan\u0131yan ikincil bir zihinsel s\u00fcrece sahip olduklar\u0131n\u0131 d\u00fc\u015f\u00fcnd\u00fcrmektedir.<\/p>\n\n<h2 class=\"wp-block-heading\">Kargalar\u0131n Bili\u015fsel Yetenekleri<\/h2>\n\n<p>Bu \u00e7al\u0131\u015fman\u0131n bulgular\u0131, kargalar\u0131n son derece zeki hayvanlar oldu\u011funa dair artan kan\u0131tlar k\u00fcmesine eklenmektedir. Karma\u015f\u0131k problem \u00e7\u00f6zme, ara\u00e7 kullanma ve hatta dil anlama yetene\u011fine sahiptirler. Baz\u0131 uzmanlar, kargalar\u0131n maymunlar ve hatta b\u00fcy\u00fck maymunlar kadar bili\u015fsel olarak yetenekli olabilece\u011fine inanmaktad\u0131r.<\/p>\n\n<h2 class=\"wp-block-heading\">Sonu\u00e7<\/h2>\n\n<p>Kargalarda bilincin ke\u015ffi, varl\u0131\u011f\u0131m\u0131z\u0131n bu temel y\u00f6n\u00fcn\u00fcn evrimi ve do\u011fas\u0131 hakk\u0131nda ara\u015ft\u0131rma i\u00e7in yeni yollar a\u00e7maktad\u0131r. Bu ola\u011fan\u00fcst\u00fc ku\u015flar\u0131 incelemeye devam ettik\u00e7e, bilincin k\u00f6kenleri ve karma\u015f\u0131kl\u0131klar\u0131 hakk\u0131nda daha derin bir anlay\u0131\u015f kazanabiliriz.<\/p>","protected":false},"excerpt":{"rendered":"<p>Kargalar: Bilincin Evrimine Bir Pencere Yeni Bir Ara\u015ft\u0131rma Kargalar\u0131n Bir T\u00fcr Bilince Sahip Oldu\u011funu \u00d6nermektedir Son ara\u015ft\u0131rmalar, kargalar\u0131n dikkate de\u011fer bili\u015fsel yeteneklerine \u0131\u015f\u0131k tutarak, bu zeki ku\u015flar\u0131n daha \u00f6nce yaln\u0131zca&hellip;<\/p>\n","protected":false},"author":6,"featured_media":0,"comment_status":"closed","ping_status":"closed","sticky":false,"template":"","format":"standard","meta":{"footnotes":""},"categories":[312],"tags":[7902,17007,1394,17006,99],"class_list":["post-12584","post","type-post","status-publish","format-standard","hentry","category-animal-behavior","tag-consciousness","tag-evolution-of-consciousness","tag-animal-intelligence","tag-bird-cognition","tag-lifescienceart"],"_links":{"self":[{"href":"https:\/\/www.lifescienceart.com\/tr\/wp-json\/wp\/v2\/posts\/12584","targetHints":{"allow":["GET"]}}],"collection":[{"href":"https:\/\/www.lifescienceart.com\/tr\/wp-json\/wp\/v2\/posts"}],"about":[{"href":"https:\/\/www.lifescienceart.com\/tr\/wp-json\/wp\/v2\/types\/post"}],"author":[{"embeddable":true,"href":"https:\/\/www.lifescienceart.com\/tr\/wp-json\/wp\/v2\/users\/6"}],"replies":[{"embeddable":true,"href":"https:\/\/www.lifescienceart.com\/tr\/wp-json\/wp\/v2\/comments?post=12584"}],"version-history":[{"count":1,"href":"https:\/\/www.lifescienceart.com\/tr\/wp-json\/wp\/v2\/posts\/12584\/revisions"}],"predecessor-version":[{"id":12585,"href":"https:\/\/www.lifescienceart.com\/tr\/wp-json\/wp\/v2\/posts\/12584\/revisions\/12585"}],"wp:attachment":[{"href":"https:\/\/www.lifescienceart.com\/tr\/wp-json\/wp\/v2\/media?parent=12584"}],"wp:term":[{"taxonomy":"category","embeddable":true,"href":"https:\/\/www.lifescienceart.com\/tr\/wp-json\/wp\/v2\/categories?post=12584"},{"taxonomy":"post_tag","embeddable":true,"href":"https:\/\/www.lifescienceart.com\/tr\/wp-json\/wp\/v2\/tags?post=12584"}],"curies":[{"name":"wp","href":"https:\/\/api.w.org\/{rel}","templated":true}]}}