{"id":12811,"date":"2020-06-26T13:42:44","date_gmt":"2020-06-26T13:42:44","guid":{"rendered":"https:\/\/www.lifescienceart.com\/?p=12811"},"modified":"2020-06-26T13:42:44","modified_gmt":"2020-06-26T13:42:44","slug":"kennedy-assassination-files-released-new-details-emerge","status":"publish","type":"post","link":"https:\/\/www.lifescienceart.com\/tr\/uncategorized\/kennedy-assassination-files-released-new-details-emerge\/","title":{"rendered":"Kennedy Suikast\u0131 Dosyalar\u0131 Yay\u0131mland\u0131: Yeni Detaylar Ortaya \u00c7\u0131kt\u0131"},"content":{"rendered":"<h2 class=\"wp-block-heading\">Kennedy Suikast\u0131 Dosyalar\u0131 Yay\u0131mland\u0131: Yeni Detaylar Ortaya \u00c7\u0131kt\u0131<\/h2>\n\n<h2 class=\"wp-block-heading\">Yeni Yay\u0131mlanan Belgeler Trajik Olaya I\u015f\u0131k Tutuyor<\/h2>\n\n<p>Ba\u015fkan John F. Kennedy&#8217;nin suikast\u0131ndan yakla\u015f\u0131k 60 y\u0131l sonra, Biden y\u00f6netimi trajediyle ilgili binlerce daha \u00f6nce gizli tutulan kayd\u0131 yay\u0131mlad\u0131. Ulusal Ar\u015fivler, suikastla ilgili belgelerin %97&#8217;sinden fazlas\u0131n\u0131 art\u0131k kamuoyuna a\u00e7\u0131k hale getirdi.<\/p>\n\n<h2 class=\"wp-block-heading\">Warren Komisyonu Bulgular\u0131 ve Komplo Teorileri<\/h2>\n\n<p>46 ya\u015f\u0131ndaki ba\u015fkan\u0131n 22 Kas\u0131m 1963&#8217;te \u00f6ld\u00fcr\u00fclmesi, say\u0131s\u0131z komplo teorisine konu oldu. Ancak 1964 tarihli Warren Komisyonu, Lee Harvey Oswald&#8217;\u0131n tek ba\u015f\u0131na hareket etti\u011fi sonucuna vard\u0131.<\/p>\n\n<h2 class=\"wp-block-heading\">H\u00fck\u00fcmetin Gizlemesi ve Yasal M\u00fccadeleler<\/h2>\n\n<p>\u00d6nemli say\u0131da belge yay\u0131mlanmas\u0131na ra\u011fmen, h\u00fck\u00fcmet hala 515 tam belgeyi ve di\u011fer 2.545 belgenin b\u00f6l\u00fcmlerini gizliyor. Yetkililer \u00f6n\u00fcm\u00fczdeki aylarda kalan kay\u0131tlar\u0131 inceleyecek ve daha fazla belge yay\u0131mlamak i\u00e7in Haziran 2023 tarihine kadar s\u00fcreleri var. Kennedy suikast\u0131 kay\u0131tlar\u0131n\u0131n geni\u015f bir \u00e7evrimi\u00e7i ar\u015fivini tutan kar amac\u0131 g\u00fctmeyen bir kurulu\u015f olan Mary Ferrell Vakf\u0131, kalan dosyalar\u0131n yay\u0131mlanmas\u0131ndaki gecikme nedeniyle h\u00fck\u00fcmete dava a\u00e7t\u0131.<\/p>\n\n<h2 class=\"wp-block-heading\">CIA G\u00f6zetimi ve Oswald&#8217;\u0131n Ki\u015fili\u011fi<\/h2>\n\n<p>Yay\u0131mlanan belgelerden baz\u0131lar\u0131, eski bir Deniz Piyadesi olan Oswald hakk\u0131ndaki CIA soru\u015fturmas\u0131yla ilgili. Dosyalar, Oswald&#8217;\u0131n suikasttan haftalar \u00f6nce Mexico City&#8217;ye yapt\u0131\u011f\u0131 seyahat s\u0131ras\u0131nda CIA&#8217;in g\u00f6zetim operasyonunun ayr\u0131nt\u0131lar\u0131n\u0131 ve kapsaml\u0131 bir ki\u015filik profilini i\u00e7eriyor.<\/p>\n\n<h2 class=\"wp-block-heading\">Devam Eden Analizler ve Patlay\u0131c\u0131 Kan\u0131tlar\u0131n Yoklu\u011fu<\/h2>\n\n<p>Ara\u015ft\u0131rmac\u0131lar \u015fu anda yeni yay\u0131mlanan belgeleri analiz ediyor. Ancak Washington Post&#8217;un ilk raporlar\u0131, dosyalar\u0131n suikast veya sonras\u0131na ili\u015fkin anlay\u0131\u015f\u0131 de\u011fi\u015ftirecek herhangi bir &#8220;patlay\u0131c\u0131 yeni kan\u0131t&#8221; i\u00e7ermedi\u011fini g\u00f6steriyor.<\/p>\n\n<h2 class=\"wp-block-heading\">Biden&#8217;\u0131n \u015eeffafl\u0131k Taahh\u00fcd\u00fc<\/h2>\n\n<p>Ba\u015fkan Biden, bu belgelerin yay\u0131mlanmas\u0131nda \u015feffafl\u0131\u011f\u0131n \u00f6nemini vurgulad\u0131. Bir muht\u0131rada, kay\u0131tlar\u0131 gizli tutma ihtiyac\u0131n\u0131n zamanla azald\u0131\u011f\u0131n\u0131 belirtti. Ulusal g\u00fcvenlik endi\u015felerinin halk\u0131n bilme hakk\u0131ndan a\u011f\u0131r bast\u0131\u011f\u0131 durumlar d\u0131\u015f\u0131nda, h\u00fck\u00fcmetin suikastla ilgili t\u00fcm bilgileri a\u00e7\u0131klayarak \u015feffafl\u0131\u011f\u0131 en \u00fcst d\u00fczeye \u00e7\u0131karmas\u0131 gerekti\u011fine inan\u0131yor.<\/p>\n\n<h2 class=\"wp-block-heading\">Tarihsel \u00d6nem ve S\u00fcrekli Yank\u0131<\/h2>\n\n<p>Ba\u015fkan Kennedy&#8217;nin suikast\u0131, Amerikan tarihinde yank\u0131lanmaya devam eden derin bir ulusal trajedi olmaya devam ediyor. Biden bunu muht\u0131ras\u0131nda kabul etti ve olay\u0131n o g\u00fcn\u00fc ya\u015fayan bir\u00e7ok Amerikal\u0131n\u0131n haf\u0131zas\u0131nda yer etti\u011fini belirtti.<\/p>\n\n<h2 class=\"wp-block-heading\">Yasal Zorunluluk ve \u00d6nceki Yay\u0131nlar<\/h2>\n\n<p>1992 tarihli bir yasa, suikastla ilgili t\u00fcm h\u00fck\u00fcmet kay\u0131tlar\u0131n\u0131n Ekim 2017&#8217;ye kadar yay\u0131mlanmas\u0131n\u0131 gerektiriyordu. Ancak hem Ba\u015fkan Biden hem de Ba\u015fkan Donald Trump bu s\u00fcreyi uzatt\u0131. Ulusal Ar\u015fivler 2021 y\u0131l\u0131nda yakla\u015f\u0131k 1.500 adet daha \u00f6nce gizli tutulan belge yay\u0131mlad\u0131.<\/p>\n\n<h2 class=\"wp-block-heading\">Devam Eden \u0130nceleme ve Daha Fazla Yay\u0131n Olas\u0131l\u0131\u011f\u0131<\/h2>\n\n<p>Yetkililer, \u00f6n\u00fcm\u00fczdeki aylarda kalan kay\u0131tlar\u0131 incelemeye devam edecek. Gizli tutulmaya devam etmeleri i\u00e7in zorlay\u0131c\u0131 nedenler bulunmazsa, Haziran 2023&#8217;e kadar ek belgeler yay\u0131mlanabilir.<\/p>","protected":false},"excerpt":{"rendered":"<p>Kennedy Suikast\u0131 Dosyalar\u0131 Yay\u0131mland\u0131: Yeni Detaylar Ortaya \u00c7\u0131kt\u0131 Yeni Yay\u0131mlanan Belgeler Trajik Olaya I\u015f\u0131k Tutuyor Ba\u015fkan John F. Kennedy&#8217;nin suikast\u0131ndan yakla\u015f\u0131k 60 y\u0131l sonra, Biden y\u00f6netimi trajediyle ilgili binlerce daha&hellip;<\/p>\n","protected":false},"author":1,"featured_media":0,"comment_status":"closed","ping_status":"closed","sticky":false,"template":"","format":"standard","meta":{"footnotes":""},"categories":[1],"tags":[19,1328,1329,16387,4641,4640,16391],"class_list":["post-12811","post","type-post","status-publish","format-standard","hentry","category-uncategorized","tag-american-history","tag-jfk-assassination","tag-conspiracy-theories","tag-lee-harvey-oswald","tag-historical-documents","tag-national-archives","tag-warren-commission"],"_links":{"self":[{"href":"https:\/\/www.lifescienceart.com\/tr\/wp-json\/wp\/v2\/posts\/12811","targetHints":{"allow":["GET"]}}],"collection":[{"href":"https:\/\/www.lifescienceart.com\/tr\/wp-json\/wp\/v2\/posts"}],"about":[{"href":"https:\/\/www.lifescienceart.com\/tr\/wp-json\/wp\/v2\/types\/post"}],"author":[{"embeddable":true,"href":"https:\/\/www.lifescienceart.com\/tr\/wp-json\/wp\/v2\/users\/1"}],"replies":[{"embeddable":true,"href":"https:\/\/www.lifescienceart.com\/tr\/wp-json\/wp\/v2\/comments?post=12811"}],"version-history":[{"count":1,"href":"https:\/\/www.lifescienceart.com\/tr\/wp-json\/wp\/v2\/posts\/12811\/revisions"}],"predecessor-version":[{"id":12812,"href":"https:\/\/www.lifescienceart.com\/tr\/wp-json\/wp\/v2\/posts\/12811\/revisions\/12812"}],"wp:attachment":[{"href":"https:\/\/www.lifescienceart.com\/tr\/wp-json\/wp\/v2\/media?parent=12811"}],"wp:term":[{"taxonomy":"category","embeddable":true,"href":"https:\/\/www.lifescienceart.com\/tr\/wp-json\/wp\/v2\/categories?post=12811"},{"taxonomy":"post_tag","embeddable":true,"href":"https:\/\/www.lifescienceart.com\/tr\/wp-json\/wp\/v2\/tags?post=12811"}],"curies":[{"name":"wp","href":"https:\/\/api.w.org\/{rel}","templated":true}]}}