{"id":13040,"date":"2023-03-21T13:03:33","date_gmt":"2023-03-21T13:03:33","guid":{"rendered":"https:\/\/www.lifescienceart.com\/?p=13040"},"modified":"2023-03-21T13:03:33","modified_gmt":"2023-03-21T13:03:33","slug":"kiruna-a-town-on-the-move","status":"publish","type":"post","link":"https:\/\/www.lifescienceart.com\/tr\/science\/environmental-science\/kiruna-a-town-on-the-move\/","title":{"rendered":"Ta\u015f\u0131nan Kasaba: Kiruna&#8217;n\u0131n Ola\u011fan\u00fcst\u00fc Yolculu\u011fu"},"content":{"rendered":"<h2 class=\"wp-block-heading\">Kiruna: Hareket Eden Bir Kasaba<\/h2>\n\n<h2 class=\"wp-block-heading\">Madencilik Geni\u015flemesi Aras\u0131ndaki Yeniden Yerle\u015fim<\/h2>\n\n<p>Kuzey \u0130sve\u00e7&#8217;teki k\u00fc\u00e7\u00fck bir kasaba olan Kiruna, benzeri g\u00f6r\u00fclmemi\u015f bir zorlukla kar\u015f\u0131 kar\u015f\u0131ya: D\u00fcnyan\u0131n en b\u00fcy\u00fck yeralt\u0131 demir cevheri madeninin tam temellerinin alt\u0131ndaki geni\u015flemesi. Bu geni\u015fleme, t\u00fcm binalar\u0131 y binlerce sakini yerinden etmeye tehdit ediyor. Buna kar\u015f\u0131l\u0131k, kasaba iki mil uzakta, tu\u011fla tu\u011fla kendini yeniden konumland\u0131rmak i\u00e7in ola\u011fan\u00fcst\u00fc bir yolculu\u011fa ba\u015flad\u0131.<\/p>\n\n<h2 class=\"wp-block-heading\">Simbiyotik Bir Varolu\u015f<\/h2>\n\n<p>Bir as\u0131rdan fazla bir s\u00fcredir Kiruna, kasabaya ekonomik istikrar ve istihdam sa\u011flayan LKAB demir cevheri madeniyle ayr\u0131lmaz bir \u015fekilde ba\u011flant\u0131l\u0131 olmu\u015ftur. Ancak madenin s\u00fcrekli geni\u015flemesi Kiruna&#8217;n\u0131n g\u00fcvenli\u011fi ve gelece\u011fi i\u00e7in ciddi bir tehdit olu\u015fturuyor. 2004 y\u0131l\u0131nda LKAB, madeni do\u011frudan kasaban\u0131n alt\u0131ndan 60 derecelik bir e\u011fimle kazma planlar\u0131n\u0131 a\u00e7\u0131klayarak yakla\u015f\u0131k 3.000 evi ve kamu binas\u0131n\u0131 riske att\u0131.<\/p>\n\n<h2 class=\"wp-block-heading\">Zor Bir Karar<\/h2>\n\n<p>Madeni terk etme veya kasabay\u0131 yeniden konumland\u0131rma se\u00e7ene\u011fiyle kar\u015f\u0131 kar\u015f\u0131ya kalan Kiruna vatanda\u015flar\u0131 ikincisini se\u00e7ti. Evlerini, tarihlerini ve topra\u011fa derin bir ba\u011flant\u0131y\u0131 geride b\u0131rakmak anlam\u0131na geldi\u011finden bu karar kolay al\u0131nmad\u0131. Ancak madenin olu\u015fturdu\u011fu tehdit g\u00f6z ard\u0131 edilemeyecek kadar b\u00fcy\u00fckt\u00fc.<\/p>\n\n<h2 class=\"wp-block-heading\">Yeni Bir Kiruna Planlamak<\/h2>\n\n<p>2011 y\u0131l\u0131nda White Arkitekter, Ghilardi + Hellsten ile i\u015fbirli\u011fi i\u00e7inde yeni Kiruna&#8217;y\u0131 tasarlamak i\u00e7in uluslararas\u0131 bir yar\u0131\u015fma kazand\u0131. Proje sadece planlardan ve konsept sanat\u0131ndan fazlas\u0131n\u0131 i\u00e7eriyordu; ayn\u0131 zamanda ge\u00e7mi\u015fi kutlarken vatanda\u015flarda umut a\u015f\u0131lamay\u0131 da ama\u00e7l\u0131yordu. Toplulu\u011fun zihniyetini anlamak ve bu hassas g\u00f6reve duyarl\u0131 bir yakla\u015f\u0131m sa\u011flamak i\u00e7in bir sosyal antropolog g\u00f6revlendirildi.<\/p>\n\n<h2 class=\"wp-block-heading\">Gelecek \u0130\u00e7in Bir Vizyon<\/h2>\n\n<p>Yeni Kiruna planlar\u0131 yeni bir belediye binas\u0131, modern bir \u015fehir merkezi, geni\u015f halka a\u00e7\u0131k alanlar ve \u00e7a\u011fda\u015f konutlar\u0131 i\u00e7eriyor. Ek olarak, y\u00fczy\u0131ll\u0131k kilise ve \u015eerifin Evi de dahil olmak \u00fczere \u00f6nemli k\u00fclt\u00fcrel \u00f6neme sahip 21 bina tu\u011fla tu\u011fla yeni kasabaya ta\u015f\u0131nacak.<\/p>\n\n<h2 class=\"wp-block-heading\">Zorluklar ve F\u0131rsatlar<\/h2>\n\n<p>Kiruna&#8217;n\u0131n yeniden yerle\u015ftirilmesi karma\u015f\u0131k ve iddial\u0131 bir giri\u015fimdir. Hareket herhangi bir olas\u0131 \u00e7\u00f6k\u00fc\u015ften \u00e7ok \u00f6nce yap\u0131lsa da, kentin gelecekte yeniden ta\u015f\u0131nmas\u0131 gerekebilece\u011fi ihtimali var. Ancak proje ayn\u0131 zamanda Kiruna&#8217;n\u0131n daha s\u00fcrd\u00fcr\u00fclebilir ve dayan\u0131kl\u0131 bir topluluk haline gelmesi i\u00e7in bir f\u0131rsat sunuyor.<\/p>\n\n<h2 class=\"wp-block-heading\">D\u00fcnya \u00c7ap\u0131ndaki Topluluklar \u00dczerindeki Etki<\/h2>\n\n<p>Kiruna&#8217;n\u0131n deneyimi, end\u00fcstriyel kalk\u0131nman\u0131n insanlar\u0131n hayatlar\u0131yla kesi\u015fti\u011finde ortaya \u00e7\u0131kan zorluklar\u0131n ve f\u0131rsatlar\u0131n dokunakl\u0131 bir \u00f6rne\u011fidir. Kiruna k\u00fc\u00e7\u00fck bir kasaba olsa da, hikayesi benzer ikilemlerle kar\u015f\u0131 kar\u015f\u0131ya kalan di\u011fer topluluklara ilham verme potansiyeline sahiptir.<\/p>\n\n<h2 class=\"wp-block-heading\">B\u00fcy\u00fcme ve Koruma Aras\u0131ndaki Denge<\/h2>\n\n<p>Kiruna&#8217;n\u0131n yeniden yerle\u015ftirilmesi, ekonomik b\u00fcy\u00fcme ile sosyal refah ve k\u00fclt\u00fcrel miras\u0131 dengelemenin \u00f6nemini vurgulamaktad\u0131r. Kiruna, tarihi binalar\u0131n\u0131 dikkatlice koruyarak ve bir topluluk duygusunu te\u015fvik ederek, s\u00fcrd\u00fcr\u00fclebilir bir gelece\u011fi benimserken benzersiz kimli\u011fini korumay\u0131 ama\u00e7lamaktad\u0131r.<\/p>\n\n<h2 class=\"wp-block-heading\">Kentsel Yenilenme ve Dayan\u0131kl\u0131l\u0131k<\/h2>\n\n<p>Kiruna&#8217;n\u0131n yeniden yerle\u015ftirilmesi, kentsel yenilenme ve dayan\u0131kl\u0131l\u0131\u011f\u0131n g\u00fcc\u00fcne bir kan\u0131tt\u0131r. End\u00fcstriyel geni\u015flemenin getirdi\u011fi zorluklar\u0131 proaktif bir \u015fekilde ele alarak Kiruna, hem s\u00fcrd\u00fcr\u00fclebilir hem de ge\u00e7mi\u015fine sayg\u0131l\u0131 yeni bir gelecek yarat\u0131yor.<\/p>","protected":false},"excerpt":{"rendered":"<p>Kiruna: Hareket Eden Bir Kasaba Madencilik Geni\u015flemesi Aras\u0131ndaki Yeniden Yerle\u015fim Kuzey \u0130sve\u00e7&#8217;teki k\u00fc\u00e7\u00fck bir kasaba olan Kiruna, benzeri g\u00f6r\u00fclmemi\u015f bir zorlukla kar\u015f\u0131 kar\u015f\u0131ya: D\u00fcnyan\u0131n en b\u00fcy\u00fck yeralt\u0131 demir cevheri madeninin&hellip;<\/p>\n","protected":false},"author":6,"featured_media":0,"comment_status":"closed","ping_status":"closed","sticky":false,"template":"","format":"standard","meta":{"footnotes":""},"categories":[38],"tags":[4552,4086,120,20093],"class_list":["post-13040","post","type-post","status-publish","format-standard","hentry","category-environmental-science","tag-urban-renewal","tag-mining","tag-sustainability","tag-community-resilience"],"_links":{"self":[{"href":"https:\/\/www.lifescienceart.com\/tr\/wp-json\/wp\/v2\/posts\/13040","targetHints":{"allow":["GET"]}}],"collection":[{"href":"https:\/\/www.lifescienceart.com\/tr\/wp-json\/wp\/v2\/posts"}],"about":[{"href":"https:\/\/www.lifescienceart.com\/tr\/wp-json\/wp\/v2\/types\/post"}],"author":[{"embeddable":true,"href":"https:\/\/www.lifescienceart.com\/tr\/wp-json\/wp\/v2\/users\/6"}],"replies":[{"embeddable":true,"href":"https:\/\/www.lifescienceart.com\/tr\/wp-json\/wp\/v2\/comments?post=13040"}],"version-history":[{"count":1,"href":"https:\/\/www.lifescienceart.com\/tr\/wp-json\/wp\/v2\/posts\/13040\/revisions"}],"predecessor-version":[{"id":15039,"href":"https:\/\/www.lifescienceart.com\/tr\/wp-json\/wp\/v2\/posts\/13040\/revisions\/15039"}],"wp:attachment":[{"href":"https:\/\/www.lifescienceart.com\/tr\/wp-json\/wp\/v2\/media?parent=13040"}],"wp:term":[{"taxonomy":"category","embeddable":true,"href":"https:\/\/www.lifescienceart.com\/tr\/wp-json\/wp\/v2\/categories?post=13040"},{"taxonomy":"post_tag","embeddable":true,"href":"https:\/\/www.lifescienceart.com\/tr\/wp-json\/wp\/v2\/tags?post=13040"}],"curies":[{"name":"wp","href":"https:\/\/api.w.org\/{rel}","templated":true}]}}