{"id":13377,"date":"2024-10-12T22:53:23","date_gmt":"2024-10-12T22:53:23","guid":{"rendered":"https:\/\/www.lifescienceart.com\/?p=13377"},"modified":"2024-10-12T22:53:23","modified_gmt":"2024-10-12T22:53:23","slug":"little-black-dress-evolution-symbol-fashion-social-change","status":"publish","type":"post","link":"https:\/\/www.lifescienceart.com\/tr\/life\/fashion\/little-black-dress-evolution-symbol-fashion-social-change\/","title":{"rendered":"K\u00fc\u00e7\u00fck Siyah Elbisenin Evrimi: Moda ve Toplumsal De\u011fi\u015fimin Bir Sembol\u00fc"},"content":{"rendered":"<h2 class=\"wp-block-heading\">K\u00fc\u00e7\u00fck Siyah Elbisenin Evrimi: Moda ve Toplumsal De\u011fi\u015fimin Bir Sembol\u00fc<\/h2>\n\n<h3 class=\"wp-block-heading\">Bir \u0130konun Do\u011fu\u015fu<\/h3>\n\n<p>Yakla\u015f\u0131k bir as\u0131r \u00f6nce Coco Chanel, kal\u0131c\u0131 bir moda unsuru haline gelecek olan K\u00fc\u00e7\u00fck Siyah Elbiseyi (LBD) d\u00fcnyaya tan\u0131tt\u0131. 1926&#8217;daki bu yarat\u0131m, kad\u0131n modas\u0131n\u0131 demokratikle\u015ftirerek daha geni\u015f bir kitleye ula\u015fmas\u0131n\u0131 sa\u011flad\u0131. Giysilerin modernle\u015fmesinin ve seri \u00fcretiminin bir simgesiydi ve toplumdaki kad\u0131nlar\u0131n de\u011fi\u015fen rol\u00fcn\u00fc yans\u0131t\u0131yordu.<\/p>\n\n<h3 class=\"wp-block-heading\">Temellerin \u00d6tesinde: K\u00fc\u00e7\u00fck Siyah Elbisenin \u00c7ok Y\u00f6nl\u00fcl\u00fc\u011f\u00fc<\/h3>\n\n<p>K\u00fc\u00e7\u00fck Siyah Elbisenin \u00e7ok y\u00f6nl\u00fcl\u00fc\u011f\u00fc, zaman\u0131n ve trendlerin \u00f6tesine ge\u00e7mesini sa\u011flad\u0131. Basit bir g\u00f6mlek elbiseden cesur bir politik duru\u015fa kadar, de\u011fi\u015fen g\u00fczellik ve beden alg\u0131s\u0131 ideallerini yans\u0131tacak \u015fekilde geli\u015fti. \u0130sko\u00e7ya Ulusal M\u00fczesi&#8217;ndeki &#8220;K\u00fc\u00e7\u00fck Siyah Elbisenin \u00d6tesinde&#8221; sergisi, bu evrimi 65 ikonik g\u00f6r\u00fcn\u00fcmle sergiliyor.<\/p>\n\n<h3 class=\"wp-block-heading\">K\u00fclt\u00fcrel Sembolizm ve Toplumsal Etki<\/h3>\n\n<p>K\u00fc\u00e7\u00fck Siyah Elbise sadece bir giysi olmaktan \u00e7\u0131kt\u0131; k\u00fclt\u00fcrel bir sembole d\u00f6n\u00fc\u015ft\u00fc. Hem &#8220;dindarl\u0131\u011f\u0131 ve sapk\u0131nl\u0131\u011f\u0131, sayg\u0131y\u0131 ve isyan\u0131&#8221; temsil ediyor ve kad\u0131nlar\u0131n deneyimlerinin karma\u015f\u0131kl\u0131klar\u0131n\u0131 ve onlar\u0131 \u015fekillendiren toplumsal de\u011fi\u015fimleri yans\u0131t\u0131yor.<\/p>\n\n<h3 class=\"wp-block-heading\">S\u00fcrd\u00fcr\u00fclebilirlik ve Etik Hususlar<\/h3>\n\n<p>Son y\u0131llarda moda end\u00fcstrisi \u00e7evresel etkisi nedeniyle inceleme alt\u0131na al\u0131nd\u0131. &#8220;K\u00fc\u00e7\u00fck Siyah Elbisenin \u00d6tesinde&#8221; sergisi, s\u00fcrd\u00fcr\u00fclebilir tasar\u0131mlar\u0131 \u00f6ne \u00e7\u0131kararak ve etik uygulamalara ba\u011fl\u0131 tasar\u0131mc\u0131lar\u0131n \u00e7al\u0131\u015fmalar\u0131n\u0131 sergileyerek bu sorunu ele al\u0131yor.<\/p>\n\n<h3 class=\"wp-block-heading\">Afrof\u00fct\u00fcrizm ve Siyah Tasar\u0131mc\u0131lar\u0131n Rol\u00fc<\/h3>\n\n<p>Sergi ayn\u0131 zamanda Afrof\u00fct\u00fcristik bir estetik yaratmada siyah rengin rol\u00fcn\u00fc ara\u015ft\u0131r\u0131yor. Bu b\u00f6l\u00fcm, siyah \u0130ngiliz tasar\u0131mc\u0131lar\u0131n \u00e7al\u0131\u015fmalar\u0131n\u0131 vurguluyor ve siyah rengi k\u00fclt\u00fcrel miraslar\u0131n\u0131 ifade etmek ve toplumsal normlara meydan okumak i\u00e7in nas\u0131l kulland\u0131klar\u0131n\u0131 inceliyor.<\/p>\n\n<h3 class=\"wp-block-heading\">K\u00fc\u00e7\u00fck Siyah Elbise Toplumun Bir Aynas\u0131 Olarak<\/h3>\n\n<p>Serginin k\u00fcrat\u00f6r\u00fc Georgina Ripley, K\u00fc\u00e7\u00fck Siyah Elbisenin topluma bir ayna olarak tutulabilece\u011fine inan\u0131yor. \u00c7e\u015fitli yinelemeleri boyunca de\u011fi\u015fen toplumsal tutumlar\u0131, ekonomik de\u011fi\u015fimleri ve kad\u0131nlar\u0131n rollerinin ve kimliklerinin s\u00fcrekli evrimini yans\u0131tt\u0131.<\/p>\n\n<h3 class=\"wp-block-heading\">K\u00fc\u00e7\u00fck Siyah Elbisenin Kal\u0131c\u0131 Miras\u0131<\/h3>\n\n<p>Moda d\u00fcnyas\u0131n\u0131n de\u011fi\u015fken do\u011fas\u0131na ra\u011fmen, K\u00fc\u00e7\u00fck Siyah Elbise ger\u00e7ekten zamans\u0131z olma gibi nadir bir stat\u00fcye ula\u015ft\u0131. S\u00fcrekli olarak bir gard\u0131rop esas\u0131 olmaya devam ediyor, nesilleri a\u015f\u0131yor ve s\u00fcrekli de\u011fi\u015fen bir moda ortam\u0131nda alakal\u0131 kal\u0131yor.<\/p>\n\n<h3 class=\"wp-block-heading\">Sonu\u00e7<\/h3>\n\n<p>&#8220;K\u00fc\u00e7\u00fck Siyah Elbisenin \u00d6tesinde&#8221; sergisi, K\u00fc\u00e7\u00fck Siyah Elbisenin k\u00fclt\u00fcrel etkisini, toplumsal \u00f6nemini ve kal\u0131c\u0131 miras\u0131n\u0131 kapsaml\u0131 bir \u015fekilde ara\u015ft\u0131r\u0131yor. \u00c7e\u015fitli giysi koleksiyonu ve i\u00e7g\u00f6r\u00fcl\u00fc yorumlar\u0131 arac\u0131l\u0131\u011f\u0131yla sergi, ziyaret\u00e7ileri modan\u0131n toplumsal de\u011fi\u015fimi hem \u015fekillendirebilece\u011fi hem de yans\u0131tabilece\u011fi yollar\u0131 d\u00fc\u015f\u00fcnmeye davet ediyor.<\/p>","protected":false},"excerpt":{"rendered":"<p>K\u00fc\u00e7\u00fck Siyah Elbisenin Evrimi: Moda ve Toplumsal De\u011fi\u015fimin Bir Sembol\u00fc Bir \u0130konun Do\u011fu\u015fu Yakla\u015f\u0131k bir as\u0131r \u00f6nce Coco Chanel, kal\u0131c\u0131 bir moda unsuru haline gelecek olan K\u00fc\u00e7\u00fck Siyah Elbiseyi (LBD)&hellip;<\/p>\n","protected":false},"author":2,"featured_media":24593,"comment_status":"closed","ping_status":"closed","sticky":false,"template":"","format":"standard","meta":{"footnotes":""},"categories":[4252],"tags":[6054,18039,18037,594,18038,1188,3244],"class_list":["post-13377","post","type-post","status-publish","format-standard","has-post-thumbnail","hentry","category-fashion","tag-afrofuturism","tag-coco-chanel","tag-cultural-symbolism","tag-womens-empowerment","tag-little-black-dress","tag-fashion-history","tag-social-change"],"_links":{"self":[{"href":"https:\/\/www.lifescienceart.com\/tr\/wp-json\/wp\/v2\/posts\/13377","targetHints":{"allow":["GET"]}}],"collection":[{"href":"https:\/\/www.lifescienceart.com\/tr\/wp-json\/wp\/v2\/posts"}],"about":[{"href":"https:\/\/www.lifescienceart.com\/tr\/wp-json\/wp\/v2\/types\/post"}],"author":[{"embeddable":true,"href":"https:\/\/www.lifescienceart.com\/tr\/wp-json\/wp\/v2\/users\/2"}],"replies":[{"embeddable":true,"href":"https:\/\/www.lifescienceart.com\/tr\/wp-json\/wp\/v2\/comments?post=13377"}],"version-history":[{"count":2,"href":"https:\/\/www.lifescienceart.com\/tr\/wp-json\/wp\/v2\/posts\/13377\/revisions"}],"predecessor-version":[{"id":24594,"href":"https:\/\/www.lifescienceart.com\/tr\/wp-json\/wp\/v2\/posts\/13377\/revisions\/24594"}],"wp:featuredmedia":[{"embeddable":true,"href":"https:\/\/www.lifescienceart.com\/tr\/wp-json\/wp\/v2\/media\/24593"}],"wp:attachment":[{"href":"https:\/\/www.lifescienceart.com\/tr\/wp-json\/wp\/v2\/media?parent=13377"}],"wp:term":[{"taxonomy":"category","embeddable":true,"href":"https:\/\/www.lifescienceart.com\/tr\/wp-json\/wp\/v2\/categories?post=13377"},{"taxonomy":"post_tag","embeddable":true,"href":"https:\/\/www.lifescienceart.com\/tr\/wp-json\/wp\/v2\/tags?post=13377"}],"curies":[{"name":"wp","href":"https:\/\/api.w.org\/{rel}","templated":true}]}}