{"id":13398,"date":"2024-03-18T13:26:27","date_gmt":"2024-03-18T13:26:27","guid":{"rendered":"https:\/\/www.lifescienceart.com\/?p=13398"},"modified":"2024-03-18T13:26:27","modified_gmt":"2024-03-18T13:26:27","slug":"preserving-public-art-rediscovering-americas-outdoor-sculptures","status":"publish","type":"post","link":"https:\/\/www.lifescienceart.com\/tr\/art\/public-art\/preserving-public-art-rediscovering-americas-outdoor-sculptures\/","title":{"rendered":"Kamusal Sanat\u0131m\u0131z\u0131 Korumak: Amerika&#8217;n\u0131n A\u00e7\u0131k Hava Heykellerini Yeniden Ke\u015ffetmek"},"content":{"rendered":"<h2 class=\"wp-block-heading\">Kamusal Sanat\u0131m\u0131z\u0131 Korumak: Amerika&#8217;n\u0131n A\u00e7\u0131k Hava Heykellerini Yeniden Ke\u015ffetmek<\/h2>\n\n<p>Nesillerdir, a\u00e7\u0131k hava heykelleri sessizce kasaba ve \u015fehirlerimizin manzaralar\u0131n\u0131 s\u00fcslemi\u015f, tarihimize tan\u0131kl\u0131k etmi\u015f ve hayat\u0131m\u0131z\u0131 zenginle\u015ftirmi\u015ftir. Ancak bu sevilen sanat eserlerinin \u00e7o\u011fu, y\u0131llar i\u00e7inde ihmalden muzdarip olmu\u015f ve korunmalar\u0131 tehlikeye girmi\u015ftir.<\/p>\n\n<h2 class=\"wp-block-heading\">SOS! Kurtarmaya<\/h2>\n\n<p>A\u00e7\u0131k hava heykellerimizi korumak i\u00e7in yola \u00e7\u0131kan Save Outdoor Sculpture! (SOS!) program\u0131na ho\u015f geldiniz. \u00dclke \u00e7ap\u0131ndaki g\u00f6n\u00fcll\u00fclerin yard\u0131m\u0131yla SOS!, \u00fclkedeki her bir a\u00e7\u0131k hava heykelini belgelemek ve korumak i\u00e7in bir g\u00f6reve ba\u015flad\u0131 ve gelecek nesiller i\u00e7in korunmalar\u0131n\u0131 sa\u011flad\u0131.<\/p>\n\n<h2 class=\"wp-block-heading\">Belgelemenin \u00d6nemi<\/h2>\n\n<p>A\u00e7\u0131k hava heykellerini belgelemek birka\u00e7 nedenden dolay\u0131 \u00e7ok \u00f6nemlidir. \u0130lk olarak, kamusal sanat\u0131m\u0131z\u0131n kapsaml\u0131 bir envanterini sa\u011flar, b\u00f6ylece durumlar\u0131n\u0131 takip edebilir ve onar\u0131m veya koruma gerektiren heykelleri belirleyebiliriz. \u0130kincisi, bu sanat eserlerini koruman\u0131n \u00f6nemi konusunda fark\u0131ndal\u0131k yarat\u0131r ve k\u00fclt\u00fcrel ve tarihi \u00f6nemleri i\u00e7in daha fazla takdir edilmelerini sa\u011flar.<\/p>\n\n<h2 class=\"wp-block-heading\">Koruma ve Onar\u0131m<\/h2>\n\n<p>SOS!, a\u00e7\u0131k hava heykellerinin korunmas\u0131 ve onar\u0131lmas\u0131nda hayati bir rol oynar. M\u00fczeler, restorat\u00f6rler ve yerel topluluklarla ortakl\u0131klar yoluyla program, hasarl\u0131 heykelleri eski ihti\u015famlar\u0131na kavu\u015fturmak i\u00e7in fon ve uzmanl\u0131k sa\u011flar. Buna hava ko\u015fullar\u0131, vandalizm ve yap\u0131sal istikrars\u0131zl\u0131k gibi sorunlarla m\u00fccadele etmek de dahildir.<\/p>\n\n<h2 class=\"wp-block-heading\">Bir A\u015fk Eme\u011fi<\/h2>\n\n<p>SOS! program\u0131, heykelleri belgelemek ve korunmalar\u0131n\u0131 savunmak i\u00e7in \u00fclke \u00e7ap\u0131nda yay\u0131lm\u0131\u015f g\u00f6n\u00fcll\u00fclerin \u00f6zverisine b\u00fcy\u00fck \u00f6l\u00e7\u00fcde dayanmaktad\u0131r. Bu g\u00f6n\u00fcll\u00fcler, kamusal sanat miras\u0131m\u0131z\u0131 koruma konusundaki ortak bir tutkuyla bir araya gelen, toplumun her kesiminden gelmektedir.<\/p>\n\n<h2 class=\"wp-block-heading\">Yerel Topluluklar \u0130\u00e7in Faydalar<\/h2>\n\n<p>A\u00e7\u0131k hava heykellerini korumak, yerel topluluklar i\u00e7in say\u0131s\u0131z fayda sa\u011flar. Bu sanat eserleri, kamusal alanlar\u0131m\u0131z\u0131n estetik \u00e7ekicili\u011fini art\u0131rarak daha canl\u0131 ve davetkar bir ortam yarat\u0131r. Ayr\u0131ca, bizi ge\u00e7mi\u015fimize ba\u011flayan ve bir aidiyet duygusu a\u015f\u0131layan tarihi simge i\u015flevi g\u00f6r\u00fcrler.<\/p>\n\n<h2 class=\"wp-block-heading\">Nas\u0131l Yard\u0131mc\u0131 Olabilirsiniz<\/h2>\n\n<p>Kamusal sanat\u0131 korumak konusunda tutkuluysan\u0131z, SOS!&#8217;a dahil olman\u0131n birka\u00e7 yolu vard\u0131r:<\/p>\n\n<ul class=\"wp-block-list\">\n<li>B\u00f6lgenizdeki heykelleri belgelemek ve savunmak i\u00e7in g\u00f6n\u00fcll\u00fc olun.<\/li>\n<li>Program\u0131n koruma \u00e7abalar\u0131n\u0131 desteklemek i\u00e7in ba\u011f\u0131\u015fta bulunun.<\/li>\n<li>SOS! ve a\u00e7\u0131k hava heykellerini koruman\u0131n \u00f6nemi hakk\u0131nda bilgi yay\u0131n.<\/li>\n<\/ul>\n\n<h2 class=\"wp-block-heading\">Ba\u015far\u0131l\u0131 SOS! Projelerine \u00d6rnekler<\/h2>\n\n<p>SOS!, \u00fclke \u00e7ap\u0131nda binlerce a\u00e7\u0131k hava heykelini ba\u015far\u0131yla belgelemi\u015f ve korumu\u015ftur. \u0130\u015fte birka\u00e7 dikkate de\u011fer \u00f6rnek:<\/p>\n\n<ul class=\"wp-block-list\">\n<li>Massachusetts, Cheshire&#8217;daki Cornelia Chapin&#8217;in &#8220;Ay\u0131&#8221; heykelinin restorasyonu.<\/li>\n<li>Sirkte y\u0131ld\u0131r\u0131m d\u00fc\u015fmesi sonucu \u00f6len sirk \u00e7al\u0131\u015fanlar\u0131na bir \u00f6vg\u00fc olan Kuzey Dakota&#8217;daki &#8220;K\u0131r\u0131k \u00c7ad\u0131r Dire\u011fi&#8221; an\u0131t\u0131n\u0131n korunmas\u0131.<\/li>\n<li>Armando Alvarez&#8217;in Yeni Meksika, Gallup&#8217;taki devasa \u00e7elik tablosu &#8220;We the People&#8221;\u0131n korunmas\u0131.<\/li>\n<\/ul>\n\n<h2 class=\"wp-block-heading\">Sonu\u00e7<\/h2>\n\n<p>A\u00e7\u0131k hava heykelleri, k\u00fclt\u00fcrel miras\u0131m\u0131z\u0131n de\u011ferli bir par\u00e7as\u0131d\u0131r, topluluklar\u0131m\u0131z\u0131 zenginle\u015ftirir ve bizi tarihimize ba\u011flar. SOS!, bu sanat eserlerini gelecek nesiller i\u00e7in korumak i\u00e7in m\u00fccadele veriyor. A\u00e7\u0131k hava heykellerini belgelemek, korumak ve savunmak suretiyle, \u00f6n\u00fcm\u00fczdeki y\u0131llarda da bize ilham vermeye ve bizi y\u00fckseltmeye devam etmelerini sa\u011flayabiliriz.<\/p>","protected":false},"excerpt":{"rendered":"<p>Kamusal Sanat\u0131m\u0131z\u0131 Korumak: Amerika&#8217;n\u0131n A\u00e7\u0131k Hava Heykellerini Yeniden Ke\u015ffetmek Nesillerdir, a\u00e7\u0131k hava heykelleri sessizce kasaba ve \u015fehirlerimizin manzaralar\u0131n\u0131 s\u00fcslemi\u015f, tarihimize tan\u0131kl\u0131k etmi\u015f ve hayat\u0131m\u0131z\u0131 zenginle\u015ftirmi\u015ftir. Ancak bu sevilen sanat eserlerinin&hellip;<\/p>\n","protected":false},"author":4,"featured_media":0,"comment_status":"closed","ping_status":"","sticky":false,"template":"","format":"standard","meta":{"footnotes":""},"categories":[2009],"tags":[18065,883,817,89,401],"class_list":["post-13398","post","type-post","status-publish","format-standard","hentry","category-public-art","tag-outdoor-sculpture","tag-public-art","tag-preservation","tag-cultural-heritage","tag-conservation"],"_links":{"self":[{"href":"https:\/\/www.lifescienceart.com\/tr\/wp-json\/wp\/v2\/posts\/13398","targetHints":{"allow":["GET"]}}],"collection":[{"href":"https:\/\/www.lifescienceart.com\/tr\/wp-json\/wp\/v2\/posts"}],"about":[{"href":"https:\/\/www.lifescienceart.com\/tr\/wp-json\/wp\/v2\/types\/post"}],"author":[{"embeddable":true,"href":"https:\/\/www.lifescienceart.com\/tr\/wp-json\/wp\/v2\/users\/4"}],"replies":[{"embeddable":true,"href":"https:\/\/www.lifescienceart.com\/tr\/wp-json\/wp\/v2\/comments?post=13398"}],"version-history":[{"count":1,"href":"https:\/\/www.lifescienceart.com\/tr\/wp-json\/wp\/v2\/posts\/13398\/revisions"}],"predecessor-version":[{"id":13399,"href":"https:\/\/www.lifescienceart.com\/tr\/wp-json\/wp\/v2\/posts\/13398\/revisions\/13399"}],"wp:attachment":[{"href":"https:\/\/www.lifescienceart.com\/tr\/wp-json\/wp\/v2\/media?parent=13398"}],"wp:term":[{"taxonomy":"category","embeddable":true,"href":"https:\/\/www.lifescienceart.com\/tr\/wp-json\/wp\/v2\/categories?post=13398"},{"taxonomy":"post_tag","embeddable":true,"href":"https:\/\/www.lifescienceart.com\/tr\/wp-json\/wp\/v2\/tags?post=13398"}],"curies":[{"name":"wp","href":"https:\/\/api.w.org\/{rel}","templated":true}]}}