{"id":13535,"date":"2023-07-18T10:33:20","date_gmt":"2023-07-18T10:33:20","guid":{"rendered":"https:\/\/www.lifescienceart.com\/?p=13535"},"modified":"2023-07-18T10:33:20","modified_gmt":"2023-07-18T10:33:20","slug":"we-shall-overcome-copyright-battle","status":"publish","type":"post","link":"https:\/\/www.lifescienceart.com\/tr\/art\/music\/we-shall-overcome-copyright-battle\/","title":{"rendered":"Copyright Battle Over &#8216;We Shall Overcome&#8217;: A Fight for Public Domain and Free Expression"},"content":{"rendered":"<h2 class=\"wp-block-heading\">\u201cWe Shall Overcome\u201d\u0131n Telif Hakk\u0131 Sava\u015f\u0131<\/h2>\n\n<h2 class=\"wp-block-heading\">Tarih\u00e7e ve \u00d6nem<\/h2>\n\n<p>\u201cWe Shall Overcome\u201d, Sivil Haklar Hareketi\u2019nde \u00e7ok \u00f6nemli bir rol oynayan ikonik bir protesto \u015fark\u0131s\u0131d\u0131r. Basit ama g\u00fc\u00e7l\u00fc s\u00f6zleriyle, aktivistler ve marjinalle\u015ftirilmi\u015f topluluklar i\u00e7in bir umut ve dayan\u0131kl\u0131l\u0131k sembol\u00fc haline geldi.<\/p>\n\n<p>\u015eark\u0131n\u0131n k\u00f6kenleri Afro-Amerikan ilahilerine ve i\u015f\u00e7i hareketi \u015fark\u0131lar\u0131na dayanmaktad\u0131r. Kaydedilen ilk versiyonu olan \u201cWe Will Overcome\u201d 1909\u2019da ortaya \u00e7\u0131kt\u0131. Y\u0131llar i\u00e7inde, halk \u015fark\u0131c\u0131s\u0131 Pete Seeger ve di\u011fer sanat\u00e7\u0131lar taraf\u0131ndan pop\u00fcler hale getirildi.<\/p>\n\n<p>1960\u2019ta Ludlow Music Inc. ve The Richmond Organization \u015fark\u0131y\u0131 telif hakk\u0131yla korudu ve kullan\u0131m\u0131n\u0131 kontrol etmek i\u00e7in m\u00fcnhas\u0131r haklar elde etti. Bu, pek \u00e7ok ki\u015fi b\u00f6ylesine k\u00fclt\u00fcrel ve tarihi \u00f6neme sahip bir \u015fark\u0131n\u0131n telif hakk\u0131 k\u0131s\u0131tlamalar\u0131na tabi olmamas\u0131 gerekti\u011fini savundu\u011fu i\u00e7in tart\u0131\u015fmalara yol a\u00e7t\u0131.<\/p>\n\n<h2 class=\"wp-block-heading\">Yasal M\u00fccadeleler<\/h2>\n\n<p>Son y\u0131llarda, \u201cWe Shall Overcome\u201d\u0131n telif hakk\u0131na y\u00f6nelik giderek artan itirazlar oldu. 2023\u2019te, We Shall Overcome Foundation adl\u0131 bir kar amac\u0131 g\u00fctmeyen kurulu\u015f, Ludlow Music Inc. ve The Richmond Organization aleyhine dava a\u00e7t\u0131.<\/p>\n\n<p>Davac\u0131lar, \u015fark\u0131n\u0131n telif hakk\u0131yla korunmadan \u00f6nce zaten kamu mal\u0131 oldu\u011funu gerek\u00e7e g\u00f6stererek telif hakk\u0131n\u0131n ge\u00e7ersiz oldu\u011funu savunuyorlar. Geleneksel ilahilerdeki k\u00f6kenlerini ve toplumsal hareketlerdeki yayg\u0131n kullan\u0131m\u0131n\u0131 delil g\u00f6steriyorlar.<\/p>\n\n<p>Davan\u0131n arkas\u0131ndaki film yap\u0131mc\u0131lar\u0131na, \u015fark\u0131y\u0131 belgesellerinde kullanmak i\u00e7in lisans verilmedi. Yay\u0131nc\u0131n\u0131n reddetmesinin keyfi ve mant\u0131ks\u0131z oldu\u011funu iddia ediyorlar.<\/p>\n\n<h2 class=\"wp-block-heading\">Adil Kullan\u0131m ve Kamu Mal\u0131<\/h2>\n\n<p>Dava, telif hakk\u0131 yasas\u0131 ve adil kullan\u0131m kavram\u0131 hakk\u0131nda \u00f6nemli sorular g\u00fcndeme getiriyor. Adil kullan\u0131m, e\u011fitim ama\u00e7lar\u0131 veya toplumsal yorum gibi belirli durumlarda izinsiz olarak telif hakk\u0131yla korunan materyalin kullan\u0131m\u0131na izin verir.<\/p>\n\n<p>Film yap\u0131mc\u0131lar\u0131, \u201cWe Shall Overcome\u201d\u0131 kullan\u0131m\u0131n\u0131n adil kullan\u0131m kapsam\u0131na girdi\u011fini savunuyorlar. \u015eark\u0131n\u0131n, e\u011fitimsel ve sanatsal ama\u00e7lar i\u00e7in serbest\u00e7e kullan\u0131labilecek tarihi bir belge oldu\u011funu \u00f6ne s\u00fcr\u00fcyorlar.<\/p>\n\n<h2 class=\"wp-block-heading\">Toplu Dava ve Lisanslama \u00dccretleri<\/h2>\n\n<p>We Shall Overcome Foundation, toplu dava a\u00e7may\u0131 ama\u00e7l\u0131yor. Bu, \u015fark\u0131y\u0131 kullanma izni reddedilen di\u011fer bireylerin ve kurulu\u015flar\u0131n yasal eyleme kat\u0131lmas\u0131na olanak sa\u011flayacakt\u0131r.<\/p>\n\n<p>Dava ayn\u0131 zamanda m\u00fczik \u015firketlerini ge\u00e7mi\u015fte \u201cWe Shall Overcome\u201d\u0131n kullan\u0131m\u0131 i\u00e7in \u00f6denmi\u015f olan lisanslama \u00fccretlerini iade etmeye zorlamay\u0131 ama\u00e7l\u0131yor. Davac\u0131lar, bu \u00fccretlerin kamu mal\u0131 olmas\u0131 gereken bir \u015fark\u0131 i\u00e7in haks\u0131z yere tahsil edildi\u011fini savunuyorlar.<\/p>\n\n<h2 class=\"wp-block-heading\">\u00d6zg\u00fcr Konu\u015fma ve Sanatsal \u0130fadeye Etkisi<\/h2>\n\n<p>\u201cWe Shall Overcome\u201d\u0131n telif hakk\u0131 sava\u015f\u0131, ifade \u00f6zg\u00fcrl\u00fc\u011f\u00fc ve sanatsal ifade i\u00e7in daha geni\u015f etkilere sahiptir. \u00d6nemli k\u00fclt\u00fcrel eserlere eri\u015fimin k\u0131s\u0131tlanmas\u0131, yarat\u0131c\u0131l\u0131\u011f\u0131 engelleyebilir ve sanat\u00e7\u0131lar\u0131n toplumsal sorunlarla ilgilenme becerisini s\u0131n\u0131rlayabilir.<\/p>\n\n<p>Kar amac\u0131 g\u00fctmeyen kurulu\u015flar ve aktivistler, k\u00fclt\u00fcrel miras\u0131 korumada ve tarihi \u00f6neme sahip eserlerin kamuya a\u00e7\u0131k kalmas\u0131n\u0131 sa\u011flamada \u00e7ok \u00f6nemli bir rol oynar. Toplu davalar ve di\u011fer yasal stratejiler, a\u015f\u0131r\u0131 telif hakk\u0131 iddialar\u0131na meydan okumaya ve halk\u0131n k\u00fclt\u00fcrel mallara eri\u015fme ve bunlar\u0131 kullanma hakk\u0131n\u0131 desteklemeye yard\u0131mc\u0131 olabilir.<\/p>","protected":false},"excerpt":{"rendered":"<p>\u201cWe Shall Overcome\u201d\u0131n Telif Hakk\u0131 Sava\u015f\u0131 Tarih\u00e7e ve \u00d6nem \u201cWe Shall Overcome\u201d, Sivil Haklar Hareketi\u2019nde \u00e7ok \u00f6nemli bir rol oynayan ikonik bir protesto \u015fark\u0131s\u0131d\u0131r. Basit ama g\u00fc\u00e7l\u00fc s\u00f6zleriyle, aktivistler ve&hellip;<\/p>\n","protected":false},"author":3,"featured_media":0,"comment_status":"closed","ping_status":"","sticky":false,"template":"","format":"standard","meta":{"footnotes":""},"categories":[327],"tags":[18248,6329,1879,15724,6330],"class_list":["post-13535","post","type-post","status-publish","format-standard","hentry","category-music","tag-fair-use","tag-public-domain","tag-civil-rights","tag-free-speech","tag-copyright"],"_links":{"self":[{"href":"https:\/\/www.lifescienceart.com\/tr\/wp-json\/wp\/v2\/posts\/13535","targetHints":{"allow":["GET"]}}],"collection":[{"href":"https:\/\/www.lifescienceart.com\/tr\/wp-json\/wp\/v2\/posts"}],"about":[{"href":"https:\/\/www.lifescienceart.com\/tr\/wp-json\/wp\/v2\/types\/post"}],"author":[{"embeddable":true,"href":"https:\/\/www.lifescienceart.com\/tr\/wp-json\/wp\/v2\/users\/3"}],"replies":[{"embeddable":true,"href":"https:\/\/www.lifescienceart.com\/tr\/wp-json\/wp\/v2\/comments?post=13535"}],"version-history":[{"count":1,"href":"https:\/\/www.lifescienceart.com\/tr\/wp-json\/wp\/v2\/posts\/13535\/revisions"}],"predecessor-version":[{"id":13536,"href":"https:\/\/www.lifescienceart.com\/tr\/wp-json\/wp\/v2\/posts\/13535\/revisions\/13536"}],"wp:attachment":[{"href":"https:\/\/www.lifescienceart.com\/tr\/wp-json\/wp\/v2\/media?parent=13535"}],"wp:term":[{"taxonomy":"category","embeddable":true,"href":"https:\/\/www.lifescienceart.com\/tr\/wp-json\/wp\/v2\/categories?post=13535"},{"taxonomy":"post_tag","embeddable":true,"href":"https:\/\/www.lifescienceart.com\/tr\/wp-json\/wp\/v2\/tags?post=13535"}],"curies":[{"name":"wp","href":"https:\/\/api.w.org\/{rel}","templated":true}]}}