{"id":13719,"date":"2022-08-29T15:38:21","date_gmt":"2022-08-29T15:38:21","guid":{"rendered":"https:\/\/www.lifescienceart.com\/?p=13719"},"modified":"2022-08-29T15:38:21","modified_gmt":"2022-08-29T15:38:21","slug":"human-intelligence-decline","status":"publish","type":"post","link":"https:\/\/www.lifescienceart.com\/tr\/science\/cognitive-science\/human-intelligence-decline\/","title":{"rendered":"\u0130nsanlar Zihinsel ve Duygusal Olarak Daha Aptal m\u0131 Oluyor?"},"content":{"rendered":"<h2 class=\"wp-block-heading\">\u0130nsanlar Zihinsel ve Duygusal Olarak Daha Aptal m\u0131 Oluyor?<\/h2>\n\n<p>Evrim tarihsel olarak insanlarda zekay\u0131 ve duygusal karma\u015f\u0131kl\u0131\u011f\u0131 desteklemi\u015ftir, ancak ara\u015ft\u0131rmac\u0131lar art\u0131k bu se\u00e7ici bask\u0131n\u0131n azald\u0131\u011f\u0131n\u0131 ve bu hayati bili\u015fsel yeteneklerde bir d\u00fc\u015f\u00fc\u015fe yol a\u00e7abilece\u011fini savunuyorlar.<\/p>\n\n<h3 class=\"wp-block-heading\">Zekan\u0131n Genetik Temeli<\/h3>\n\n<p>Entelekt\u00fcel ve duygusal kapasitelerimiz b\u00fcy\u00fck \u00f6l\u00e7\u00fcde karma\u015f\u0131k bir gen a\u011f\u0131 taraf\u0131ndan belirlenir. Ancak bu genler, bili\u015fsel i\u015flevi bozabilecek mutasyonlara kar\u015f\u0131 hassast\u0131r.<\/p>\n\n<p>Ge\u00e7mi\u015fte, avc\u0131-toplay\u0131c\u0131 atalar\u0131m\u0131z, zorlu ortamlarda hayatta kalmak ve tehlikeli avlar\u0131 alt etmek i\u00e7in b\u00fcy\u00fck \u00f6l\u00e7\u00fcde zekalar\u0131na g\u00fcveniyorlard\u0131. Bu se\u00e7ici bask\u0131, \u00fcst\u00fcn bili\u015fsel yeteneklere sahip bireyleri destekledi.<\/p>\n\n<h3 class=\"wp-block-heading\">Toplumun Etkisi<\/h3>\n\n<p>\u0130nsanlar tar\u0131ma ve kentle\u015fmeye ge\u00e7tik\u00e7e, entelekt\u00fcel engellilerle ili\u015fkili mutasyonlar\u0131 ortadan kald\u0131rma konusundaki evrimsel d\u00fcrt\u00fc zay\u0131flad\u0131. Modern toplum, bol miktarda kaynak ve teknolojik kolayl\u0131klarla, g\u00fcnl\u00fck ya\u015famda y\u00fcksek d\u00fczeyde zekaya olan ihtiyac\u0131 daha da azaltt\u0131.<\/p>\n\n<p>Ara\u015ft\u0131rmac\u0131lar, son 3.000 y\u0131lda insanlar\u0131n, entelekt\u00fcel kapasitelerimizi azaltan birka\u00e7 mutasyon biriktirdiklerini tahmin ediyor.<\/p>\n\n<h3 class=\"wp-block-heading\">Teknolojinin Rol\u00fc<\/h3>\n\n<p>Zekam\u0131z azal\u0131yor olsa da teknoloji h\u0131zla ilerliyor. Ara\u015ft\u0131rmac\u0131lar, gelecekteki teknolojilerin sonunda bili\u015fsel i\u015flevi tehlikeye atan genetik mutasyonlar\u0131 belirlememize ve d\u00fczeltmemize olanak sa\u011flayaca\u011f\u0131na inan\u0131yor.<\/p>\n\n<p>Bu teknolojik at\u0131l\u0131m, insan zekas\u0131ndaki d\u00fc\u015f\u00fc\u015f\u00fc potansiyel olarak durdurabilir veya hatta tersine \u00e7evirebilir.<\/p>\n\n<h3 class=\"wp-block-heading\">Zekam\u0131z\u0131 Ak\u0131ll\u0131ca Kullanman\u0131n \u00d6nemi<\/h3>\n\n<p>Bu t\u00fcr teknolojiler mevcut olana kadar, kalan entelekt\u00fcel kapasitemizden en iyi \u015fekilde yararlanmam\u0131z \u00e7ok \u00f6nemli. Toplumumuzun kar\u015f\u0131 kar\u015f\u0131ya oldu\u011fu zorluklar\u0131 ele almak i\u00e7in e\u011fitime, ara\u015ft\u0131rmaya ve yenili\u011fe yat\u0131r\u0131m yapmam\u0131z gerekiyor.<\/p>\n\n<p>Ayr\u0131ca, eylemlerimizin gelecek nesiller \u00fczerindeki potansiyel etkisinin de fark\u0131nda olmal\u0131y\u0131z. Zekan\u0131n genetik temelini ve toplumun onu \u015fekillendirmedeki rol\u00fcn\u00fc anlayarak, bili\u015fsel yeteneklerimizi uzun vadede korumak ve geli\u015ftirmek i\u00e7in ad\u0131mlar atabiliriz.<\/p>\n\n<h3 class=\"wp-block-heading\">Ek Hususlar<\/h3>\n\n<ul class=\"wp-block-list\">\n<li><strong>Ak\u0131ll\u0131 Uzayl\u0131 Ya\u015fam Olas\u0131l\u0131\u011f\u0131n\u0131 Hesaplama:<\/strong> \u0130nsan zekas\u0131 azal\u0131yorsa, bu D\u00fcnya d\u0131\u015f\u0131 ak\u0131ll\u0131 ya\u015fam bulma olas\u0131l\u0131\u011f\u0131n\u0131 art\u0131r\u0131yor mu yoksa azalt\u0131yor mu?<\/li>\n<li><strong>Ak\u0131ll\u0131 Tasar\u0131m:<\/strong> Baz\u0131lar\u0131, insan zekas\u0131n\u0131n karma\u015f\u0131kl\u0131\u011f\u0131n\u0131n daha y\u00fcksek bir g\u00fcce veya ak\u0131ll\u0131 bir tasar\u0131mc\u0131ya i\u015faret etti\u011fini savunuyor. Genetik mutasyonlar teorisi bu inanca nas\u0131l meydan okuyor veya onu destekliyor?<\/li>\n<li><strong>E\u011fitimin Gelece\u011fi:<\/strong> Teknoloji ilerledik\u00e7e ve zeka anlay\u0131\u015f\u0131m\u0131z geli\u015ftik\u00e7e, gelecek nesilleri h\u0131zla de\u011fi\u015fen bir d\u00fcnyaya haz\u0131rlamak i\u00e7in e\u011fitim sistemlerimizde hangi de\u011fi\u015fiklikler gerekecek?<\/li>\n<\/ul>","protected":false},"excerpt":{"rendered":"<p>\u0130nsanlar Zihinsel ve Duygusal Olarak Daha Aptal m\u0131 Oluyor? Evrim tarihsel olarak insanlarda zekay\u0131 ve duygusal karma\u015f\u0131kl\u0131\u011f\u0131 desteklemi\u015ftir, ancak ara\u015ft\u0131rmac\u0131lar art\u0131k bu se\u00e7ici bask\u0131n\u0131n azald\u0131\u011f\u0131n\u0131 ve bu hayati bili\u015fsel yeteneklerde&hellip;<\/p>\n","protected":false},"author":1,"featured_media":0,"comment_status":"closed","ping_status":"closed","sticky":false,"template":"","format":"standard","meta":{"footnotes":""},"categories":[1222],"tags":[2097,136,188,497,2098,1048],"class_list":["post-13719","post","type-post","status-publish","format-standard","hentry","category-cognitive-science","tag-cognitive-abilities","tag-evolution","tag-genetics","tag-technology","tag-society","tag-intelligence"],"_links":{"self":[{"href":"https:\/\/www.lifescienceart.com\/tr\/wp-json\/wp\/v2\/posts\/13719","targetHints":{"allow":["GET"]}}],"collection":[{"href":"https:\/\/www.lifescienceart.com\/tr\/wp-json\/wp\/v2\/posts"}],"about":[{"href":"https:\/\/www.lifescienceart.com\/tr\/wp-json\/wp\/v2\/types\/post"}],"author":[{"embeddable":true,"href":"https:\/\/www.lifescienceart.com\/tr\/wp-json\/wp\/v2\/users\/1"}],"replies":[{"embeddable":true,"href":"https:\/\/www.lifescienceart.com\/tr\/wp-json\/wp\/v2\/comments?post=13719"}],"version-history":[{"count":1,"href":"https:\/\/www.lifescienceart.com\/tr\/wp-json\/wp\/v2\/posts\/13719\/revisions"}],"predecessor-version":[{"id":13720,"href":"https:\/\/www.lifescienceart.com\/tr\/wp-json\/wp\/v2\/posts\/13719\/revisions\/13720"}],"wp:attachment":[{"href":"https:\/\/www.lifescienceart.com\/tr\/wp-json\/wp\/v2\/media?parent=13719"}],"wp:term":[{"taxonomy":"category","embeddable":true,"href":"https:\/\/www.lifescienceart.com\/tr\/wp-json\/wp\/v2\/categories?post=13719"},{"taxonomy":"post_tag","embeddable":true,"href":"https:\/\/www.lifescienceart.com\/tr\/wp-json\/wp\/v2\/tags?post=13719"}],"curies":[{"name":"wp","href":"https:\/\/api.w.org\/{rel}","templated":true}]}}