{"id":13943,"date":"2020-03-18T15:10:04","date_gmt":"2020-03-18T15:10:04","guid":{"rendered":"https:\/\/www.lifescienceart.com\/?p=13943"},"modified":"2020-03-18T15:10:04","modified_gmt":"2020-03-18T15:10:04","slug":"urban-design-key-factor-protest-movements","status":"publish","type":"post","link":"https:\/\/www.lifescienceart.com\/tr\/life\/social-issues\/urban-design-key-factor-protest-movements\/","title":{"rendered":"Kentsel Tasar\u0131m: Protesto Hareketlerinde Kilit Bir Fakt\u00f6r"},"content":{"rendered":"<h2 class=\"wp-block-heading\">Kentsel Tasar\u0131m: Protesto Hareketlerinde Kilit Bir Fakt\u00f6r<\/h2>\n\n<h2 class=\"wp-block-heading\">Kentsel Tasar\u0131m\u0131n Etkisi<\/h2>\n\n<p>Kentlerin d\u00fczeni ve tasar\u0131m\u0131, vatanda\u015flar\u0131n protesto edip seslerini duyurabilme kabiliyetini \u00f6nemli \u00f6l\u00e7\u00fcde etkileyebilir. Bunun nedeni kentsel tasar\u0131m\u0131n eri\u015filebilirlik, g\u00f6r\u00fcn\u00fcrl\u00fck ve g\u00fcvenlik gibi fakt\u00f6rleri etkileyebilmesidir.<\/p>\n\n<p>Atina, Yunanistan gibi protesto dostu tasar\u0131mlara sahip kentlerde, protestocular geni\u015f bulvarlara ve kalabal\u0131klar i\u00e7in yeterli alan sa\u011flayan geni\u015f meydanlara eri\u015febilirler. Bu, onlar\u0131n \u00f6rg\u00fctlenmelerini, y\u00fcr\u00fcy\u00fc\u015f yapmalar\u0131n\u0131 ve halk taraf\u0131ndan g\u00f6r\u00fclmelerini ve duyulmalar\u0131n\u0131 kolayla\u015ft\u0131r\u0131r.<\/p>\n\n<p>Buna kar\u015f\u0131n Los Angeles, Kaliforniya gibi protesto dostu olmayan tasar\u0131mlara sahip kentler, protestocular\u0131n etkin bir \u015fekilde bir araya gelmesini ve g\u00f6steri yapmalar\u0131n\u0131 zorla\u015ft\u0131rabilir. Bunun nedeni, bu kentlerin genellikle merkezi toplanma noktalar\u0131ndan yoksun olmas\u0131 ve protestocular\u0131n hedeflerine ula\u015fmas\u0131n\u0131 zorla\u015ft\u0131ran da\u011f\u0131n\u0131k yerle\u015fim d\u00fczenlerine sahip olmas\u0131d\u0131r.<\/p>\n\n<h2 class=\"wp-block-heading\">Protesto Dostu Kentlerin Co\u011frafi \u00d6zellikleri<\/h2>\n\n<p>Belirli co\u011frafi \u00f6zellikler de kentleri protestolara daha yatk\u0131n veya daha az yatk\u0131n hale getirebilir. \u00d6rne\u011fin, n\u00fcfus yo\u011funlu\u011fu y\u00fcksek kentler daha fazla kamusal alana ve harekete daha az engellere sahip olma e\u011filimindedir, bu da protestocular\u0131n toplanmas\u0131n\u0131 ve hareket etmesini kolayla\u015ft\u0131r\u0131r.<\/p>\n\n<p>Kahire, M\u0131s\u0131r gibi kompakt bir yerle\u015fim d\u00fczenine sahip kentler de genellikle protesto dostu olma e\u011filimindedir, \u00e7\u00fcnk\u00fc protestocular\u0131n hedeflerine daha kolay ve h\u0131zl\u0131 bir \u015fekilde ula\u015fmalar\u0131na olanak tan\u0131rlar. Buna kar\u015f\u0131n Phoenix, Arizona gibi da\u011f\u0131n\u0131k bir yerle\u015fim d\u00fczenine sahip kentler, protestocular\u0131n \u00e7ok say\u0131da toplanmas\u0131n\u0131 zorla\u015ft\u0131rabilir.<\/p>\n\n<h2 class=\"wp-block-heading\">Kentsel Tasar\u0131m G\u00f6sterileri Nas\u0131l Kolayla\u015ft\u0131rabilir veya Zorla\u015ft\u0131rabilir<\/h2>\n\n<p>Kentsel tasar\u0131m, protestolar\u0131 hem kolayla\u015ft\u0131rmak hem de engellemek i\u00e7in kullan\u0131labilir. \u00d6rne\u011fin, kentler belirlenmi\u015f protesto b\u00f6lgeleri olu\u015fturabilir veya \u00f6zel olarak g\u00f6steriler i\u00e7in tasarlanm\u0131\u015f ba\u015fka alanlar sa\u011flayabilir. Bu, protestolar\u0131n g\u00fcvenli ve d\u00fczenli olmas\u0131n\u0131 sa\u011flamaya yard\u0131mc\u0131 olabilir.<\/p>\n\n<p>Bununla birlikte, kentler kentsel tasar\u0131m\u0131 kullanarak protestocular\u0131n toplanmas\u0131n\u0131 ve g\u00f6steri yapmas\u0131n\u0131 da zorla\u015ft\u0131rabilir. \u00d6rne\u011fin, h\u00fck\u00fcmet binalar\u0131n\u0131n veya di\u011fer hassas alanlar\u0131n etraf\u0131na bariyerler veya \u00e7itler kurabilirler. Ayr\u0131ca kamusal alanlara eri\u015fimi k\u0131s\u0131tlayabilir veya soka\u011fa \u00e7\u0131kma yasa\u011f\u0131 getirebilirler.<\/p>\n\n<h2 class=\"wp-block-heading\">Kamusal Alan K\u0131s\u0131tlamalar\u0131n\u0131n Protestolara Etkisi<\/h2>\n\n<p>Kamusal alan k\u0131s\u0131tlamalar\u0131, vatanda\u015flar\u0131n protesto etme kabiliyeti \u00fczerinde \u00f6nemli bir etkiye sahip olabilir. Bunun nedeni, kamu alan\u0131n\u0131n protestocular\u0131n toplanmas\u0131, \u00f6rg\u00fctlenmesi ve seslerini duyurmas\u0131 i\u00e7in \u00e7ok \u00f6nemli olmas\u0131d\u0131r.<\/p>\n\n<p>Kamusal alan\u0131n s\u0131n\u0131rl\u0131 veya a\u015f\u0131r\u0131 k\u0131s\u0131tl\u0131 oldu\u011fu kentlerde, protestocular\u0131n bulu\u015fup g\u00f6steri yapacaklar\u0131 bir yer bulmalar\u0131 zor olabilir. Bu, yetkililerin protestolar\u0131 da\u011f\u0131tmas\u0131n\u0131 veya bast\u0131rmas\u0131n\u0131 kolayla\u015ft\u0131rabilir.<\/p>\n\n<h2 class=\"wp-block-heading\">Kahire&#8217;deki Arap Bahar\u0131 Devrimlerinin Ba\u015far\u0131s\u0131<\/h2>\n\n<p>M\u0131s\u0131r&#8217;\u0131n Kahire kentindeki Arap Bahar\u0131 devrimlerinin ba\u015far\u0131s\u0131, k\u0131smen kentin nispeten k\u00fc\u00e7\u00fck boyutu ve y\u00fcksek n\u00fcfus yo\u011funlu\u011funa ba\u011flanabilir. Bu, protestocular\u0131n \u00e7ok say\u0131da toplanmas\u0131n\u0131 ve hedeflerine h\u0131zl\u0131 ve kolay bir \u015fekilde ula\u015fmalar\u0131n\u0131 kolayla\u015ft\u0131rd\u0131.<\/p>\n\n<p>B\u00fcy\u00fck bir merkezi meydan olan Tahrir Meydan\u0131&#8217;n\u0131n varl\u0131\u011f\u0131 da protestolar\u0131n ba\u015far\u0131s\u0131nda \u00f6nemli bir rol oynad\u0131. Meydan, protestocular i\u00e7in bir odak noktas\u0131 sa\u011flad\u0131 ve g\u00fcvenlik g\u00fc\u00e7leri taraf\u0131ndan da\u011f\u0131t\u0131lmadan \u00e7ok say\u0131da toplanmalar\u0131na olanak tan\u0131d\u0131.<\/p>\n\n<h2 class=\"wp-block-heading\">Protesto Etkinli\u011finde Kent Topografyas\u0131n\u0131n Bir Fakt\u00f6r Olarak Rol\u00fc<\/h2>\n\n<p>Bir kentin topografyas\u0131 da protestolar\u0131n etkinli\u011fini etkileyebilir. \u00d6rne\u011fin, dik yoku\u015flar\u0131 veya dar sokaklar\u0131 olan kentler, protestocular\u0131n hareket etmesini ve \u00e7ok say\u0131da toplanmas\u0131n\u0131 zorla\u015ft\u0131rabilir.<\/p>\n\n<p>Buna kar\u015f\u0131n d\u00fcz arazilere ve geni\u015f sokaklara sahip kentler, protestocular\u0131n toplanmas\u0131n\u0131 ve y\u00fcr\u00fcy\u00fc\u015f yapmas\u0131n\u0131 kolayla\u015ft\u0131rabilir. Bu, g\u00f6sterilerinin g\u00f6r\u00fcn\u00fcrl\u00fc\u011f\u00fcn\u00fc ve etkisini art\u0131rabilir.<\/p>\n\n<h2 class=\"wp-block-heading\">Kentsel Tasar\u0131mla Protestoya Dayan\u0131kl\u0131 Kentler<\/h2>\n\n<p>Baz\u0131 kentler, kentsel tasar\u0131m yoluyla kendilerini protestoya daha dayan\u0131kl\u0131 hale getirmek i\u00e7in ad\u0131mlar atm\u0131\u015ft\u0131r. \u00d6rne\u011fin, h\u00fck\u00fcmet binalar\u0131n\u0131n veya di\u011fer hassas alanlar\u0131n etraf\u0131na bariyerler veya \u00e7itler kurmu\u015flard\u0131r. Ayr\u0131ca kamusal alanlara eri\u015fimi k\u0131s\u0131tlam\u0131\u015f veya soka\u011fa \u00e7\u0131kma yasa\u011f\u0131 getirmi\u015flerdir.<\/p>\n\n<p>Ancak bu \u00f6nlemler tart\u0131\u015fmal\u0131 olabilir ve protestolar\u0131 \u00f6nlemede her zaman etkili olmayabilir. Baz\u0131 durumlarda, protestocular\u0131n toplanma \u00f6zg\u00fcrl\u00fcklerini kullanmalar\u0131n\u0131 daha da zorla\u015ft\u0131rabilirler.<\/p>\n\n<h2 class=\"wp-block-heading\">Geleneksel Toplanma Noktalar\u0131n\u0131n Topluluklar\u0131 Engelleyecek \u015eekilde D\u00f6n\u00fc\u015ft\u00fcr\u00fclmesi<\/h2>\n\n<p>Son y\u0131llarda, bir\u00e7ok kent protestocular\u0131n b\u00fcy\u00fck kalabal\u0131klar halinde toplanmas\u0131n\u0131 zorla\u015ft\u0131rmak i\u00e7in geleneksel toplanma noktalar\u0131n\u0131 d\u00f6n\u00fc\u015ft\u00fcrd\u00fc. \u00d6rne\u011fin, bu alanlar\u0131n etraf\u0131na bariyerler veya \u00e7itler kurdular veya bu alanlara eri\u015fimi k\u0131s\u0131tlad\u0131lar.<\/p>\n\n<p>Bu, protestocular\u0131n bu alanlarda \u00f6rg\u00fctlenmelerini ve g\u00f6steri yapmalar\u0131n\u0131 zorla\u015ft\u0131rd\u0131. Ancak bu, protestolar\u0131n olmas\u0131n\u0131 engellemedi. Protestocular seslerini duyurmak i\u00e7in ba\u015fka yollar buldular.<\/p>\n\n<h2 class=\"wp-block-heading\">Protesto Hareketlerinde G\u00f6r\u00fcn\u00fcrl\u00fc\u011f\u00fcn \u00d6nemi<\/h2>\n\n<p>Protesto hareketlerinde g\u00f6r\u00fcn\u00fcrl\u00fck \u00e7ok \u00f6nemlidir. Bunun nedeni, protestocular\u0131n halk taraf\u0131ndan ve karar vericiler taraf\u0131ndan g\u00f6r\u00fclmelerine ve duyulmalar\u0131na olanak tan\u0131mas\u0131d\u0131r.<\/p>\n\n<p>Protestocular, sokaklarda y\u00fcr\u00fcmek, kamu alanlar\u0131nda mitingler d\u00fczenlemek ve mesajlar\u0131n\u0131 yaymak i\u00e7in sosyal medya kullanmak gibi \u00e7e\u015fitli taktikler kullanarak g\u00f6r\u00fcn\u00fcrl\u00fcklerini art\u0131rabilirler.<\/p>\n\n<h2 class=\"wp-block-heading\">Protestolar \u0130\u00e7in Yeni Sembolik Alanlar\u0131n Ortaya \u00c7\u0131k\u0131\u015f\u0131<\/h2>\n\n<p>Son y\u0131llarda, protestocular yeni sembolik alanlarda toplanmaya ba\u015flad\u0131. \u00d6rne\u011fin, Minnesota, Minneapolis&#8217;te protestocular, George Floyd&#8217;un \u00f6ld\u00fcr\u00fcld\u00fc\u011f\u00fc yerin yak\u0131n\u0131nda s\u0131k s\u0131k topland\u0131lar.<\/p>\n\n<p>Bu yeni sembolik alanlar, protestoculara g\u00f6sterileri i\u00e7in bir odak noktas\u0131 sa\u011flar ve g\u00f6r\u00fcn\u00fcrl\u00fcklerini art\u0131rmaya yard\u0131mc\u0131 olur.<\/p>\n\n<h2 class=\"wp-block-heading\">Protestolar da Kamu Alan\u0131n\u0131n Yeniden Canlanmas\u0131 Rol\u00fc<\/h2>\n\n<p>On y\u0131llard\u0131r s\u00fcren d\u00fc\u015f\u00fc\u015f\u00fcn ard\u0131ndan, kamusal alan bir kez daha protesto hareketlerinde hayati bir rol oynamaktad\u0131r. Bunun nedeni, kamusal alan\u0131n vatanda\u015flar\u0131n toplanmas\u0131, \u00f6rg\u00fctlenmesi ve seslerini duyurmas\u0131 i\u00e7in bir yer sa\u011flamas\u0131d\u0131r.<\/p>\n\n<p>Pandemi ve bunu takiben uygulanan karantinalar, kamusal alan\u0131n \u00f6nemini sadece g\u00fc\u00e7lendirmi\u015ftir. \u0130nsanlar art\u0131k bir araya gelip birbiriyle ba\u011flant\u0131 kurabilecekleri yerlere duyulan ihtiyac\u0131n her zamankinden daha fazla oldu\u011funun fark\u0131ndalar.<\/p>\n\n<p>Sonu\u00e7 olarak, kamusal alan \u00f6n\u00fcm\u00fczdeki y\u0131llarda da protesto hareketlerinde kilit bir rol oynamaya devam edecektir.<\/p>","protected":false},"excerpt":{"rendered":"<p>Kentsel Tasar\u0131m: Protesto Hareketlerinde Kilit Bir Fakt\u00f6r Kentsel Tasar\u0131m\u0131n Etkisi Kentlerin d\u00fczeni ve tasar\u0131m\u0131, vatanda\u015flar\u0131n protesto edip seslerini duyurabilme kabiliyetini \u00f6nemli \u00f6l\u00e7\u00fcde etkileyebilir. Bunun nedeni kentsel tasar\u0131m\u0131n eri\u015filebilirlik, g\u00f6r\u00fcn\u00fcrl\u00fck ve&hellip;<\/p>\n","protected":false},"author":1,"featured_media":0,"comment_status":"closed","ping_status":"closed","sticky":false,"template":"","format":"standard","meta":{"footnotes":""},"categories":[921],"tags":[1368,18765,18764,495,7412],"class_list":["post-13943","post","type-post","status-publish","format-standard","hentry","category-social-issues","tag-activism","tag-public-space","tag-protest-movements","tag-urban-design","tag-city-planning"],"_links":{"self":[{"href":"https:\/\/www.lifescienceart.com\/tr\/wp-json\/wp\/v2\/posts\/13943","targetHints":{"allow":["GET"]}}],"collection":[{"href":"https:\/\/www.lifescienceart.com\/tr\/wp-json\/wp\/v2\/posts"}],"about":[{"href":"https:\/\/www.lifescienceart.com\/tr\/wp-json\/wp\/v2\/types\/post"}],"author":[{"embeddable":true,"href":"https:\/\/www.lifescienceart.com\/tr\/wp-json\/wp\/v2\/users\/1"}],"replies":[{"embeddable":true,"href":"https:\/\/www.lifescienceart.com\/tr\/wp-json\/wp\/v2\/comments?post=13943"}],"version-history":[{"count":1,"href":"https:\/\/www.lifescienceart.com\/tr\/wp-json\/wp\/v2\/posts\/13943\/revisions"}],"predecessor-version":[{"id":13944,"href":"https:\/\/www.lifescienceart.com\/tr\/wp-json\/wp\/v2\/posts\/13943\/revisions\/13944"}],"wp:attachment":[{"href":"https:\/\/www.lifescienceart.com\/tr\/wp-json\/wp\/v2\/media?parent=13943"}],"wp:term":[{"taxonomy":"category","embeddable":true,"href":"https:\/\/www.lifescienceart.com\/tr\/wp-json\/wp\/v2\/categories?post=13943"},{"taxonomy":"post_tag","embeddable":true,"href":"https:\/\/www.lifescienceart.com\/tr\/wp-json\/wp\/v2\/tags?post=13943"}],"curies":[{"name":"wp","href":"https:\/\/api.w.org\/{rel}","templated":true}]}}