{"id":14686,"date":"2020-06-26T01:45:22","date_gmt":"2020-06-26T01:45:22","guid":{"rendered":"https:\/\/www.lifescienceart.com\/?p=14686"},"modified":"2020-06-26T01:45:22","modified_gmt":"2020-06-26T01:45:22","slug":"covid-19-impact-cultural-world","status":"publish","type":"post","link":"https:\/\/www.lifescienceart.com\/tr\/art\/cultural-impact\/covid-19-impact-cultural-world\/","title":{"rendered":"COVID-19&#8217;un K\u00fclt\u00fcr D\u00fcnyas\u0131na Etkisi: Kapanmalar, \u0130ptaller ve Yenilikler"},"content":{"rendered":"<h2 class=\"wp-block-heading\">COVID-19&#8217;un K\u00fclt\u00fcr D\u00fcnyas\u0131na Etkisi<\/h2>\n\n<h2 class=\"wp-block-heading\">M\u00fczelerin Kapat\u0131lmas\u0131 ve Sanal Sergiler<\/h2>\n\n<p>COVID-19 salg\u0131n\u0131 yay\u0131ld\u0131k\u00e7a, d\u00fcnya genelindeki m\u00fczeler halk sa\u011fl\u0131\u011f\u0131n\u0131 korumak amac\u0131yla kap\u0131lar\u0131n\u0131 kapatmak zorunda kald\u0131. Buna kar\u015f\u0131l\u0131k olarak pek \u00e7ok kurum, koleksiyonlar\u0131n\u0131 halka a\u00e7\u0131k tutmak i\u00e7in dijital teknolojilere y\u00f6neldi.<\/p>\n\n<p>\u00c7in Ulusal K\u00fclt\u00fcrel Miras \u0130daresi, kapat\u0131lan m\u00fczelerden gelen eser ve sanat eserlerini sergileyen 100&#8217;den fazla \u00e7evrimi\u00e7i sergi ba\u015flatt\u0131. Paris&#8217;teki Louvre M\u00fczesi ve New York \u015fehrindeki Metropolitan Sanat M\u00fczesi, sanal turlar ve etkile\u015fimli deneyimler sunan m\u00fczelerden sadece birka\u00e7\u0131.<\/p>\n\n<h2 class=\"wp-block-heading\">Etkinlik \u0130ptalleri ve Ertelemeler<\/h2>\n\n<p>Vir\u00fcs hakk\u0131ndaki endi\u015feler nedeniyle b\u00fcy\u00fck etkinlikler ve festivaller de iptal edildi veya ertelendi. South by Southwest, Coachella ve Stagecoach, etkilenen y\u00fcksek profilli etkinliklerden sadece birka\u00e7\u0131.<\/p>\n\n<p>G\u00f6steri sanatlar\u0131 alan\u0131nda, Broadway tiyatrolar\u0131 kapat\u0131ld\u0131 ve Billie Eilish ve Mariah Carey gibi pop\u00fcler sanat\u00e7\u0131lar\u0131n konserleri ertelendi veya iptal edildi. Film galalar\u0131 ve konferanslar da etkilendi.<\/p>\n\n<h2 class=\"wp-block-heading\">K\u00fclt\u00fcrel Kurumlar i\u00e7in Finansal Sonu\u00e7lar<\/h2>\n\n<p>Kapat\u0131lmalar ve iptaller, k\u00fclt\u00fcrel kurumlar \u00fczerinde \u00f6nemli bir finansal etki yaratt\u0131. M\u00fczeler, tiyatrolar ve etkinlik mekanlar\u0131 gelir elde etmek i\u00e7in b\u00fcy\u00fck \u00f6l\u00e7\u00fcde bilet sat\u0131\u015flar\u0131na ve ba\u011f\u0131\u015flara g\u00fcveniyor. Gelir kayb\u0131, bir\u00e7ok kurulu\u015fun hayatta kalmas\u0131n\u0131 tehdit ediyor.<\/p>\n\n<h2 class=\"wp-block-heading\">K\u00fclt\u00fcr D\u00fcnyas\u0131 \u00dczerindeki Uzun Vadeli Etkiler<\/h2>\n\n<p>COVID-19&#8217;un k\u00fclt\u00fcr d\u00fcnyas\u0131 \u00fczerindeki uzun vadeli etkileri hen\u00fcz bilinmiyor. Bununla birlikte uzmanlar, salg\u0131n\u0131n kat\u0131l\u0131m, fonlama ve k\u00fclt\u00fcrel kurulu\u015flar\u0131n s\u00fcrd\u00fcr\u00fclebilirli\u011fi \u00fczerinde kal\u0131c\u0131 bir etki yaratabilece\u011finden endi\u015fe ediyor.<\/p>\n\n<h2 class=\"wp-block-heading\">Kitlelerle Etkile\u015fime Ge\u00e7menin Yarat\u0131c\u0131 Yollar\u0131<\/h2>\n\n<p>Zorluklara ra\u011fmen k\u00fclt\u00fcrel kurumlar, salg\u0131n s\u0131ras\u0131nda kitlelerle etkile\u015fim kurman\u0131n yarat\u0131c\u0131 yollar\u0131n\u0131 buluyor. M\u00fczeler sanal at\u00f6lye \u00e7al\u0131\u015fmalar\u0131 ve e\u011fitim programlar\u0131 sunuyor. Tiyatrolar g\u00f6sterileri \u00e7evrimi\u00e7i olarak yay\u0131nl\u0131yor. Sanat\u00e7\u0131lar \u00e7al\u0131\u015fmalar\u0131n\u0131 payla\u015fmak ve hayranlar\u0131yla ba\u011flant\u0131 kurmak i\u00e7in sosyal medyay\u0131 kullan\u0131yor.<\/p>\n\n<h2 class=\"wp-block-heading\">Halk Sa\u011fl\u0131\u011f\u0131 ve G\u00fcvenli\u011finin \u00d6nemi<\/h2>\n\n<p>Kapat\u0131lmalar ve iptaller hayal k\u0131r\u0131kl\u0131\u011f\u0131 yaratsa da halk sa\u011fl\u0131\u011f\u0131n\u0131 ve g\u00fcvenli\u011fini korumak i\u00e7in gereklidir. K\u00fclt\u00fcr d\u00fcnyas\u0131 sonunda salg\u0131ndan kurtulacak, ancak bu zor zamanda toplumun sa\u011fl\u0131\u011f\u0131na ve esenli\u011fine \u00f6ncelik vermek \u00e7ok \u00f6nemli.<\/p>\n\n<h2 class=\"wp-block-heading\">Kapat\u0131lmalar ve \u0130ptallere \u0130li\u015fkin Belirli \u00d6rnekler<\/h2>\n\n<ul class=\"wp-block-list\">\n<li>Paris&#8217;teki Louvre M\u00fczesi, Mus\u00e9e d&#8217;Orsay ve Centre Pompidou, yeni bir duyuruya kadar kapal\u0131.<\/li>\n<li>Floransa&#8217;daki Uffizi Galerisi, Roma&#8217;daki Vatikan M\u00fczeleri ve Kolezyum salg\u0131n nedeniyle kapat\u0131ld\u0131.<\/li>\n<li>Six&#8217;in planlanan a\u00e7\u0131l\u0131\u015f\u0131 da dahil olmak \u00fczere Broadway g\u00f6sterileri en erken 12 Nisan&#8217;a kadar ask\u0131ya al\u0131nd\u0131.<\/li>\n<li>Coachella ve Stagecoach m\u00fczik festivalleri ekime ertelendi.<\/li>\n<li>New York \u015fehrindeki Metropolitan Sanat M\u00fczesi, Modern Sanat M\u00fczesi ve Whitney M\u00fczesi kap\u0131lar\u0131n\u0131 kapatt\u0131.<\/li>\n<li>Washington, D.C.&#8217;deki Smithsonian Enstit\u00fcs\u00fc&#8217;n\u00fcn 19 m\u00fczesi ve Ulusal Hayvanat Bah\u00e7esi de kapat\u0131ld\u0131.<\/li>\n<li>Mulan ve \u00d6lmek \u0130\u00e7in Zaman Yok gibi film galalar\u0131 s\u00fcresiz olarak ertelendi.<\/li>\n<\/ul>","protected":false},"excerpt":{"rendered":"<p>COVID-19&#8217;un K\u00fclt\u00fcr D\u00fcnyas\u0131na Etkisi M\u00fczelerin Kapat\u0131lmas\u0131 ve Sanal Sergiler COVID-19 salg\u0131n\u0131 yay\u0131ld\u0131k\u00e7a, d\u00fcnya genelindeki m\u00fczeler halk sa\u011fl\u0131\u011f\u0131n\u0131 korumak amac\u0131yla kap\u0131lar\u0131n\u0131 kapatmak zorunda kald\u0131. Buna kar\u015f\u0131l\u0131k olarak pek \u00e7ok kurum, koleksiyonlar\u0131n\u0131&hellip;<\/p>\n","protected":false},"author":3,"featured_media":0,"comment_status":"closed","ping_status":"","sticky":false,"template":"","format":"standard","meta":{"footnotes":""},"categories":[19695],"tags":[443,19693,3809,846,19694,19692,1338],"class_list":["post-14686","post","type-post","status-publish","format-standard","hentry","category-cultural-impact","tag-covid-19","tag-event-cancellations","tag-cultural-impact","tag-long-term-effects","tag-financial-repercussions","tag-museum-closures","tag-virtual-exhibitions"],"_links":{"self":[{"href":"https:\/\/www.lifescienceart.com\/tr\/wp-json\/wp\/v2\/posts\/14686","targetHints":{"allow":["GET"]}}],"collection":[{"href":"https:\/\/www.lifescienceart.com\/tr\/wp-json\/wp\/v2\/posts"}],"about":[{"href":"https:\/\/www.lifescienceart.com\/tr\/wp-json\/wp\/v2\/types\/post"}],"author":[{"embeddable":true,"href":"https:\/\/www.lifescienceart.com\/tr\/wp-json\/wp\/v2\/users\/3"}],"replies":[{"embeddable":true,"href":"https:\/\/www.lifescienceart.com\/tr\/wp-json\/wp\/v2\/comments?post=14686"}],"version-history":[{"count":1,"href":"https:\/\/www.lifescienceart.com\/tr\/wp-json\/wp\/v2\/posts\/14686\/revisions"}],"predecessor-version":[{"id":14687,"href":"https:\/\/www.lifescienceart.com\/tr\/wp-json\/wp\/v2\/posts\/14686\/revisions\/14687"}],"wp:attachment":[{"href":"https:\/\/www.lifescienceart.com\/tr\/wp-json\/wp\/v2\/media?parent=14686"}],"wp:term":[{"taxonomy":"category","embeddable":true,"href":"https:\/\/www.lifescienceart.com\/tr\/wp-json\/wp\/v2\/categories?post=14686"},{"taxonomy":"post_tag","embeddable":true,"href":"https:\/\/www.lifescienceart.com\/tr\/wp-json\/wp\/v2\/tags?post=14686"}],"curies":[{"name":"wp","href":"https:\/\/api.w.org\/{rel}","templated":true}]}}