{"id":15160,"date":"2020-12-29T22:07:47","date_gmt":"2020-12-29T22:07:47","guid":{"rendered":"https:\/\/www.lifescienceart.com\/?p=15160"},"modified":"2020-12-29T22:07:47","modified_gmt":"2020-12-29T22:07:47","slug":"printed-graphene-supercapacitors-power-wearable-technology","status":"publish","type":"post","link":"https:\/\/www.lifescienceart.com\/tr\/science\/materials-science\/printed-graphene-supercapacitors-power-wearable-technology\/","title":{"rendered":"Bas\u0131l\u0131 Grafen: Giyilebilir Teknolojide Devrim"},"content":{"rendered":"<h2 class=\"wp-block-heading\">Bas\u0131l\u0131 Grafen: Giyilebilir Teknolojinin Gelece\u011fi<\/h2>\n\n<h2 class=\"wp-block-heading\">Giri\u015f<\/h2>\n\n<p>K\u0131yafetlerinizin cihazlar\u0131n\u0131z\u0131 \u015farj edebildi\u011fi ve sa\u011fl\u0131\u011f\u0131n\u0131z\u0131 izleyebildi\u011fi bir d\u00fcnya hayal edin. Bu f\u00fct\u00fcristik vizyon, tekstillere do\u011frudan bas\u0131lan grafen s\u00fcperkapasit\u00f6rler sayesinde yak\u0131nda ger\u00e7e\u011fe d\u00f6n\u00fc\u015febilir.<\/p>\n\n<h2 class=\"wp-block-heading\">Grafen S\u00fcperkapasit\u00f6rleri Nedir?<\/h2>\n\n<p>Grafen s\u00fcperkapasit\u00f6rleri, iki boyutlu bir karbon atomu \u00f6rg\u00fcs\u00fc olan grafenden yap\u0131lm\u0131\u015f, esnek, pil benzeri cihazlard\u0131r. Geleneksel pillerden farkl\u0131 olarak s\u00fcperkapasit\u00f6rler, enerjiyi statik y\u00fck yoluyla y\u00fczeylerinde depolar. Bu, saniyeler yerine saatler i\u00e7inde son derece h\u0131zl\u0131 \u015farj olmalar\u0131n\u0131 ve milyonlarca \u015farj d\u00f6ng\u00fcs\u00fcnden sonra bile enerji depolama kapasitelerini korumalar\u0131n\u0131 sa\u011flar.<\/p>\n\n<h2 class=\"wp-block-heading\">Tekstillere Bas\u0131ld\u0131<\/h2>\n\n<p>Ara\u015ft\u0131rmac\u0131lar, grafen s\u00fcperkapasit\u00f6rlerini serigrafi y\u00f6ntemi kullanarak do\u011frudan tekstillere basmak i\u00e7in bir teknik geli\u015ftirdiler. Bu i\u015flem, s\u00fcperkapasit\u00f6rlerin \u015farj etme yeteneklerine zarar vermeden giyilebilen, esneyebilen ve hatta y\u0131kanabilen esnek, iletken kuma\u015flar olu\u015fturur.<\/p>\n\n<h2 class=\"wp-block-heading\">Giyilebilir Teknolojideki Uygulamalar<\/h2>\n\n<p>Tekstillere bas\u0131lm\u0131\u015f grafen s\u00fcperkapasit\u00f6rlerinin giyilebilir teknolojideki potansiyel uygulamalar\u0131 \u00e7ok geni\u015ftir. Bunlar \u015funlar\u0131 sa\u011flayabilir:<\/p>\n\n<ul class=\"wp-block-list\">\n<li>Giyilebilir kalp monit\u00f6rleri<\/li>\n<li>S\u0131cakl\u0131k sens\u00f6rleri<\/li>\n<li>Uyku ve beyin aktivitesini izlemek i\u00e7in EEG sens\u00f6rleri<\/li>\n<li>Cep telefonlar\u0131n\u0131 \u015farj eden giysiler<\/li>\n<li>Giyilebilir bilgisayarlar<\/li>\n<li>S\u0131cakl\u0131\u011f\u0131 dengeleyen ceketler<\/li>\n<\/ul>\n\n<h2 class=\"wp-block-heading\">Grafen S\u00fcperkapasit\u00f6rlerinin Avantajlar\u0131<\/h2>\n\n<p>Grafen s\u00fcperkapasit\u00f6rleri, giyilebilir uygulamalar i\u00e7in geleneksel pillere g\u00f6re \u00e7e\u015fitli avantajlar sunar:<\/p>\n\n<ul class=\"wp-block-list\">\n<li><strong>Esneklik:<\/strong> Tekstil gibi esnek y\u00fczeylere bas\u0131labilirler ve v\u00fccutla birlikte hareket etmelerini sa\u011flarlar.<\/li>\n<li><strong>H\u0131zl\u0131 \u015farj:<\/strong> Saniye i\u00e7inde \u015farj olabilirler ve s\u0131k \u015farj kesintilerine gerek kalmaz.<\/li>\n<li><strong>Dayan\u0131kl\u0131l\u0131k:<\/strong> Milyonlarca \u015farj d\u00f6ng\u00fcs\u00fcnden sonra bile enerji depolama kapasitelerini korurlar.<\/li>\n<li><strong>\u00c7evre dostu:<\/strong> Grafen, nispeten \u00e7evre dostu bir malzemedir.<\/li>\n<\/ul>\n\n<h2 class=\"wp-block-heading\">Zorluklar ve Gelecekteki Geli\u015fmeler<\/h2>\n\n<p>Grafen s\u00fcperkapasit\u00f6rler \u00e7ok umut verici olsa da, \u00fcstesinden gelinmesi gereken baz\u0131 zorluklar vard\u0131r.<\/p>\n\n<ul class=\"wp-block-list\">\n<li><strong>\u00d6l\u00e7eklenebilirlik:<\/strong> Y\u00fcksek kaliteli grafenin b\u00fcy\u00fck miktarlarda \u00fcretimi hala pahal\u0131 ve zaman al\u0131c\u0131d\u0131r.<\/li>\n<li><strong>\u0130letkenlik:<\/strong> Grafen, baz\u0131 uygulamalarda performans\u0131n\u0131 s\u0131n\u0131rlayabilecek metaller kadar iyi elektrik iletmez.<\/li>\n<\/ul>\n\n<p>Ara\u015ft\u0131rmac\u0131lar, bu zorluklar\u0131n \u00fcstesinden gelmek ve grafen s\u00fcperkapasit\u00f6rlerinin performans\u0131n\u0131 art\u0131rmak i\u00e7in aktif olarak \u00e7al\u0131\u015fmaktad\u0131r. \u00d6n\u00fcm\u00fczdeki y\u0131llarda, bu cihazlar\u0131n giyilebilir teknoloji end\u00fcstrisinde devrim yaratmas\u0131n\u0131 bekleyebiliriz.<\/p>\n\n<h2 class=\"wp-block-heading\">Giyilebilir Teknolojinin Gelece\u011fi<\/h2>\n\n<p>Bas\u0131l\u0131 grafen s\u00fcperkapasit\u00f6rleri, giyilebilir teknolojinin manzaras\u0131n\u0131 d\u00f6n\u00fc\u015ft\u00fcrmeye haz\u0131r. Geleneksel pillerin s\u0131n\u0131rlar\u0131n\u0131n \u00fcstesinden gelebilecek g\u00fc\u00e7l\u00fc ve \u00e7ok y\u00f6nl\u00fc bir enerji depolama \u00e7\u00f6z\u00fcm\u00fc sunuyorlar. Ara\u015ft\u0131rmac\u0131lar bu cihazlar\u0131 geli\u015ftirmeye ve geli\u015ftirmeye devam ettik\u00e7e, hayat\u0131m\u0131z\u0131 iyile\u015ftiren ve sa\u011fl\u0131\u011f\u0131m\u0131z\u0131 geli\u015ftiren yenilik\u00e7i giyilebilir \u00fcr\u00fcnlerin \u00e7o\u011falmas\u0131n\u0131 bekleyebiliriz.<\/p>","protected":false},"excerpt":{"rendered":"<p>Bas\u0131l\u0131 Grafen: Giyilebilir Teknolojinin Gelece\u011fi Giri\u015f K\u0131yafetlerinizin cihazlar\u0131n\u0131z\u0131 \u015farj edebildi\u011fi ve sa\u011fl\u0131\u011f\u0131n\u0131z\u0131 izleyebildi\u011fi bir d\u00fcnya hayal edin. Bu f\u00fct\u00fcristik vizyon, tekstillere do\u011frudan bas\u0131lan grafen s\u00fcperkapasit\u00f6rler sayesinde yak\u0131nda ger\u00e7e\u011fe d\u00f6n\u00fc\u015febilir. Grafen&hellip;<\/p>\n","protected":false},"author":1,"featured_media":0,"comment_status":"closed","ping_status":"","sticky":false,"template":"","format":"standard","meta":{"footnotes":""},"categories":[3681],"tags":[20231,20005,8239,16070,2404],"class_list":["post-15160","post","type-post","status-publish","format-standard","hentry","category-materials-science","tag-printed-electronics","tag-energy-storage","tag-wearable-technology","tag-graphene","tag-medical-devices"],"_links":{"self":[{"href":"https:\/\/www.lifescienceart.com\/tr\/wp-json\/wp\/v2\/posts\/15160","targetHints":{"allow":["GET"]}}],"collection":[{"href":"https:\/\/www.lifescienceart.com\/tr\/wp-json\/wp\/v2\/posts"}],"about":[{"href":"https:\/\/www.lifescienceart.com\/tr\/wp-json\/wp\/v2\/types\/post"}],"author":[{"embeddable":true,"href":"https:\/\/www.lifescienceart.com\/tr\/wp-json\/wp\/v2\/users\/1"}],"replies":[{"embeddable":true,"href":"https:\/\/www.lifescienceart.com\/tr\/wp-json\/wp\/v2\/comments?post=15160"}],"version-history":[{"count":1,"href":"https:\/\/www.lifescienceart.com\/tr\/wp-json\/wp\/v2\/posts\/15160\/revisions"}],"predecessor-version":[{"id":15161,"href":"https:\/\/www.lifescienceart.com\/tr\/wp-json\/wp\/v2\/posts\/15160\/revisions\/15161"}],"wp:attachment":[{"href":"https:\/\/www.lifescienceart.com\/tr\/wp-json\/wp\/v2\/media?parent=15160"}],"wp:term":[{"taxonomy":"category","embeddable":true,"href":"https:\/\/www.lifescienceart.com\/tr\/wp-json\/wp\/v2\/categories?post=15160"},{"taxonomy":"post_tag","embeddable":true,"href":"https:\/\/www.lifescienceart.com\/tr\/wp-json\/wp\/v2\/tags?post=15160"}],"curies":[{"name":"wp","href":"https:\/\/api.w.org\/{rel}","templated":true}]}}