{"id":15438,"date":"2020-04-23T18:54:26","date_gmt":"2020-04-23T18:54:26","guid":{"rendered":"https:\/\/www.lifescienceart.com\/?p=15438"},"modified":"2020-04-23T18:54:26","modified_gmt":"2020-04-23T18:54:26","slug":"irish-pirate-ballads-a-symbol-of-irish-nationalism","status":"publish","type":"post","link":"https:\/\/www.lifescienceart.com\/tr\/art\/music\/irish-pirate-ballads-a-symbol-of-irish-nationalism\/","title":{"rendered":"\u0130rlanda Korsan Baladlar\u0131: \u0130rlanda Milliyet\u00e7ili\u011finin \u0130fadeleri"},"content":{"rendered":"<h2 class=\"wp-block-heading\">\u0130rlanda Korsan Baladlar\u0131: \u0130rlanda Milliyet\u00e7ili\u011finin Bir Sembol\u00fc<\/h2>\n\n<h2 class=\"wp-block-heading\">Korsan Krali\u00e7e Granuaile<\/h2>\n\n<ol class=\"wp-block-list\" start=\"16\">\n<li>y\u00fczy\u0131l\u0131n \u00e7alkant\u0131l\u0131 \u0130rlanda&#8217;s\u0131nda, \u0130ngiliz y\u00f6netimi ile Gael egemenli\u011fi aras\u0131ndaki \u00e7at\u0131\u015fman\u0131n ortas\u0131nda efsanevi bir fig\u00fcr ortaya \u00e7\u0131kt\u0131: Granuaile olarak bilinen Grace O&#8217;Malley, Korsan Krali\u00e7e. \u0130ngilizlerin otoritesine meydan okuyarak bir filo gemiye komuta etti ve Galway K\u00f6rfezi&#8217;ne giden ticaret gemilerine bask\u0131n d\u00fczenledi.<\/li>\n<\/ol>\n\n<p>Granuaile&#8217;nin \u0130ngiliz zulm\u00fcne kar\u015f\u0131 direni\u015fi \u0130rlanda milliyet\u00e7ili\u011finin bir sembol\u00fc haline geldi. Balad \u015fark\u0131c\u0131lar\u0131 onun ba\u015far\u0131lar\u0131n\u0131n hikayelerini yayarak, halk\u0131n\u0131n \u00f6zg\u00fcrl\u00fc\u011f\u00fc i\u00e7in cesurca sava\u015fan bir kahraman olarak \u00f6l\u00fcms\u00fczle\u015ftirdi.<\/p>\n\n<h2 class=\"wp-block-heading\">Balad \u015eark\u0131c\u0131lar\u0131 ve \u0130rlanda Tarihi<\/h2>\n\n<p>Balad \u015fark\u0131c\u0131lar\u0131, siyasi ve k\u00fclt\u00fcrel bir \u00e7alkant\u0131 d\u00f6neminde \u0130rlanda tarihini ve k\u00fclt\u00fcr\u00fcn\u00fc korumada \u00e7ok \u00f6nemli bir rol oynad\u0131lar. \u015eark\u0131lar\u0131 arac\u0131l\u0131\u011f\u0131yla direni\u015f hikayelerini yayd\u0131lar, \u0130rlanda kahramanlar\u0131n\u0131 y\u00fccelttiler ve \u0130rlanda halk\u0131n\u0131n \u0130ngiliz y\u00f6netimi alt\u0131ndaki zorluklar\u0131na a\u011f\u0131t yakt\u0131lar.<\/p>\n\n<h2 class=\"wp-block-heading\">Dan Milner&#8217;\u0131n Uyarlamas\u0131<\/h2>\n\n<ol class=\"wp-block-list\" start=\"21\">\n<li>y\u00fczy\u0131lda, \u0130rlandal\u0131-Amerikal\u0131 folk \u015fark\u0131c\u0131s\u0131 Dan Milner, Smithsonian Folkways&#8217;in yeni \u00e7\u0131kan alb\u00fcm\u00fc &#8220;Irish Pirate Ballads and Other Songs of the Sea&#8221; i\u00e7in bu t\u00fcr siyasi bir broadside olan &#8220;Granuaile&#8221; adl\u0131 par\u00e7ay\u0131 uyarlad\u0131. Milner&#8217;\u0131n yorumu, Granuaile&#8217;nin meydan okuma ruhunu ve \u0130rlanda milliyet\u00e7ili\u011finin kal\u0131c\u0131 miras\u0131n\u0131 yakalayan geleneksel balade yeni bir hayat veriyor.<\/li>\n<\/ol>\n\n<h2 class=\"wp-block-heading\">Smithsonian Folkways: \u0130rlanda M\u00fczi\u011finin Bir Hazinesi<\/h2>\n\n<p>Smithsonian Institution&#8217;\u0131n kar amac\u0131 g\u00fctmeyen plak \u015firketi Smithsonian Folkways, \u0130rlanda da dahil olmak \u00fczere d\u00fcnyan\u0131n d\u00f6rt bir yan\u0131ndan gelen halk m\u00fczi\u011fini koruma ve tan\u0131tmada \u00f6nde gelen bir g\u00fc\u00e7 olmu\u015ftur. \u0130rlanda korsan baladlar\u0131 ve di\u011fer deniz \u015fark\u0131lar\u0131ndan olu\u015fan geni\u015f koleksiyonlar\u0131, Z\u00fcmr\u00fct Ada&#8217;n\u0131n m\u00fczikal miras\u0131n\u0131 ke\u015ffetmek i\u00e7in zengin bir kaynak sa\u011flamaktad\u0131r.<\/p>\n\n<h2 class=\"wp-block-heading\">\u0130rlanda Kimli\u011finde M\u00fczi\u011fin \u00d6nemi<\/h2>\n\n<p>M\u00fczik, \u0130rlanda kimli\u011fini \u015fekillendirmede her zaman hayati bir rol oynam\u0131\u015ft\u0131r. Geleneksel baladlar\u0131n dokunakl\u0131 melodilerinden modern halk m\u00fczi\u011finin hareketli ritimlerine kadar m\u00fczik, \u0130rlanda halk\u0131 i\u00e7in ilham, teselli ve k\u00fclt\u00fcrel ifade kayna\u011f\u0131 olmu\u015ftur.<\/p>\n\n<h2 class=\"wp-block-heading\">Granuaile ve \u00d3 Bruadair \/ Out on the Ocean Balad\u0131<\/h2>\n\n<p>Smithsonian Folkways&#8217;in &#8220;Irish Pirate Ballads&#8221; alb\u00fcm\u00fcn\u00fcn \u00f6ne \u00e7\u0131kan par\u00e7alar\u0131ndan biri &#8220;Granuaile and The Ballad of \u00d3 Bruadair \/ Out on the Ocean&#8221; par\u00e7as\u0131d\u0131r. Bu g\u00fc\u00e7l\u00fc potpuri, Granuaile&#8217;nin hikayesini, \u0130ngiliz y\u00f6netimine kar\u015f\u0131 sava\u015fan \u00fcnl\u00fc bir \u015fair ve hicivci olan bir ba\u015fka \u0130rlanda kahraman\u0131 D\u00e1ibh\u00ed \u00d3 Bruadair&#8217;in hikayesiyle birle\u015ftiriyor. \u015eark\u0131, \u0130rlanda halk\u0131n\u0131n y\u0131lmaz ruhunu ve \u00f6zg\u00fcrl\u00fck aray\u0131\u015flar\u0131n\u0131 yakal\u0131yor.<\/p>\n\n<h2 class=\"wp-block-heading\">Sonu\u00e7<\/h2>\n\n<p>\u0130rlanda korsan baladlar\u0131 sadece deniz \u015fark\u0131lar\u0131ndan daha fazlas\u0131d\u0131r; \u0130rlanda tarihi, k\u00fclt\u00fcr\u00fc ve kimli\u011finin g\u00fc\u00e7l\u00fc ifadeleridir. Granuaile gibi efsanevi fig\u00fcrlerin hikayeleri ve balad \u015fark\u0131c\u0131lar\u0131n\u0131n \u00e7a\u011fr\u0131\u015ft\u0131r\u0131c\u0131 s\u00f6zleri arac\u0131l\u0131\u011f\u0131yla bu \u015fark\u0131lar, \u0130rlanda ulusal bilincini \u015fekillendirmede hayati bir rol oynam\u0131\u015f ve bug\u00fcn de izleyicilerle yank\u0131lanmaya devam etmektedir.<\/p>","protected":false},"excerpt":{"rendered":"<p>\u0130rlanda Korsan Baladlar\u0131: \u0130rlanda Milliyet\u00e7ili\u011finin Bir Sembol\u00fc Korsan Krali\u00e7e Granuaile y\u00fczy\u0131l\u0131n \u00e7alkant\u0131l\u0131 \u0130rlanda&#8217;s\u0131nda, \u0130ngiliz y\u00f6netimi ile Gael egemenli\u011fi aras\u0131ndaki \u00e7at\u0131\u015fman\u0131n ortas\u0131nda efsanevi bir fig\u00fcr ortaya \u00e7\u0131kt\u0131: Granuaile olarak bilinen Grace&hellip;<\/p>\n","protected":false},"author":3,"featured_media":0,"comment_status":"closed","ping_status":"closed","sticky":false,"template":"","format":"standard","meta":{"footnotes":""},"categories":[327],"tags":[4829,1902,2467,540,63,788,18145],"class_list":["post-15438","post","type-post","status-publish","format-standard","hentry","category-music","tag-resistance","tag-folklore","tag-irish-history","tag-identity","tag-culture","tag-music","tag-nationalism"],"_links":{"self":[{"href":"https:\/\/www.lifescienceart.com\/tr\/wp-json\/wp\/v2\/posts\/15438","targetHints":{"allow":["GET"]}}],"collection":[{"href":"https:\/\/www.lifescienceart.com\/tr\/wp-json\/wp\/v2\/posts"}],"about":[{"href":"https:\/\/www.lifescienceart.com\/tr\/wp-json\/wp\/v2\/types\/post"}],"author":[{"embeddable":true,"href":"https:\/\/www.lifescienceart.com\/tr\/wp-json\/wp\/v2\/users\/3"}],"replies":[{"embeddable":true,"href":"https:\/\/www.lifescienceart.com\/tr\/wp-json\/wp\/v2\/comments?post=15438"}],"version-history":[{"count":1,"href":"https:\/\/www.lifescienceart.com\/tr\/wp-json\/wp\/v2\/posts\/15438\/revisions"}],"predecessor-version":[{"id":15439,"href":"https:\/\/www.lifescienceart.com\/tr\/wp-json\/wp\/v2\/posts\/15438\/revisions\/15439"}],"wp:attachment":[{"href":"https:\/\/www.lifescienceart.com\/tr\/wp-json\/wp\/v2\/media?parent=15438"}],"wp:term":[{"taxonomy":"category","embeddable":true,"href":"https:\/\/www.lifescienceart.com\/tr\/wp-json\/wp\/v2\/categories?post=15438"},{"taxonomy":"post_tag","embeddable":true,"href":"https:\/\/www.lifescienceart.com\/tr\/wp-json\/wp\/v2\/tags?post=15438"}],"curies":[{"name":"wp","href":"https:\/\/api.w.org\/{rel}","templated":true}]}}