{"id":15865,"date":"2020-09-19T19:16:12","date_gmt":"2020-09-19T19:16:12","guid":{"rendered":"https:\/\/www.lifescienceart.com\/?p=15865"},"modified":"2020-09-19T19:16:12","modified_gmt":"2020-09-19T19:16:12","slug":"wildfires-human-problem-devastating-consequences","status":"publish","type":"post","link":"https:\/\/www.lifescienceart.com\/tr\/science\/ecology\/wildfires-human-problem-devastating-consequences\/","title":{"rendered":"Orman Yang\u0131nlar\u0131: Y\u0131k\u0131c\u0131 Sonu\u00e7lar\u0131 Olan \u0130nsan Kaynakl\u0131 Bir Sorun"},"content":{"rendered":"<h2 class=\"wp-block-heading\">Orman Yang\u0131nlar\u0131: Y\u0131k\u0131c\u0131 Sonu\u00e7lar\u0131 Olan \u0130nsan Kaynakl\u0131 Bir Sorun<\/h2>\n\n<h2 class=\"wp-block-heading\">Orman Yang\u0131nlar\u0131n\u0131n Temelleri<\/h2>\n\n<p>Ormandaki yang\u0131nlar, ormanlar, \u00e7ay\u0131rlar ve \u00e7al\u0131l\u0131klar gibi do\u011fal alanlarda yanan kontrols\u00fcz yang\u0131nlard\u0131r. Y\u0131ld\u0131r\u0131m d\u00fc\u015fmesi veya kamp ate\u015flerinin g\u00f6zetimsiz b\u0131rak\u0131lmas\u0131 veya kundak\u00e7\u0131l\u0131k gibi insan faaliyetleri sonucu olu\u015fabilirler. Orman yang\u0131nlar\u0131, \u00f6zellikle kuru ve r\u00fczgarl\u0131 ko\u015fullarda h\u0131zla yay\u0131labilir ve m\u00fclklere ve altyap\u0131ya ciddi zararlar verebilir.<\/p>\n\n<h2 class=\"wp-block-heading\">\u0130nsan Fakt\u00f6r\u00fc<\/h2>\n\n<p>Orman yang\u0131nlar\u0131 do\u011fal olarak meydana gelse de, Amerika Birle\u015fik Devletleri&#8217;ndeki orman yang\u0131nlar\u0131n\u0131n b\u00fcy\u00fck \u00e7o\u011funlu\u011fu insan kaynakl\u0131d\u0131r. Kamp ate\u015fleri, enkaz yakma ve kas\u0131tl\u0131 kundak\u00e7\u0131l\u0131k gibi insan faaliyetleri, orman yang\u0131nlar\u0131n\u0131n %90&#8217;\u0131ndan fazlas\u0131ndan sorumludur.<\/p>\n\n<h2 class=\"wp-block-heading\">1988 Yellowstone Ulusal Park\u0131 Orman Yang\u0131nlar\u0131<\/h2>\n\n<p>Yak\u0131n tarihin en y\u0131k\u0131c\u0131 orman yang\u0131nlar\u0131ndan biri 1988&#8217;de Yellowstone Ulusal Park\u0131&#8217;nda meydana geldi. Yang\u0131nlar 1,2 milyon d\u00f6n\u00fcmden fazla alan\u0131 yakt\u0131, 1.000&#8217;den fazla evi yok etti ve onlarca insan\u0131 \u00f6ld\u00fcrd\u00fc. Yang\u0131nlar b\u00fcy\u00fck \u00f6l\u00e7\u00fcde g\u00f6zetimsiz b\u0131rak\u0131lan kamp ate\u015fleri ve kundak\u00e7\u0131l\u0131k gibi insan faaliyetlerinden kaynakland\u0131.<\/p>\n\n<p>1988 Yellowstone yang\u0131nlar\u0131, ulusal parklardaki orman yang\u0131nlar\u0131n\u0131 y\u00f6netmenin zorluklar\u0131n\u0131 ortaya koydu. Park yetkilileri, ekosisteme zararl\u0131 oldu\u011funa inanarak uzun s\u00fcredir t\u00fcm yang\u0131nlar\u0131 bast\u0131rm\u0131\u015ft\u0131. Ancak 1988 yang\u0131nlar\u0131, k\u00fc\u00e7\u00fck, kontroll\u00fc yang\u0131nlar\u0131n asl\u0131nda \u00f6l\u00fc bitki \u00f6rt\u00fcs\u00fcn\u00fc temizleyerek ve yeni b\u00fcy\u00fcmeyi te\u015fvik ederek ekosisteme fayda sa\u011flayabilece\u011fini g\u00f6sterdi.<\/p>\n\n<h2 class=\"wp-block-heading\">Yang\u0131n S\u00f6nd\u00fcrme ve Ekolojik \u0130htiya\u00e7lar Aras\u0131ndaki Denge<\/h2>\n\n<p>1988 yang\u0131nlar\u0131ndan bu yana, park yetkilileri orman yang\u0131n\u0131 y\u00f6netimi konusunda daha dengeli bir yakla\u015f\u0131m benimsedi. Art\u0131k ekosistemin sa\u011fl\u0131\u011f\u0131n\u0131 korumak i\u00e7in k\u00fc\u00e7\u00fck, kontroll\u00fc yang\u0131nlar\u0131n yanmas\u0131na izin veriyorlar. Ancak, insan hayat\u0131n\u0131 ve m\u00fclk\u00fcn\u00fc tehdit edebilecek daha b\u00fcy\u00fck, daha y\u0131k\u0131c\u0131 yang\u0131nlar\u0131 s\u00f6nd\u00fcrmek i\u00e7in de ad\u0131mlar at\u0131yorlar.<\/p>\n\n<h2 class=\"wp-block-heading\">Orman Yang\u0131nlar\u0131n\u0131n Ekolojik Etkileri<\/h2>\n\n<p>Orman yang\u0131nlar\u0131n\u0131n \u00e7evre \u00fczerinde \u00f6nemli bir etkisi olabilir. Bitki \u00f6rt\u00fcs\u00fcn\u00fc yok edebilir, hayvanlar\u0131 \u00f6ld\u00fcrebilir ve toprak ve su kalitesine zarar verebilirler. Ancak orman yang\u0131nlar\u0131n\u0131n baz\u0131 olumlu ekolojik etkileri de olabilir. \u00d6l\u00fc bitki \u00f6rt\u00fcs\u00fcn\u00fc temizleyebilir, yeni bitkilerin b\u00fcy\u00fcmesini te\u015fvik edebilir ve baz\u0131 t\u00fcrler i\u00e7in ya\u015fam alan\u0131 olu\u015fturabilirler.<\/p>\n\n<h2 class=\"wp-block-heading\">Yang\u0131n Sonras\u0131 \u0130yile\u015fme<\/h2>\n\n<p>Bir orman yang\u0131n\u0131ndan sonra, iyile\u015fme s\u00fcrecine m\u00fcmk\u00fcn olan en k\u0131sa s\u00fcrede ba\u015flamak \u00f6nemlidir. Bu, hasarl\u0131 altyap\u0131n\u0131n onar\u0131lmas\u0131n\u0131, bitki \u00f6rt\u00fcs\u00fcn\u00fcn yeniden dikilmesini ve su kalitesinin korunmas\u0131n\u0131 i\u00e7erir. Yang\u0131n sonras\u0131 iyile\u015fme uzun ve zorlu bir s\u00fcre\u00e7 olabilir, ancak ekosistemi eski haline getirmek ve gelecekteki orman yang\u0131nlar\u0131n\u0131 \u00f6nlemek i\u00e7in \u00e7ok \u00f6nemlidir.<\/p>\n\n<h2 class=\"wp-block-heading\">\u0130nsan Kaynakl\u0131 Orman Yang\u0131nlar\u0131n\u0131n \u00d6nlenmesi ve Azalt\u0131lmas\u0131<\/h2>\n\n<p>Orman yang\u0131nlar\u0131n\u0131 \u00f6nlemenin en iyi yolu, insan kaynakl\u0131 tutu\u015fmalar\u0131 azaltmakt\u0131r. Bu, a\u015fa\u011f\u0131daki ad\u0131mlar izlenerek yap\u0131labilir:<\/p>\n\n<ul class=\"wp-block-list\">\n<li>Hi\u00e7bir zaman kamp ate\u015fini g\u00f6zetimsiz b\u0131rakmay\u0131n.<\/li>\n<li>Sigara ve di\u011fer sigara i\u00e7me malzemelerine dikkat edin.<\/li>\n<li>\u015e\u00fcpheli herhangi bir faaliyeti yetkililere bildirin.<\/li>\n<\/ul>\n\n<h2 class=\"wp-block-heading\">Sonu\u00e7<\/h2>\n\n<p>Orman yang\u0131nlar\u0131, bir\u00e7ok ekosistemin do\u011fal bir par\u00e7as\u0131d\u0131r, ancak insan faaliyetleri bunlar\u0131n s\u0131kl\u0131\u011f\u0131n\u0131 ve \u015fiddetini art\u0131rm\u0131\u015ft\u0131r. Orman yang\u0131nlar\u0131n\u0131n nedenlerini ve sonu\u00e7lar\u0131n\u0131 anlayarak ve insan kaynakl\u0131 tutu\u015fmalar\u0131 \u00f6nlemek i\u00e7in ad\u0131mlar atarak, topluluklar\u0131m\u0131z\u0131 ve \u00e7evremizi orman yang\u0131nlar\u0131n\u0131n y\u0131k\u0131c\u0131 etkilerinden korumaya yard\u0131mc\u0131 olabiliriz.<\/p>","protected":false},"excerpt":{"rendered":"<p>Orman Yang\u0131nlar\u0131: Y\u0131k\u0131c\u0131 Sonu\u00e7lar\u0131 Olan \u0130nsan Kaynakl\u0131 Bir Sorun Orman Yang\u0131nlar\u0131n\u0131n Temelleri Ormandaki yang\u0131nlar, ormanlar, \u00e7ay\u0131rlar ve \u00e7al\u0131l\u0131klar gibi do\u011fal alanlarda yanan kontrols\u00fcz yang\u0131nlard\u0131r. Y\u0131ld\u0131r\u0131m d\u00fc\u015fmesi veya kamp ate\u015flerinin g\u00f6zetimsiz&hellip;<\/p>\n","protected":false},"author":6,"featured_media":0,"comment_status":"closed","ping_status":"","sticky":false,"template":"","format":"standard","meta":{"footnotes":""},"categories":[590],"tags":[21086,847,640,3931,21087],"class_list":["post-15865","post","type-post","status-publish","format-standard","hentry","category-ecology","tag-environmental-consequences","tag-ecosystem-restoration","tag-human-impact","tag-wildfires","tag-fire-management"],"_links":{"self":[{"href":"https:\/\/www.lifescienceart.com\/tr\/wp-json\/wp\/v2\/posts\/15865","targetHints":{"allow":["GET"]}}],"collection":[{"href":"https:\/\/www.lifescienceart.com\/tr\/wp-json\/wp\/v2\/posts"}],"about":[{"href":"https:\/\/www.lifescienceart.com\/tr\/wp-json\/wp\/v2\/types\/post"}],"author":[{"embeddable":true,"href":"https:\/\/www.lifescienceart.com\/tr\/wp-json\/wp\/v2\/users\/6"}],"replies":[{"embeddable":true,"href":"https:\/\/www.lifescienceart.com\/tr\/wp-json\/wp\/v2\/comments?post=15865"}],"version-history":[{"count":1,"href":"https:\/\/www.lifescienceart.com\/tr\/wp-json\/wp\/v2\/posts\/15865\/revisions"}],"predecessor-version":[{"id":15866,"href":"https:\/\/www.lifescienceart.com\/tr\/wp-json\/wp\/v2\/posts\/15865\/revisions\/15866"}],"wp:attachment":[{"href":"https:\/\/www.lifescienceart.com\/tr\/wp-json\/wp\/v2\/media?parent=15865"}],"wp:term":[{"taxonomy":"category","embeddable":true,"href":"https:\/\/www.lifescienceart.com\/tr\/wp-json\/wp\/v2\/categories?post=15865"},{"taxonomy":"post_tag","embeddable":true,"href":"https:\/\/www.lifescienceart.com\/tr\/wp-json\/wp\/v2\/tags?post=15865"}],"curies":[{"name":"wp","href":"https:\/\/api.w.org\/{rel}","templated":true}]}}