{"id":15888,"date":"2019-12-09T00:33:02","date_gmt":"2019-12-09T00:33:02","guid":{"rendered":"https:\/\/www.lifescienceart.com\/?p=15888"},"modified":"2019-12-09T00:33:02","modified_gmt":"2019-12-09T00:33:02","slug":"janice-lowry-illustrated-diaries-memoir-in-sketch-and-script","status":"publish","type":"post","link":"https:\/\/www.lifescienceart.com\/tr\/art\/diaries-and-journals\/janice-lowry-illustrated-diaries-memoir-in-sketch-and-script\/","title":{"rendered":"Janice Lowry&#8217;nin Resimli G\u00fcnl\u00fckleri: Eskiz ve Yaz\u0131da Bir An\u0131"},"content":{"rendered":"<h2 class=\"wp-block-heading\">Janice Lowry&#8217;nin Resimli G\u00fcnl\u00fckleri: Eskiz ve Yaz\u0131da Bir An\u0131<\/h2>\n\n<h2 class=\"wp-block-heading\">Janice Lowry&#8217;nin Ya\u015fam ve Sanat Yolculu\u011fu<\/h2>\n\n<p>Anne Frank&#8217;in g\u00fcnl\u00fc\u011f\u00fcnden esinlenen Janice Lowry, resimli g\u00fcnl\u00fcklerle kendini ifade etti\u011fi, \u00f6m\u00fcr boyu s\u00fcrecek bir yolculu\u011fa \u00e7\u0131kt\u0131. \u00c7ocukluk d\u00fc\u015f\u00fcncelerinden \u00fcnl\u00fc bir sanat\u00e7\u0131 olarak ge\u00e7irdi\u011fi son y\u0131llar\u0131na kadar Lowry&#8217;nin g\u00fcnl\u00fckleri, ki\u015fisel ya\u015fam\u0131na ve zaman\u0131n\u0131n k\u00fclt\u00fcrel manzaras\u0131na dair e\u015fsiz bir bak\u0131\u015f a\u00e7\u0131s\u0131 sunuyor.<\/p>\n\n<h2 class=\"wp-block-heading\">Lowry&#8217;nin G\u00fcnl\u00fck Tutma Bi\u00e7iminin Evrimi<\/h2>\n\n<p>Ba\u015flang\u0131\u00e7ta k\u00fc\u00e7\u00fck defterleri dolduran Lowry, 1970&#8217;lerin ortalar\u0131nda daha b\u00fcy\u00fck formatlara ge\u00e7ti. Bu daha geni\u015f defterler karma\u015f\u0131k eskizleri, kolajlar\u0131 ve yaz\u0131l\u0131 g\u00f6zlemleri i\u00e7in birer tuval haline geldi. Lowry&#8217;nin g\u00fcnl\u00fckleri s\u0131radan olan\u0131 a\u015farak hem kendi deneyimlerini hem de etraf\u0131ndaki d\u00fcnyay\u0131 \u015fekillendiren olaylar\u0131 yakalad\u0131.<\/p>\n\n<h2 class=\"wp-block-heading\">Lowry&#8217;nin G\u00fcnl\u00fckleri Sanat Olarak<\/h2>\n\n<p>Ki\u015fisel \u00f6nemlerinin yan\u0131 s\u0131ra Lowry&#8217;nin g\u00fcnl\u00fckleri ba\u015fl\u0131 ba\u015f\u0131na sanat eseri olarak kabul ediliyor. Geleneksel s\u0131n\u0131rlamalara meydan okuyan, yarat\u0131c\u0131l\u0131\u011f\u0131n serbest bi\u00e7imli bir belgelenmesi olan &#8220;r\u00f6portaj&#8221; kavram\u0131n\u0131 b\u00fcnyesinde bar\u0131nd\u0131r\u0131yorlar. Lowry&#8217;nin g\u00fcnl\u00fckleri sa\u011fl\u0131k, annelik, politika ve kendi sanatsal yolculu\u011fu gibi temalar\u0131 ara\u015ft\u0131r\u0131yor.<\/p>\n\n<h2 class=\"wp-block-heading\">Smithsonian Ar\u015fivlerinin Edinimi<\/h2>\n\n<p>2019&#8217;da Smithsonian Amerikan Sanat\u0131 Ar\u015fivleri, Lowry&#8217;nin g\u00fcnl\u00fcklerinin t\u00fcm 126 cildini sat\u0131n ald\u0131. Bu sat\u0131n alma, bir sanat\u00e7\u0131n\u0131n ya\u015fam\u0131n\u0131n ve zaman\u0131n\u0131n sosyal ve k\u00fclt\u00fcrel de\u011fi\u015fimlerinin do\u011frudan bir anlat\u0131s\u0131n\u0131 sa\u011flayan bu g\u00fcnl\u00fcklerin sanatsal ve tarihi de\u011ferini kabul etmektedir.<\/p>\n\n<h2 class=\"wp-block-heading\">Vasiyetin \u00d6nemi<\/h2>\n\n<p>Lowry&#8217;nin g\u00fcnl\u00fckleri yaln\u0131zca ki\u015fisel yaz\u0131lar\u0131n bir koleksiyonu de\u011fil, ayn\u0131 zamanda \u00f6zenli bir idareyi gerektiren bir mirast\u0131r. Bu g\u00fcnl\u00fckleri koruyarak ve sergileyerek, m\u00fczeler ve ara\u015ft\u0131rma merkezleri sanatsal miras\u0131m\u0131z\u0131n korunmas\u0131nda ve gelecek nesillerin Janice Lowry&#8217;nin \u00e7al\u0131\u015fmalar\u0131n\u0131 takdir etmesini sa\u011flamada hayati bir rol oynuyor.<\/p>\n\n<h2 class=\"wp-block-heading\">Yarat\u0131c\u0131l\u0131\u011f\u0131n ve Kendini \u0130fade Etmenin De\u011feri<\/h2>\n\n<p>Lowry&#8217;nin g\u00fcnl\u00fckleri, yarat\u0131c\u0131l\u0131\u011f\u0131n ve kendini ifade etmenin d\u00f6n\u00fc\u015ft\u00fcr\u00fcc\u00fc g\u00fcc\u00fcn\u00fc g\u00f6stermektedir. Sanat\u0131 arac\u0131l\u0131\u011f\u0131yla yaln\u0131zca kendi hayat\u0131n\u0131 belgelemekle kalmam\u0131\u015f, ayn\u0131 zamanda etraf\u0131ndaki d\u00fcnya ile de etkile\u015fime girmi\u015ftir. G\u00fcnl\u00fckleri, yarat\u0131c\u0131l\u0131\u011f\u0131 te\u015fvik etmenin ve bireyleri kendi benzersiz seslerini bulmaya te\u015fvik etmenin \u00f6nemini hat\u0131rlat\u0131yor.<\/p>\n\n<h2 class=\"wp-block-heading\">Sanat\u00e7\u0131 G\u00fcnl\u00fckleri Sanat Bi\u00e7imleri Olarak<\/h2>\n\n<p>Lowry&#8217;nin g\u00fcnl\u00fckleri, g\u00fcnl\u00fcklerin yaln\u0131zca ki\u015fisel kay\u0131tlar oldu\u011fu y\u00f6n\u00fcndeki geleneksel g\u00f6r\u00fc\u015fe meydan okuyor. G\u00fcnl\u00fck formunu, metin ve g\u00f6r\u00fcnt\u00fcy\u00fc birle\u015ftirmenin s\u0131n\u0131rs\u0131z olas\u0131l\u0131klar\u0131n\u0131 sergileyerek sanat seviyesine y\u00fckseltiyor. Otobiyografi ile sanat aras\u0131ndaki \u00e7izgileri bulan\u0131kla\u015ft\u0131rarak Lowry&#8217;nin g\u00fcnl\u00fckleri, deneyimlerimizi nas\u0131l belgeledi\u011fimiz ve ifade etti\u011fimiz yollar\u0131n\u0131 yeniden g\u00f6zden ge\u00e7irmeye davet ediyor.<\/p>\n\n<h2 class=\"wp-block-heading\">Paketlemede Yenilik\u00e7i Teknikler<\/h2>\n\n<p>Lowry, g\u00fcnl\u00fcklerini m\u00fczelerin ve ara\u015ft\u0131rma merkezlerinin de\u011ferlendirmesi i\u00e7in g\u00f6nderirken, yenilik\u00e7i paketleme teknikleri kulland\u0131. El yap\u0131m\u0131 zarflar yaratt\u0131 ve \u00e7al\u0131\u015fmalar\u0131na yarat\u0131c\u0131 bir giri\u015f sa\u011flayan &#8220;paketler&#8221; haz\u0131rlad\u0131. Bu \u00e7abalar, Lowry&#8217;nin g\u00fcnl\u00fcklerini yaln\u0131zca de\u011ferli tarihi belgeler olarak de\u011fil, ayn\u0131 zamanda g\u00f6rsel olarak ilgi \u00e7ekici sanat nesneleri olarak sunma konusundaki kararl\u0131l\u0131\u011f\u0131n\u0131 g\u00f6stermektedir.<\/p>\n\n<h2 class=\"wp-block-heading\">Bir Koleksiyon \u0130\u00e7in Bir Vasiyet Bulmak<\/h2>\n\n<p>Lowry&#8217;nin miras\u0131n\u0131n korunmas\u0131n\u0131 sa\u011flamak i\u00e7in g\u00fcnl\u00fckleri i\u00e7in bir vasiyet bulma konusundaki proaktif yakla\u015f\u0131m\u0131, \u00e7al\u0131\u015fmalar\u0131na uygun bir yuva bulma olas\u0131l\u0131\u011f\u0131n\u0131 art\u0131rd\u0131. \u00c7al\u0131\u015fmalar\u0131n\u0131 birden fazla kuruma sunarak koleksiyonu i\u00e7in uygun bir yuva bulma olas\u0131l\u0131\u011f\u0131n\u0131 art\u0131rd\u0131. Onun \u00e7abalar\u0131, sanat\u00e7\u0131lar\u0131n \u00e7al\u0131\u015fmalar\u0131n\u0131n gelece\u011fini g\u00fcvence alt\u0131na almak i\u00e7in aktif bir rol \u00fcstlenmelerinin \u00f6nemini vurgulamaktad\u0131r.<\/p>\n\n<h2 class=\"wp-block-heading\">Sanat\u00e7\u0131lar\u0131n G\u00fcnl\u00fcklerinde Yap\u0131lacaklar Listelerinin Kullan\u0131m\u0131<\/h2>\n\n<p>Lowry&#8217;nin g\u00fcnl\u00fckleri, bir sanat\u00e7\u0131n\u0131n g\u00fcnl\u00fck ya\u015fam\u0131na bir bak\u0131\u015f sunuyor. Sanatsal kreasyonlar\u0131 aras\u0131na serpi\u015ftirilmi\u015f yap\u0131lacaklar listeleri, yarat\u0131c\u0131l\u0131k aray\u0131\u015f\u0131na s\u0131kl\u0131kla e\u015flik eden s\u0131radan g\u00f6revleri ortaya koyuyor. Bu listeler Lowry&#8217;yi insanile\u015ftiriyor ve bize en \u00fcnl\u00fc sanat\u00e7\u0131lar\u0131n bile ya\u015fam\u0131n ger\u00e7eklerine kar\u015f\u0131 ba\u011f\u0131\u015f\u0131k olmad\u0131\u011f\u0131n\u0131 hat\u0131rlat\u0131yor.<\/p>\n\n<h2 class=\"wp-block-heading\">Sonu\u00e7<\/h2>\n\n<p>Janice Lowry&#8217;nin resimli g\u00fcnl\u00fckleri, ya\u015fam, sanat ve insan deneyimi hakk\u0131nda zengin ve \u00e7ok y\u00f6nl\u00fc bir ara\u015ft\u0131rma sunuyor. Lowry, metin ve g\u00f6r\u00fcnt\u00fcn\u00fcn benzersiz bir kombinasyonu yoluyla, ilham vermeye ve e\u011fitmeye devam eden kal\u0131c\u0131 bir miras yaratt\u0131. G\u00fcnl\u00fckleri, yarat\u0131c\u0131l\u0131\u011f\u0131n g\u00fcc\u00fcn\u00fcn ve sanatsal miras\u0131m\u0131z\u0131 koruman\u0131n \u00f6neminin bir kan\u0131t\u0131 niteli\u011findedir.<\/p>","protected":false},"excerpt":{"rendered":"<p>Janice Lowry&#8217;nin Resimli G\u00fcnl\u00fckleri: Eskiz ve Yaz\u0131da Bir An\u0131 Janice Lowry&#8217;nin Ya\u015fam ve Sanat Yolculu\u011fu Anne Frank&#8217;in g\u00fcnl\u00fc\u011f\u00fcnden esinlenen Janice Lowry, resimli g\u00fcnl\u00fcklerle kendini ifade etti\u011fi, \u00f6m\u00fcr boyu s\u00fcrecek bir&hellip;<\/p>\n","protected":false},"author":4,"featured_media":0,"comment_status":"closed","ping_status":"closed","sticky":false,"template":"","format":"standard","meta":{"footnotes":""},"categories":[21106],"tags":[2846,5557,21103,21104,9,21105,517],"class_list":["post-15888","post","type-post","status-publish","format-standard","hentry","category-diaries-and-journals","tag-memoir","tag-human-experience","tag-janice-lowry","tag-illustrated-diaries","tag-art","tag-smithsonian-archives-of-american-art","tag-creativity"],"_links":{"self":[{"href":"https:\/\/www.lifescienceart.com\/tr\/wp-json\/wp\/v2\/posts\/15888","targetHints":{"allow":["GET"]}}],"collection":[{"href":"https:\/\/www.lifescienceart.com\/tr\/wp-json\/wp\/v2\/posts"}],"about":[{"href":"https:\/\/www.lifescienceart.com\/tr\/wp-json\/wp\/v2\/types\/post"}],"author":[{"embeddable":true,"href":"https:\/\/www.lifescienceart.com\/tr\/wp-json\/wp\/v2\/users\/4"}],"replies":[{"embeddable":true,"href":"https:\/\/www.lifescienceart.com\/tr\/wp-json\/wp\/v2\/comments?post=15888"}],"version-history":[{"count":1,"href":"https:\/\/www.lifescienceart.com\/tr\/wp-json\/wp\/v2\/posts\/15888\/revisions"}],"predecessor-version":[{"id":15889,"href":"https:\/\/www.lifescienceart.com\/tr\/wp-json\/wp\/v2\/posts\/15888\/revisions\/15889"}],"wp:attachment":[{"href":"https:\/\/www.lifescienceart.com\/tr\/wp-json\/wp\/v2\/media?parent=15888"}],"wp:term":[{"taxonomy":"category","embeddable":true,"href":"https:\/\/www.lifescienceart.com\/tr\/wp-json\/wp\/v2\/categories?post=15888"},{"taxonomy":"post_tag","embeddable":true,"href":"https:\/\/www.lifescienceart.com\/tr\/wp-json\/wp\/v2\/tags?post=15888"}],"curies":[{"name":"wp","href":"https:\/\/api.w.org\/{rel}","templated":true}]}}