{"id":16772,"date":"2026-05-01T03:17:17","date_gmt":"2026-05-01T03:17:17","guid":{"rendered":"https:\/\/www.lifescienceart.com\/?p=16772"},"modified":"2026-05-01T03:17:17","modified_gmt":"2026-05-01T03:17:17","slug":"the-first-year-of-life-sculpture-and-the-changing-face-of-pregnancy","status":"publish","type":"post","link":"https:\/\/www.lifescienceart.com\/tr\/science\/medical-history\/the-first-year-of-life-sculpture-and-the-changing-face-of-pregnancy\/","title":{"rendered":"\u0130lk Y\u0131l\u0131n Heykelleri: Gebelik Alg\u0131s\u0131n\u0131 De\u011fi\u015ftiren Medikal Devrim"},"content":{"rendered":"<h2 class=\"wp-block-heading\">Hayat\u0131n \u0130lk Y\u0131l\u0131: Heykel ve De\u011fi\u015fen Gebelik Y\u00fcz\u00fc<\/h2>\n\n<h2 class=\"wp-block-heading\">T\u0131bbi At\u0131l\u0131m: Fetusu Ortaya \u00c7\u0131karmak<\/h2>\n\n<p>1939\u2019da New York\u2019taki D\u00fcnya Fuar\u0131\u2019nda ziyaret\u00e7ileri b\u00fcy\u00fcleyen \u00e7\u0131\u011f\u0131r a\u00e7an bir sergi d\u00fczenlendi: \u201cHayat\u0131n \u0130lk Y\u0131l\u0131\u201d. Bu sergi, d\u00f6llenmeden do\u011fuma kadar bir fet\u00fcs\u00fcn geli\u015fimini tasvir eden 24 heykelden olu\u015fuyordu. Obstetrik\u2011jinekolog ve ayn\u0131 zamanda sanat\u00e7\u0131 olan Robert\u202fLatou\u202fDickinson taraf\u0131ndan yarat\u0131lan bu heykeller, t\u0131p e\u011fitimi ve toplumun gebelik konusundaki anlay\u0131\u015f\u0131nda d\u00f6n\u00fcm noktas\u0131 oldu.<\/p>\n\n<p>Dickinson, tarih\u00ee anatomi modelleri ve r\u00f6ntgen g\u00f6r\u00fcnt\u00fclerinden ilham alm\u0131\u015ft\u0131, ancak heykelleri ger\u00e7ek\u00e7i detaylar\u0131 ve geli\u015fmekte olan fet\u00fcs\u00fc huzurlu bir bi\u00e7imde tasvir etmesiyle benzersizdi. Fet\u00fcsleri yaln\u0131zca t\u0131bbi merak konular\u0131 olarak g\u00f6ren h\u00e2kim g\u00f6r\u00fc\u015fe meydan okudular ve onlar\u0131 g\u00fczel ve hayranl\u0131k uyand\u0131ran varl\u0131klar olarak sundular.<\/p>\n\n<h2 class=\"wp-block-heading\">G\u00f6r\u00fcnt\u00fcn\u00fcn G\u00fcc\u00fc: Kamuoyu \u015eekillendirmek<\/h2>\n\n<p>Do\u011fum Serisi, topluma derin bir etki yapt\u0131. E\u011fitim materyallerinde yayg\u0131n olarak kopyaland\u0131 ve \u00f6\u011frencilerin ve halk\u0131n gebelik hakk\u0131nda \u00f6\u011frenme \u015feklini d\u00f6n\u00fc\u015ft\u00fcrd\u00fc. Dickinson\u2019\u0131n heykelleri ayn\u0131 zamanda k\u00fcrtaj tart\u0131\u015fmalar\u0131n\u0131 da etkiledi; hem ya\u015fam\u0131n kutsall\u0131\u011f\u0131n\u0131n bir simgesi hem de anti\u2011k\u00fcrtaj aktivistleri i\u00e7in bir ara\u00e7 haline geldi.<\/p>\n\n<p>Takip eden y\u0131llarda, Lennart Nilsson\u2019un \u00fcnl\u00fc yak\u0131ndan \u00e7ekilmi\u015f fet\u00fcs foto\u011fraflar\u0131 da dahil olmak \u00fczere ba\u015fka fet\u00fcs g\u00f6r\u00fcnt\u00fcleri ortaya \u00e7\u0131kt\u0131. Bu g\u00f6rseller, k\u00fcrtajla ilgili siyasi ve etik tart\u0131\u015fmalarla i\u00e7 i\u00e7e ge\u00e7ti.<\/p>\n\n<h2 class=\"wp-block-heading\">Dickinson\u2019\u0131n Karma\u015f\u0131k Miras\u0131: T\u0131p, Eugenik ve \u00dcreme Haklar\u0131<\/h2>\n\n<p>Dickinson, hem \u00fcreme sa\u011fl\u0131\u011f\u0131n\u0131 ilerleten hem de g\u00fcn\u00fcm\u00fcz g\u00f6z\u00fcnden rahats\u0131z edici g\u00f6r\u00fc\u015flere sahip bir fig\u00fcrd\u00fc. Do\u011fum kontrol\u00fc ve k\u00fcrtaj\u0131 savunarak kad\u0131nlar\u0131n bedenleri \u00fczerinde kontrol hakk\u0131na sahip olmas\u0131 gerekti\u011fini savundu. Ancak ayn\u0131 zamanda az\u0131nl\u0131klar\u0131 hedef alan eugenik sterilizasyonu da destekledi.<\/p>\n\n<p>Heykelleri, o d\u00f6nemin \u0131rksal \u00f6nyarg\u0131lar\u0131n\u0131 yans\u0131t\u0131yordu; fet\u00fcsleri klasik Avrupa \u00f6zelliklerine sahip olarak tasvir ediyordu. Bu heykeller, \u201cideal\u201d Amerikan erkek ve kad\u0131n\u0131 temsil eden daha b\u00fcy\u00fck heykellerin modelleri olarak kullan\u0131ld\u0131.<\/p>\n\n<h2 class=\"wp-block-heading\">Kal\u0131c\u0131 Etki: Fet\u00fcsler, Anlam ve Yorum<\/h2>\n\n<p>Bug\u00fcn Dickinson\u2019\u0131n Do\u011fum Serisi, fet\u00fcs imgeleri hakk\u0131ndaki varsay\u0131mlar\u0131m\u0131z\u0131 sorgulamaya devam ediyor. Bu temsillerin do\u011fu\u015ftan pro\u2011ya\u015fam ya da anti\u2011k\u00fcrtaj olmad\u0131\u011f\u0131n\u0131, bir Rorschach testi gibi geni\u015f bir anlam yelpazesi ta\u015f\u0131yabilece\u011fini hat\u0131rlat\u0131yor.<\/p>\n\n<p>Seri, t\u0131bbi g\u00f6r\u00fcnt\u00fclerin kamuoyunu \u015fekillendirmedeki rol\u00fc, \u00fcreme haklar\u0131n\u0131n etik ve hukuki boyutlar\u0131 ve t\u0131bbi ilerlemelere katk\u0131da bulunan, ayn\u0131 zamanda sorunlu inan\u00e7lara sahip bireylerin karma\u015f\u0131k miras\u0131 \u00fczerine \u00f6nemli sorular ortaya koyuyor.<\/p>\n\n<h2 class=\"wp-block-heading\">Ek Uzun Kuyruklu Anahtar Kelimeler<\/h2>\n\n<ul class=\"wp-block-list\">\n<li>T\u0131pta fetal g\u00f6r\u00fcnt\u00fcleme tarih\u00e7esi<\/li>\n<li>T\u0131bbi e\u011fitimde sanat\u0131n rol\u00fc<\/li>\n<li>Fet\u00fcs g\u00f6r\u00fcnt\u00fclerinin k\u00fcrtaj tart\u0131\u015fmalar\u0131na etkisi<\/li>\n<li>Eugenik etik sonu\u00e7lar\u0131<\/li>\n<li>Gebelik ve do\u011fum konusundaki de\u011fi\u015fen bak\u0131\u015f a\u00e7\u0131lar\u0131<\/li>\n<li>Robert\u202fLatou\u202fDickinson miras\u0131<\/li>\n<\/ul>","protected":false},"excerpt":{"rendered":"<p>Hayat\u0131n \u0130lk Y\u0131l\u0131: Heykel ve De\u011fi\u015fen Gebelik Y\u00fcz\u00fc T\u0131bbi At\u0131l\u0131m: Fetusu Ortaya \u00c7\u0131karmak 1939\u2019da New York\u2019taki D\u00fcnya Fuar\u0131\u2019nda ziyaret\u00e7ileri b\u00fcy\u00fcleyen \u00e7\u0131\u011f\u0131r a\u00e7an bir sergi d\u00fczenlendi: \u201cHayat\u0131n \u0130lk Y\u0131l\u0131\u201d. Bu sergi,&hellip;<\/p>\n","protected":false},"author":2,"featured_media":25403,"comment_status":"closed","ping_status":"closed","sticky":false,"template":"","format":"standard","meta":{"footnotes":""},"categories":[7010],"tags":[4585,22188,22189,451,705,99],"class_list":["post-16772","post","type-post","status-publish","format-standard","has-post-thumbnail","hentry","category-medical-history","tag-eugenics","tag-fetal-development","tag-reproductive-rights","tag-art-and-science","tag-medical-history","tag-lifescienceart"],"_links":{"self":[{"href":"https:\/\/www.lifescienceart.com\/tr\/wp-json\/wp\/v2\/posts\/16772","targetHints":{"allow":["GET"]}}],"collection":[{"href":"https:\/\/www.lifescienceart.com\/tr\/wp-json\/wp\/v2\/posts"}],"about":[{"href":"https:\/\/www.lifescienceart.com\/tr\/wp-json\/wp\/v2\/types\/post"}],"author":[{"embeddable":true,"href":"https:\/\/www.lifescienceart.com\/tr\/wp-json\/wp\/v2\/users\/2"}],"replies":[{"embeddable":true,"href":"https:\/\/www.lifescienceart.com\/tr\/wp-json\/wp\/v2\/comments?post=16772"}],"version-history":[{"count":2,"href":"https:\/\/www.lifescienceart.com\/tr\/wp-json\/wp\/v2\/posts\/16772\/revisions"}],"predecessor-version":[{"id":25404,"href":"https:\/\/www.lifescienceart.com\/tr\/wp-json\/wp\/v2\/posts\/16772\/revisions\/25404"}],"wp:featuredmedia":[{"embeddable":true,"href":"https:\/\/www.lifescienceart.com\/tr\/wp-json\/wp\/v2\/media\/25403"}],"wp:attachment":[{"href":"https:\/\/www.lifescienceart.com\/tr\/wp-json\/wp\/v2\/media?parent=16772"}],"wp:term":[{"taxonomy":"category","embeddable":true,"href":"https:\/\/www.lifescienceart.com\/tr\/wp-json\/wp\/v2\/categories?post=16772"},{"taxonomy":"post_tag","embeddable":true,"href":"https:\/\/www.lifescienceart.com\/tr\/wp-json\/wp\/v2\/tags?post=16772"}],"curies":[{"name":"wp","href":"https:\/\/api.w.org\/{rel}","templated":true}]}}