{"id":17012,"date":"2021-10-06T14:29:53","date_gmt":"2021-10-06T14:29:53","guid":{"rendered":"https:\/\/www.lifescienceart.com\/?p=17012"},"modified":"2021-10-06T14:29:53","modified_gmt":"2021-10-06T14:29:53","slug":"ancient-mayan-deforestation-lasting-impact-soil-carbon-storage","status":"publish","type":"post","link":"https:\/\/www.lifescienceart.com\/tr\/science\/environmental-science\/ancient-mayan-deforestation-lasting-impact-soil-carbon-storage\/","title":{"rendered":"Antik Maya Ormanlar\u0131n\u0131n Kesilmesinin Topra\u011f\u0131n Karbon Tutma Kapasitesi \u00dczerindeki Kal\u0131c\u0131 Etkisi"},"content":{"rendered":"<h2 class=\"wp-block-heading\">Antik Maya Ormanlar\u0131n\u0131n Kesilmesinin Topra\u011f\u0131n Karbon Tutma Kapasitesi \u00dczerindeki Kal\u0131c\u0131 Etkisi<\/h2>\n\n<h2 class=\"wp-block-heading\">Ormanlar\u0131n Kesilmesi ve Maya Uygarl\u0131\u011f\u0131<\/h2>\n\n<p>Bir zamanlar do\u011fayla uyum i\u00e7inde ya\u015fad\u0131\u011f\u0131na inan\u0131lan eski Maya uygarl\u0131\u011f\u0131, tar\u0131m, yak\u0131t ve in\u015faat i\u00e7in toprak a\u00e7mak amac\u0131yla yayg\u0131n bir ormans\u0131zla\u015fmaya giri\u015fti. Bu ormanlar\u0131n kesilmesi, b\u00f6lgenin topra\u011f\u0131n\u0131n karbon tutma kapasitesi \u00fczerinde derin bir etki yaratt\u0131.<\/p>\n\n<h2 class=\"wp-block-heading\">\u00c7al\u0131\u015fman\u0131n Bulgular\u0131<\/h2>\n\n<p>Nature Geosciences&#8217;da yay\u0131nlanan yak\u0131n tarihli bir \u00e7al\u0131\u015fma, Maya ovalar\u0131ndan al\u0131nan toprak \u00f6rneklerini inceledi. Ara\u015ft\u0131rmac\u0131lar, topra\u011f\u0131n karbon ya\u015f\u0131n\u0131 g\u00f6steren bitkisel mumlar\u0131 analiz etti. Bulgular\u0131, ormanlar\u0131n kesilmesinin bitkisel mumlar\u0131n ya\u015flar\u0131nda \u00f6nemli bir azalmaya yol a\u00e7t\u0131\u011f\u0131n\u0131 ve bunun da zamanla topra\u011f\u0131n karbon tutma kapasitesinde bir azalma oldu\u011funu g\u00f6sterdi\u011fini ortaya koydu.<\/p>\n\n<h2 class=\"wp-block-heading\">Uzun Vadeli Etkiler<\/h2>\n\n<p>Mayalar taraf\u0131ndan temizlenen alanlarda ya\u011fmur ormanlar\u0131n\u0131n yeniden b\u00fcy\u00fcmesine ra\u011fmen, topra\u011f\u0131n karbon tutma kapasitesi 1.100 y\u0131l sonra bile tamamen iyile\u015fmedi. Bu, ormanlar\u0131n kesilmesinin ekosistemin i\u015fleyi\u015fi \u00fczerinde uzun vadeli etkilere sahip olabilece\u011fini ve buna iklim de\u011fi\u015fikli\u011fini azaltma yetene\u011fi de dahil oldu\u011funu g\u00f6stermektedir.<\/p>\n\n<h2 class=\"wp-block-heading\">\u0130klim De\u011fi\u015fikli\u011fi \u0130\u00e7in Etkileri<\/h2>\n\n<p>\u00c7al\u0131\u015fman\u0131n bulgular\u0131, iklim de\u011fi\u015fikli\u011fini azaltma stratejisi olarak yeniden ormanland\u0131rman\u0131n etkinli\u011fini anlamak i\u00e7in \u00f6nemlidir. Daha \u00f6nce, ikincil ormanlar\u0131n \u00f6nemli miktarlarda karbon tutabilece\u011fine inan\u0131l\u0131yordu. Ancak \u00e7al\u0131\u015fma, ormanlar\u0131n kesilmesinin uzun vadeli etkileri nedeniyle bu ormanlar\u0131n karbon tutma kapasitesinin s\u0131n\u0131rl\u0131 olabilece\u011fini \u00f6ne s\u00fcr\u00fcyor.<\/p>\n\n<h2 class=\"wp-block-heading\">Ya\u015fl\u0131 Ormanlar\u0131n \u00d6nemi<\/h2>\n\n<p>\u00c7al\u0131\u015fma, ikincil ormanlara g\u00f6re daha y\u00fcksek karbon tutma kapasitesine sahip olan kalan ya\u015fl\u0131 tropikal ormanlar\u0131 korumaman\u0131n \u00f6nemini vurgulamaktad\u0131r. Bu, koruma \u00e7abalar\u0131na \u00f6ncelik verme ve daha fazla ormans\u0131zla\u015fmay\u0131 en aza indirme ihtiyac\u0131n\u0131 vurgulamaktad\u0131r.<\/p>\n\n<h2 class=\"wp-block-heading\">Di\u011fer Tropik Ormanlar\u0131n Analizi<\/h2>\n\n<p>Ara\u015ft\u0131rmac\u0131lar, bulgular\u0131n\u0131n ormanlar\u0131n kesilmesinden etkilenen t\u00fcm tropik ormanlar i\u00e7in ge\u00e7erli olmayabilece\u011fini kabul ediyor. Gelecekteki ara\u015ft\u0131rmalar, di\u011fer b\u00f6lgelerde ormanlar\u0131n kesilmesinin ve tar\u0131m\u0131n karbon tutma \u00fczerindeki etkilerini inceleyecektir.<\/p>\n\n<h2 class=\"wp-block-heading\">Permafrost&#8217;un \u0130ncelenmesi<\/h2>\n\n<p>Bu \u00e7al\u0131\u015fmada kullan\u0131lan ayn\u0131 analiz tekni\u011fi, iklim de\u011fi\u015fikli\u011finin permafrost&#8217;un karbon tutma kapasitesi \u00fczerindeki etkisini ara\u015ft\u0131rmak i\u00e7in de kullan\u0131labilir. So\u011fuk b\u00f6lgelerde bulunan donmu\u015f toprak olan permafrost, \u00e7ok miktarda karbon i\u00e7erir. \u0130klim de\u011fi\u015fikli\u011finin permafrost&#8217;un karbon tutma kapasitesini nas\u0131l etkiledi\u011fini anlamak, gelecekteki iklim etkilerini tahmin etmek i\u00e7in \u00e7ok \u00f6nemlidir.<\/p>\n\n<h2 class=\"wp-block-heading\">Yeni Analiz Teknikleri<\/h2>\n\n<p>\u00c7al\u0131\u015fma, toprak ve atmosfer aras\u0131ndaki karbon d\u00f6ng\u00fcs\u00fcn\u00fc anlamam\u0131z\u0131 geli\u015ftirmek i\u00e7in yeni analiz tekniklerinin potansiyelini g\u00f6stermektedir. Bu teknikler, insan faaliyetleri ile ekosistem s\u00fcre\u00e7leri aras\u0131ndaki karma\u015f\u0131k etkile\u015fimler hakk\u0131nda de\u011ferli bilgiler sa\u011flar.<\/p>\n\n<h2 class=\"wp-block-heading\">Sonu\u00e7<\/h2>\n\n<p>Eski Maya uygarl\u0131\u011f\u0131n\u0131n ormanlar\u0131 kesmesi, y\u00fczy\u0131llar s\u00fcren yeniden b\u00fcy\u00fcmeden sonra bile topra\u011f\u0131n karbon tutma kapasitesi \u00fczerinde kal\u0131c\u0131 bir etkiye sahip olmu\u015ftur. \u00c7al\u0131\u015fma, ya\u015fl\u0131 ormanlar\u0131 koruma, yeniden ormanland\u0131rman\u0131n s\u0131n\u0131rlamalar\u0131n\u0131 dikkate alma ve ormanlar\u0131n kesilmesinin ve iklim de\u011fi\u015fikli\u011finin \u00e7e\u015fitli ekosistemlerdeki karbon tutma \u00fczerindeki etkilerini ara\u015ft\u0131rma ihtiyac\u0131n\u0131 vurgulamaktad\u0131r.<\/p>","protected":false},"excerpt":{"rendered":"<p>Antik Maya Ormanlar\u0131n\u0131n Kesilmesinin Topra\u011f\u0131n Karbon Tutma Kapasitesi \u00dczerindeki Kal\u0131c\u0131 Etkisi Ormanlar\u0131n Kesilmesi ve Maya Uygarl\u0131\u011f\u0131 Bir zamanlar do\u011fayla uyum i\u00e7inde ya\u015fad\u0131\u011f\u0131na inan\u0131lan eski Maya uygarl\u0131\u011f\u0131, tar\u0131m, yak\u0131t ve in\u015faat&hellip;<\/p>\n","protected":false},"author":6,"featured_media":0,"comment_status":"closed","ping_status":"","sticky":false,"template":"","format":"standard","meta":{"footnotes":""},"categories":[38],"tags":[18154,4739,845,6946,34,16067,876,7389],"class_list":["post-17012","post","type-post","status-publish","format-standard","hentry","category-environmental-science","tag-old-growth-forests","tag-permafrost","tag-ecosystem-impacts","tag-ancient-maya","tag-climate-change","tag-carbon-storage","tag-deforestation","tag-soil-science"],"_links":{"self":[{"href":"https:\/\/www.lifescienceart.com\/tr\/wp-json\/wp\/v2\/posts\/17012","targetHints":{"allow":["GET"]}}],"collection":[{"href":"https:\/\/www.lifescienceart.com\/tr\/wp-json\/wp\/v2\/posts"}],"about":[{"href":"https:\/\/www.lifescienceart.com\/tr\/wp-json\/wp\/v2\/types\/post"}],"author":[{"embeddable":true,"href":"https:\/\/www.lifescienceart.com\/tr\/wp-json\/wp\/v2\/users\/6"}],"replies":[{"embeddable":true,"href":"https:\/\/www.lifescienceart.com\/tr\/wp-json\/wp\/v2\/comments?post=17012"}],"version-history":[{"count":1,"href":"https:\/\/www.lifescienceart.com\/tr\/wp-json\/wp\/v2\/posts\/17012\/revisions"}],"predecessor-version":[{"id":17013,"href":"https:\/\/www.lifescienceart.com\/tr\/wp-json\/wp\/v2\/posts\/17012\/revisions\/17013"}],"wp:attachment":[{"href":"https:\/\/www.lifescienceart.com\/tr\/wp-json\/wp\/v2\/media?parent=17012"}],"wp:term":[{"taxonomy":"category","embeddable":true,"href":"https:\/\/www.lifescienceart.com\/tr\/wp-json\/wp\/v2\/categories?post=17012"},{"taxonomy":"post_tag","embeddable":true,"href":"https:\/\/www.lifescienceart.com\/tr\/wp-json\/wp\/v2\/tags?post=17012"}],"curies":[{"name":"wp","href":"https:\/\/api.w.org\/{rel}","templated":true}]}}